{"id":3913,"date":"2014-03-19T16:56:27","date_gmt":"2014-03-19T19:56:27","guid":{"rendered":"http:\/\/www.atecordoba.org\/?p=3913"},"modified":"2014-03-19T16:56:27","modified_gmt":"2014-03-19T19:56:27","slug":"dos-integrantes-de-sep-patotean-a-delegado-de-ate","status":"publish","type":"post","link":"https:\/\/atecordoba.org\/?p=3913","title":{"rendered":"Dos integrantes de SEP patotean a delegado de ATE"},"content":{"rendered":"<p><em>El delegado de ATE en el hospital Tr\u00e1nsito C\u00e1ceres de Allende, Eduardo Pereyra, fue agredido y amenazado de muerte por un delegado y un ex delegado de SEP hoy al mediod\u00eda. ATE repudia la agresi\u00f3n y contin\u00faa promoviendo la normal convivencia entre los gremios estatales.\u00a0<\/em><\/p>\n<p style=\"text-align: center;\"><a href=\"http:\/\/www.atecordoba.org\/wp-content\/uploads\/2014\/03\/100_7737.png\"><img loading=\"lazy\" decoding=\"async\" class=\"aligncenter  wp-image-3914\" alt=\"100_7737\" src=\"http:\/\/www.atecordoba.org\/wp-content\/uploads\/2014\/03\/100_7737.png\" width=\"560\" height=\"419\" \/><\/a><\/p>\n<p>El penoso hecho sucedi\u00f3 en el interior del centro de salud, despu\u00e9s que Pereyra denunciara ante el director, Felix Revol, el cobro indebido del estacionamiento a los trabajadores del organismo, de parte de Cristian Z\u00e1rate y Alberto Mart\u00ednez, delegado del SEP y ex delegado de dicho gremio respectivamente.<\/p>\n<p>Pereyra fue agredido en un pasillo del hospital por Mart\u00ednez, quien le propin\u00f3 un cabezazo en la nariz, despu\u00e9s de enterarse de la denuncia realizada ante el director, adem\u00e1s de insultarlo y amenazarlo de muerte a Pereyra y a sus hijos. Mientras esto suced\u00eda, Z\u00e1rate manten\u00eda retenido a Pereyra para que no pudiera escapar de la agresi\u00f3n, al tiempo que tambi\u00e9n lo amenazaba.<\/p>\n<p>Revol fue testigo presencial de la agresi\u00f3n, ya que ven\u00eda caminando con Z\u00e1rate por una escalera que desciende de la direcci\u00f3n instantes antes de suceder la patoteada.<\/p>\n<p>Posteriormente, Pereyra, que le recrimin\u00f3 a Revol la situaci\u00f3n, haci\u00e9ndolo responsable de la agresi\u00f3n e intim\u00e1ndolo a que tome las medidas pertinentes. Acto seguido, el delegado de ATE\u00a0a la guardia del hospital donde fue asistido.<\/p>\n<p>Vale se\u00f1alar que en el lugar hay una c\u00e1mara de video que filma el pasillo y est\u00e1 conectada a la direcci\u00f3n por lo cual Pereyra requiri\u00f3 verbalmente la filmaci\u00f3n a Revol.<\/p>\n<p>Seg\u00fan el diagn\u00f3stico firmado por el m\u00e9dico Carlos Mulqui, como resultado de la agresi\u00f3n Pereyra result\u00f3 con Traumatismo nasal y epitasis leve, con riesgo de fractura por lo que el compa\u00f1ero debi\u00f3 realizarse una placa y derivado para una TAC de cr\u00e1neo por cefalea.<\/p>\n<p>ATE repudia esta cobarde agresi\u00f3n e insta a la normal convivencia entre las organizaciones gremiales que representan a los trabajadores del sector. Sin hacer responsable a la conducci\u00f3n del SEP de este triste hecho, solicita fraternalmente a los compa\u00f1eros de ese gremio que instrumenten las medidas necesarias para que no se repita otra agresi\u00f3n. En tanto, el compa\u00f1ero Pereyra\u00a0realizar\u00e1 la denuncia en la comisaria correspondiente.<\/p>\n<p>Para ma\u00f1ana est\u00e1 previsto la realizaci\u00f3n de una asamblea en el hospital a los efectos de tratar la situaci\u00f3n derivada de la agresi\u00f3n.<\/p>\n<p style=\"text-align: center;\"><a href=\"http:\/\/www.atecordoba.org\/wp-content\/uploads\/2014\/03\/diagn\u00f3stico2.png\"><img loading=\"lazy\" decoding=\"async\" class=\"aligncenter size-full wp-image-3922\" alt=\"diagn\u00f3stico2\" src=\"http:\/\/www.atecordoba.org\/wp-content\/uploads\/2014\/03\/diagn\u00f3stico2.png\" width=\"558\" height=\"411\" \/><\/a><\/p>\n","protected":false},"excerpt":{"rendered":"<p>El delegado de ATE en el hospital Tr\u00e1nsito C\u00e1ceres de Allende, Eduardo Pereyra, fue agredido y amenazado de muerte por un delegado y un ex delegado de SEP hoy al mediod\u00eda. ATE repudia la agresi\u00f3n y contin\u00faa promoviendo la normal convivencia entre los gremios estatales.\u00a0 El penoso hecho sucedi\u00f3 en el interior del centro de [&hellip;]<\/p>\n","protected":false},"author":1,"featured_media":19220,"comment_status":"open","ping_status":"open","sticky":false,"template":"","format":"standard","meta":{"_exactmetrics_skip_tracking":false,"_exactmetrics_sitenote_active":false,"_exactmetrics_sitenote_note":"","_exactmetrics_sitenote_category":0,"jnews-multi-image_gallery":[],"jnews_single_post":[],"jnews_primary_category":[],"jnews_social_meta":[],"jnews_review":[],"enable_review":"","type":"","name":"","summary":"","brand":"","sku":"","good":[],"bad":[],"score_override":"","override_value":"","rating":[],"price":[],"jnews_override_counter":[],"jnews_post_split":[],"footnotes":""},"categories":[7,8],"tags":[],"class_list":["post-3913","post","type-post","status-publish","format-standard","has-post-thumbnail","hentry","category-hospitales","category-provinciales"],"jetpack_featured_media_url":"https:\/\/atecordoba.org\/wp-content\/uploads\/2020\/05\/logo-nuevochico-e1561581322808.png","_links":{"self":[{"href":"https:\/\/atecordoba.org\/index.php?rest_route=\/wp\/v2\/posts\/3913","targetHints":{"allow":["GET"]}}],"collection":[{"href":"https:\/\/atecordoba.org\/index.php?rest_route=\/wp\/v2\/posts"}],"about":[{"href":"https:\/\/atecordoba.org\/index.php?rest_route=\/wp\/v2\/types\/post"}],"author":[{"embeddable":true,"href":"https:\/\/atecordoba.org\/index.php?rest_route=\/wp\/v2\/users\/1"}],"replies":[{"embeddable":true,"href":"https:\/\/atecordoba.org\/index.php?rest_route=%2Fwp%2Fv2%2Fcomments&post=3913"}],"version-history":[{"count":0,"href":"https:\/\/atecordoba.org\/index.php?rest_route=\/wp\/v2\/posts\/3913\/revisions"}],"wp:featuredmedia":[{"embeddable":true,"href":"https:\/\/atecordoba.org\/index.php?rest_route=\/wp\/v2\/media\/19220"}],"wp:attachment":[{"href":"https:\/\/atecordoba.org\/index.php?rest_route=%2Fwp%2Fv2%2Fmedia&parent=3913"}],"wp:term":[{"taxonomy":"category","embeddable":true,"href":"https:\/\/atecordoba.org\/index.php?rest_route=%2Fwp%2Fv2%2Fcategories&post=3913"},{"taxonomy":"post_tag","embeddable":true,"href":"https:\/\/atecordoba.org\/index.php?rest_route=%2Fwp%2Fv2%2Ftags&post=3913"}],"curies":[{"name":"wp","href":"https:\/\/api.w.org\/{rel}","templated":true}]}}