{"id":39122,"date":"2023-09-26T14:09:36","date_gmt":"2023-09-26T17:09:36","guid":{"rendered":"https:\/\/atecordoba.org\/?p=39122"},"modified":"2023-09-26T14:28:30","modified_gmt":"2023-09-26T17:28:30","slug":"anisacate-masiva-votacion-consagra-el-cuerpo-de-delegadxs-de-ate","status":"publish","type":"post","link":"https:\/\/atecordoba.org\/?p=39122","title":{"rendered":"Anisacate: masiva votaci\u00f3n consagra el cuerpo de delegadxs de ATE"},"content":{"rendered":"<div class=\"wp-block-image\">\n<figure class=\"aligncenter size-full\"><img decoding=\"async\" src=\"https:\/\/atecordoba.org\/wp-content\/uploads\/2023\/09\/delegadosanisacatecaras-1.jpg\" alt=\"\" class=\"wp-image-39124\" \/><\/figure>\n<\/div>\n\n\n<p>hoy se realiz\u00f3 por primera vez en Anisacate la elecci\u00f3n de delegados de la municipalidad de dicha localidad. con una masiva participaci\u00f3n, que alcanz\u00f3 a las y los 240 votantes, se consagr\u00f3 a cuatro compa\u00f1eros y compa\u00f1eras como representantes de de ATE en el sector, de los ocho postulantes que se candidatearon. <\/p>\n\n\n\n<p>Cabe destacar que, por com\u00fan acuerdo, se eligieron dos compa\u00f1eros y dos compa\u00f1eras para mantener la paridad de g\u00e9nero. <\/p>\n\n\n\n<p>De esta forma, tendr\u00e1n mandato por los pr\u00f3ximos dos a\u00f1os Anal\u00eda del Valle Guerrero, Mary Marquez, Nelson Avila y Rodrigo Peralta.<\/p>\n\n\n\n<p>ATE es la organizaci\u00f3n mayoritaria entre los municipales de la localidad y tiene como prioritario en la agenda de reclamos la necesidad de avanzar en la mejora de las condiciones contractuales en el Municipio, dado el nivel de precarizaci\u00f3n existente.<\/p>\n\n\n\n<p>Como ya hab\u00eda adelantado el secretario General de ATE C\u00f3rdoba, Federico Giuliani, <a href=\"https:\/\/atecordoba.org\/?p=38345\">en ocasi\u00f3n de realizar una asamblea en el sector<\/a>, \u201ctenemos que hablar de salarios en octubre porque los aumentos ya los dieron con el otro gremio, ac\u00e1 competimos con el gremio de municipales de Alta Gracia y hoy ATE es mayor\u00eda en Anisacate, con m\u00e1s de 80 afiliaciones. En ese sentido planteamos discutir el bono de fin de a\u00f1o para que realmente les sirva a las y los compa\u00f1eros\u201d.<\/p>\n\n\n<div class=\"wp-block-image\">\n<figure class=\"aligncenter size-large is-resized\"><img loading=\"lazy\" decoding=\"async\" src=\"https:\/\/atecordoba.org\/wp-content\/uploads\/2023\/09\/delegadosanisacate-576x1024.jpg\" alt=\"\" class=\"wp-image-39125\" width=\"432\" height=\"768\" srcset=\"https:\/\/atecordoba.org\/wp-content\/uploads\/2023\/09\/delegadosanisacate-576x1024.jpg 576w, https:\/\/atecordoba.org\/wp-content\/uploads\/2023\/09\/delegadosanisacate-169x300.jpg 169w, https:\/\/atecordoba.org\/wp-content\/uploads\/2023\/09\/delegadosanisacate-768x1365.jpg 768w, https:\/\/atecordoba.org\/wp-content\/uploads\/2023\/09\/delegadosanisacate-864x1536.jpg 864w, https:\/\/atecordoba.org\/wp-content\/uploads\/2023\/09\/delegadosanisacate-750x1333.jpg 750w, https:\/\/atecordoba.org\/wp-content\/uploads\/2023\/09\/delegadosanisacate.jpg 900w\" sizes=\"auto, (max-width: 432px) 100vw, 432px\" \/><\/figure>\n<\/div>","protected":false},"excerpt":{"rendered":"<p>hoy se realiz\u00f3 por primera vez en Anisacate la elecci\u00f3n de delegados de la municipalidad de dicha localidad. con una masiva participaci\u00f3n, que alcanz\u00f3 a las y los 240 votantes, se consagr\u00f3 a cuatro compa\u00f1eros y compa\u00f1eras como representantes de de ATE en el sector, de los ocho postulantes que se candidatearon. Cabe destacar que, [&hellip;]<\/p>\n","protected":false},"author":7,"featured_media":39127,"comment_status":"open","ping_status":"open","sticky":false,"template":"","format":"standard","meta":{"_exactmetrics_skip_tracking":false,"_exactmetrics_sitenote_active":false,"_exactmetrics_sitenote_note":"","_exactmetrics_sitenote_category":0,"jnews-multi-image_gallery":[],"jnews_single_post":{"subtitle":"Por com\u00fan acuerdo, se eligieron dos compa\u00f1eros y dos compa\u00f1eras para mantener la paridad de g\u00e9nero. De esta forma, tendr\u00e1n mandato por los pr\u00f3ximos dos a\u00f1os Anal\u00eda del Valle Guerrero, Mary Marquez, Nelson Avila y Rodrigo Peralta. El proceso electoral fue garantizado por Javier Bracamonte, secretario de organizaci\u00f3n electo.","format":"standard","video":"","gallery":"","source_name":"","source_url":"","via_name":"","via_url":"","override_template":"0","override":[{"template":"1","single_blog_custom":"","parallax":"1","fullscreen":"1","layout":"no-sidebar-narrow","sidebar":"default-sidebar","second_sidebar":"default-sidebar","sticky_sidebar":"1","share_position":"bottom","share_float_style":"share-monocrhome","show_share_counter":"1","show_view_counter":"1","show_featured":"0","show_post_meta":"1","show_post_author":"0","show_post_author_image":"1","show_post_date":"1","post_date_format":"default","post_date_format_custom":"Y\/m\/d","show_post_category":"1","show_post_reading_time":"0","post_reading_time_wpm":"300","show_zoom_button":"0","zoom_button_out_step":"2","zoom_button_in_step":"3","show_post_tag":"1","show_prev_next_post":"0","show_popup_post":"0","number_popup_post":"1","show_author_box":"0","show_post_related":"1","show_inline_post_related":"0"}],"override_image_size":"0","image_override":[{"single_post_thumbnail_size":"crop-500","single_post_gallery_size":"crop-500"}],"trending_post":"0","trending_post_position":"meta","trending_post_label":"Trending","sponsored_post":"0","sponsored_post_label":"Sponsored by","sponsored_post_name":"","sponsored_post_url":"","sponsored_post_logo_enable":"0","sponsored_post_logo":"","sponsored_post_desc":"","disable_ad":"0"},"jnews_primary_category":{"id":"","hide":""},"jnews_social_meta":{"fb_title":"","fb_description":"","fb_image":"","twitter_title":"","twitter_description":"","twitter_image":""},"jnews_review":[],"enable_review":"0","type":"percentage","name":"","summary":"","brand":"","sku":"","good":[{"good_text":""}],"bad":[{"bad_text":""}],"score_override":"","override_value":"","rating":[{"rating_text":"","rating_number":"10"}],"price":[{"shop":"","price":"","link":"","icon":""}],"jnews_override_counter":{"override_view_counter":"0","view_counter_number":"0","override_share_counter":"0","share_counter_number":"0","override_like_counter":"0","like_counter_number":"0","override_dislike_counter":"0","dislike_counter_number":"0"},"jnews_post_split":{"enable_post_split":"0","post_split":[{"template":"1","tag":"h2","numbering":"asc","mode":"normal","first":"0","enable_toc":"0","toc_type":"normal"}]},"footnotes":""},"categories":[20],"tags":[],"class_list":["post-39122","post","type-post","status-publish","format-standard","has-post-thumbnail","hentry","category-municipales"],"jetpack_featured_media_url":"https:\/\/atecordoba.org\/wp-content\/uploads\/2023\/09\/delegadosanisacatecaras-2-e1695748254893.jpg","_links":{"self":[{"href":"https:\/\/atecordoba.org\/index.php?rest_route=\/wp\/v2\/posts\/39122","targetHints":{"allow":["GET"]}}],"collection":[{"href":"https:\/\/atecordoba.org\/index.php?rest_route=\/wp\/v2\/posts"}],"about":[{"href":"https:\/\/atecordoba.org\/index.php?rest_route=\/wp\/v2\/types\/post"}],"author":[{"embeddable":true,"href":"https:\/\/atecordoba.org\/index.php?rest_route=\/wp\/v2\/users\/7"}],"replies":[{"embeddable":true,"href":"https:\/\/atecordoba.org\/index.php?rest_route=%2Fwp%2Fv2%2Fcomments&post=39122"}],"version-history":[{"count":1,"href":"https:\/\/atecordoba.org\/index.php?rest_route=\/wp\/v2\/posts\/39122\/revisions"}],"predecessor-version":[{"id":39126,"href":"https:\/\/atecordoba.org\/index.php?rest_route=\/wp\/v2\/posts\/39122\/revisions\/39126"}],"wp:featuredmedia":[{"embeddable":true,"href":"https:\/\/atecordoba.org\/index.php?rest_route=\/wp\/v2\/media\/39127"}],"wp:attachment":[{"href":"https:\/\/atecordoba.org\/index.php?rest_route=%2Fwp%2Fv2%2Fmedia&parent=39122"}],"wp:term":[{"taxonomy":"category","embeddable":true,"href":"https:\/\/atecordoba.org\/index.php?rest_route=%2Fwp%2Fv2%2Fcategories&post=39122"},{"taxonomy":"post_tag","embeddable":true,"href":"https:\/\/atecordoba.org\/index.php?rest_route=%2Fwp%2Fv2%2Ftags&post=39122"}],"curies":[{"name":"wp","href":"https:\/\/api.w.org\/{rel}","templated":true}]}}