{"id":39119,"date":"2023-09-26T11:13:28","date_gmt":"2023-09-26T14:13:28","guid":{"rendered":"https:\/\/atecordoba.org\/?p=39119"},"modified":"2023-09-26T11:13:29","modified_gmt":"2023-09-26T14:13:29","slug":"encuentro-nacional-antirrepresivo","status":"publish","type":"post","link":"https:\/\/atecordoba.org\/?p=39119","title":{"rendered":"Encuentro Nacional Antirrepresivo"},"content":{"rendered":"<div class=\"wp-block-image\">\n<figure class=\"aligncenter size-full\"><img loading=\"lazy\" decoding=\"async\" width=\"690\" height=\"302\" src=\"https:\/\/atecordoba.org\/wp-content\/uploads\/2023\/09\/logo_encuentro_memoria_verdad_y_justicia_apaisado.jpg\" alt=\"\" class=\"wp-image-39120\" srcset=\"https:\/\/atecordoba.org\/wp-content\/uploads\/2023\/09\/logo_encuentro_memoria_verdad_y_justicia_apaisado.jpg 690w, https:\/\/atecordoba.org\/wp-content\/uploads\/2023\/09\/logo_encuentro_memoria_verdad_y_justicia_apaisado-300x131.jpg 300w\" sizes=\"auto, (max-width: 690px) 100vw, 690px\" \/><\/figure>\n<\/div>\n\n\n<p>Ante la crisis inflacionaria que se agudiza cada d\u00eda, frente al hambre y el malestar social creciente, sumado al resultado electoral de candidatos que promueven la destrucci\u00f3n del Estado y la puesta del pa\u00eds al servicio del FMI y el capital concentrado, el Encuentro Memoria, Verdad y Justicia realizar\u00e1 un plenario nacional Antirrepresivo por los Derechos Humanos.<\/p>\n\n\n\n<p>ATE C\u00f3rdoba adhiere a la convocatoria, que se realizar\u00e1 este s\u00e1bado 30 de septiembre en la Capital Federal, en la sede de la Facultad de Sociales dela UBA (Santiago del Estero 1029), con la certeza &#8220;que la participaci\u00f3n ser\u00e1 un aporte a las respuestas colectivas que necesitamos construir&#8221;, como reza el comunicado de difusi\u00f3n. <\/p>\n\n\n\n<p>Intercambiar ideas sobre esta dif\u00edcil coyuntura y articular iniciativas en unidad forman parte de de las herramientas necesarias para las organizaciones libres del pueblo y el conjunto del pueblo. <\/p>\n\n\n\n<p>Sobre todo en un contexto donde gobiernos recortan las libertades y derechos democr\u00e1ticos con m\u00e1s criminalizaci\u00f3n de la protesta  social, como es el caso de C\u00f3rdoba, y el negacionismo encuentra tribunas para proponer debates ya superados por nuestro pa\u00eds. <\/p>\n\n\n\n<p>Convencidos que frente a la ofensiva represiva el pueblo responde con lucha, como es el caso m\u00e1s reciente de Jujuy, desde ATE C\u00f3rdoba saludamos la iniciativa.<\/p>\n","protected":false},"excerpt":{"rendered":"<p>Ante la crisis inflacionaria que se agudiza cada d\u00eda, frente al hambre y el malestar social creciente, sumado al resultado electoral de candidatos que promueven la destrucci\u00f3n del Estado y la puesta del pa\u00eds al servicio del FMI y el capital concentrado, el Encuentro Memoria, Verdad y Justicia realizar\u00e1 un plenario nacional Antirrepresivo por los [&hellip;]<\/p>\n","protected":false},"author":7,"featured_media":39120,"comment_status":"open","ping_status":"open","sticky":false,"template":"","format":"standard","meta":{"_exactmetrics_skip_tracking":false,"_exactmetrics_sitenote_active":false,"_exactmetrics_sitenote_note":"","_exactmetrics_sitenote_category":0,"jnews-multi-image_gallery":[],"jnews_single_post":{"subtitle":"ATE C\u00f3rdoba adhiere a la convocatoria, que se realizar\u00e1 este s\u00e1bado 30 de septiembre en la Capital Federal, en la sede de la Facultad de Sociales dela UBA (Santiago del Estero 1029), con la certeza \"que la participaci\u00f3n ser\u00e1 un aporte a las respuestas colectivas que necesitamos construir\".","format":"standard","video":"","gallery":"","source_name":"","source_url":"","via_name":"","via_url":"","override_template":"0","override":[{"template":"1","single_blog_custom":"","parallax":"1","fullscreen":"1","layout":"no-sidebar-narrow","sidebar":"default-sidebar","second_sidebar":"default-sidebar","sticky_sidebar":"1","share_position":"bottom","share_float_style":"share-monocrhome","show_share_counter":"1","show_view_counter":"1","show_featured":"0","show_post_meta":"1","show_post_author":"0","show_post_author_image":"1","show_post_date":"1","post_date_format":"default","post_date_format_custom":"Y\/m\/d","show_post_category":"1","show_post_reading_time":"0","post_reading_time_wpm":"300","show_zoom_button":"0","zoom_button_out_step":"2","zoom_button_in_step":"3","show_post_tag":"1","show_prev_next_post":"0","show_popup_post":"0","number_popup_post":"1","show_author_box":"0","show_post_related":"1","show_inline_post_related":"0"}],"override_image_size":"0","image_override":[{"single_post_thumbnail_size":"crop-500","single_post_gallery_size":"crop-500"}],"trending_post":"0","trending_post_position":"meta","trending_post_label":"Trending","sponsored_post":"0","sponsored_post_label":"Sponsored by","sponsored_post_name":"","sponsored_post_url":"","sponsored_post_logo_enable":"0","sponsored_post_logo":"","sponsored_post_desc":"","disable_ad":"0"},"jnews_primary_category":{"id":"","hide":""},"jnews_social_meta":{"fb_title":"","fb_description":"","fb_image":"","twitter_title":"","twitter_description":"","twitter_image":""},"jnews_review":[],"enable_review":"0","type":"percentage","name":"","summary":"","brand":"","sku":"","good":[{"good_text":""}],"bad":[{"bad_text":""}],"score_override":"","override_value":"","rating":[{"rating_text":"","rating_number":"10"}],"price":[{"shop":"","price":"","link":"","icon":""}],"jnews_override_counter":{"override_view_counter":"0","view_counter_number":"0","override_share_counter":"0","share_counter_number":"0","override_like_counter":"0","like_counter_number":"0","override_dislike_counter":"0","dislike_counter_number":"0"},"jnews_post_split":{"enable_post_split":"0","post_split":[{"template":"1","tag":"h2","numbering":"asc","mode":"normal","first":"0","enable_toc":"0","toc_type":"normal"}]},"footnotes":""},"categories":[10],"tags":[],"class_list":["post-39119","post","type-post","status-publish","format-standard","has-post-thumbnail","hentry","category-accion-politica"],"jetpack_featured_media_url":"https:\/\/atecordoba.org\/wp-content\/uploads\/2023\/09\/logo_encuentro_memoria_verdad_y_justicia_apaisado.jpg","_links":{"self":[{"href":"https:\/\/atecordoba.org\/index.php?rest_route=\/wp\/v2\/posts\/39119","targetHints":{"allow":["GET"]}}],"collection":[{"href":"https:\/\/atecordoba.org\/index.php?rest_route=\/wp\/v2\/posts"}],"about":[{"href":"https:\/\/atecordoba.org\/index.php?rest_route=\/wp\/v2\/types\/post"}],"author":[{"embeddable":true,"href":"https:\/\/atecordoba.org\/index.php?rest_route=\/wp\/v2\/users\/7"}],"replies":[{"embeddable":true,"href":"https:\/\/atecordoba.org\/index.php?rest_route=%2Fwp%2Fv2%2Fcomments&post=39119"}],"version-history":[{"count":1,"href":"https:\/\/atecordoba.org\/index.php?rest_route=\/wp\/v2\/posts\/39119\/revisions"}],"predecessor-version":[{"id":39121,"href":"https:\/\/atecordoba.org\/index.php?rest_route=\/wp\/v2\/posts\/39119\/revisions\/39121"}],"wp:featuredmedia":[{"embeddable":true,"href":"https:\/\/atecordoba.org\/index.php?rest_route=\/wp\/v2\/media\/39120"}],"wp:attachment":[{"href":"https:\/\/atecordoba.org\/index.php?rest_route=%2Fwp%2Fv2%2Fmedia&parent=39119"}],"wp:term":[{"taxonomy":"category","embeddable":true,"href":"https:\/\/atecordoba.org\/index.php?rest_route=%2Fwp%2Fv2%2Fcategories&post=39119"},{"taxonomy":"post_tag","embeddable":true,"href":"https:\/\/atecordoba.org\/index.php?rest_route=%2Fwp%2Fv2%2Ftags&post=39119"}],"curies":[{"name":"wp","href":"https:\/\/api.w.org\/{rel}","templated":true}]}}