{"id":39112,"date":"2023-09-26T10:28:32","date_gmt":"2023-09-26T13:28:32","guid":{"rendered":"https:\/\/atecordoba.org\/?p=39112"},"modified":"2023-09-26T10:30:33","modified_gmt":"2023-09-26T13:30:33","slug":"ate-debate-con-sindicatos-sobre-la-administracion-publica-y-el-escenario-politico-en-la-unc","status":"publish","type":"post","link":"https:\/\/atecordoba.org\/?p=39112","title":{"rendered":"ATE debate con sindicatos sobre la Administraci\u00f3n P\u00fablica y el escenario pol\u00edtico en la UNC"},"content":{"rendered":"<div class=\"wp-block-image\">\n<figure class=\"aligncenter size-large is-resized\"><img loading=\"lazy\" decoding=\"async\" src=\"https:\/\/atecordoba.org\/wp-content\/uploads\/2023\/09\/flyer_mesa_fede-1024x1024.jpg\" alt=\"\" class=\"wp-image-39113\" width=\"768\" height=\"768\" srcset=\"https:\/\/atecordoba.org\/wp-content\/uploads\/2023\/09\/flyer_mesa_fede-1024x1024.jpg 1024w, https:\/\/atecordoba.org\/wp-content\/uploads\/2023\/09\/flyer_mesa_fede-300x300.jpg 300w, https:\/\/atecordoba.org\/wp-content\/uploads\/2023\/09\/flyer_mesa_fede-150x150.jpg 150w, https:\/\/atecordoba.org\/wp-content\/uploads\/2023\/09\/flyer_mesa_fede-768x768.jpg 768w, https:\/\/atecordoba.org\/wp-content\/uploads\/2023\/09\/flyer_mesa_fede-560x560.jpg 560w, https:\/\/atecordoba.org\/wp-content\/uploads\/2023\/09\/flyer_mesa_fede-75x75.jpg 75w, https:\/\/atecordoba.org\/wp-content\/uploads\/2023\/09\/flyer_mesa_fede-350x350.jpg 350w, https:\/\/atecordoba.org\/wp-content\/uploads\/2023\/09\/flyer_mesa_fede-750x750.jpg 750w, https:\/\/atecordoba.org\/wp-content\/uploads\/2023\/09\/flyer_mesa_fede.jpg 1080w\" sizes=\"auto, (max-width: 768px) 100vw, 768px\" \/><\/figure>\n<\/div>\n\n\n<p>Organizado por la Facultad de Ciencias Sociales de la Universidad Nacional de C\u00f3rdoba, ma\u00f1ana se realizar\u00e1 una charla abierta a las 18 horas en el aula 5 de la casa de estudios denominada &#8220;Administraci\u00f3n P\u00fablica y escenarios actuales: Un relevamiento de los nudos cr\u00edticos desde las voces de sus protagonistas trabajadorxs organizadxs&#8221;.<\/p>\n\n\n\n<p>En la ocasi\u00f3n estar\u00e1 participando el secretario General de ATE C\u00f3rdoba, Federico Giuliani, junto a Leticia Medina (ADIUC &#8211; Intersindical de Mujeres), Juan Monserrat (UEPC) y Gast\u00f3n Vecchiani (UTS).<\/p>\n\n\n\n<p>Est\u00e1n todas y todos invitados. La convocatoria es en Avenida Valpara\u00edso s\/n, Ciudad Universitaria.<\/p>\n\n\n\n<p>Mapa con la ubicaci\u00f3n en el siguiente enlace <a href=\"https:\/\/maps.app.goo.gl\/VELYHmtBmxhAVNSJA\">https:\/\/maps.app.goo.gl\/VELYHmtBmxhAVNSJA<\/a><\/p>\n\n\n<div class=\"wp-block-image\">\n<figure class=\"aligncenter size-full\"><img loading=\"lazy\" decoding=\"async\" width=\"738\" height=\"440\" src=\"https:\/\/atecordoba.org\/wp-content\/uploads\/2023\/09\/mapa-UNC.png\" alt=\"\" class=\"wp-image-39117\" srcset=\"https:\/\/atecordoba.org\/wp-content\/uploads\/2023\/09\/mapa-UNC.png 738w, https:\/\/atecordoba.org\/wp-content\/uploads\/2023\/09\/mapa-UNC-300x179.png 300w\" sizes=\"auto, (max-width: 738px) 100vw, 738px\" \/><\/figure>\n<\/div>\n\n\n<p><\/p>\n","protected":false},"excerpt":{"rendered":"<p>Organizado por la Facultad de Ciencias Sociales de la Universidad Nacional de C\u00f3rdoba, ma\u00f1ana se realizar\u00e1 una charla abierta a las 18 horas en el aula 5 de la casa de estudios denominada &#8220;Administraci\u00f3n P\u00fablica y escenarios actuales: Un relevamiento de los nudos cr\u00edticos desde las voces de sus protagonistas trabajadorxs organizadxs&#8221;. En la ocasi\u00f3n [&hellip;]<\/p>\n","protected":false},"author":7,"featured_media":39114,"comment_status":"open","ping_status":"open","sticky":false,"template":"","format":"standard","meta":{"_exactmetrics_skip_tracking":false,"_exactmetrics_sitenote_active":false,"_exactmetrics_sitenote_note":"","_exactmetrics_sitenote_category":0,"jnews-multi-image_gallery":[],"jnews_single_post":{"subtitle":"Estar\u00e1 participando el secretario General de ATE C\u00f3rdoba, Federico Giuliani, junto a Leticia Medina (ADIUC - Intersindical de Mujeres), Juan Monserrat (UEPC) y Gast\u00f3n Vecchiani (UTS).","format":"standard","video":"","gallery":"","source_name":"","source_url":"","via_name":"","via_url":"","override_template":"0","override":[{"template":"1","single_blog_custom":"","parallax":"1","fullscreen":"1","layout":"no-sidebar-narrow","sidebar":"default-sidebar","second_sidebar":"default-sidebar","sticky_sidebar":"1","share_position":"bottom","share_float_style":"share-monocrhome","show_share_counter":"1","show_view_counter":"1","show_featured":"0","show_post_meta":"1","show_post_author":"0","show_post_author_image":"1","show_post_date":"1","post_date_format":"default","post_date_format_custom":"Y\/m\/d","show_post_category":"1","show_post_reading_time":"0","post_reading_time_wpm":"300","show_zoom_button":"0","zoom_button_out_step":"2","zoom_button_in_step":"3","show_post_tag":"1","show_prev_next_post":"0","show_popup_post":"0","number_popup_post":"1","show_author_box":"0","show_post_related":"1","show_inline_post_related":"0"}],"override_image_size":"0","image_override":[{"single_post_thumbnail_size":"crop-500","single_post_gallery_size":"crop-500"}],"trending_post":"0","trending_post_position":"meta","trending_post_label":"Trending","sponsored_post":"0","sponsored_post_label":"Sponsored by","sponsored_post_name":"","sponsored_post_url":"","sponsored_post_logo_enable":"0","sponsored_post_logo":"","sponsored_post_desc":"","disable_ad":"0"},"jnews_primary_category":{"id":"","hide":""},"jnews_social_meta":{"fb_title":"","fb_description":"","fb_image":"","twitter_title":"","twitter_description":"","twitter_image":""},"jnews_review":[],"enable_review":"0","type":"percentage","name":"","summary":"","brand":"","sku":"","good":[{"good_text":""}],"bad":[{"bad_text":""}],"score_override":"","override_value":"","rating":[{"rating_text":"","rating_number":"10"}],"price":[{"shop":"","price":"","link":"","icon":""}],"jnews_override_counter":{"override_view_counter":"0","view_counter_number":"0","override_share_counter":"0","share_counter_number":"0","override_like_counter":"0","like_counter_number":"0","override_dislike_counter":"0","dislike_counter_number":"0"},"jnews_post_split":{"enable_post_split":"0","post_split":[{"template":"1","tag":"h2","numbering":"asc","mode":"normal","first":"0","enable_toc":"0","toc_type":"normal"}]},"footnotes":""},"categories":[10],"tags":[],"class_list":["post-39112","post","type-post","status-publish","format-standard","has-post-thumbnail","hentry","category-accion-politica"],"jetpack_featured_media_url":"https:\/\/atecordoba.org\/wp-content\/uploads\/2023\/09\/flyer_mesa_fede_portada-e1695734906373.jpg","_links":{"self":[{"href":"https:\/\/atecordoba.org\/index.php?rest_route=\/wp\/v2\/posts\/39112","targetHints":{"allow":["GET"]}}],"collection":[{"href":"https:\/\/atecordoba.org\/index.php?rest_route=\/wp\/v2\/posts"}],"about":[{"href":"https:\/\/atecordoba.org\/index.php?rest_route=\/wp\/v2\/types\/post"}],"author":[{"embeddable":true,"href":"https:\/\/atecordoba.org\/index.php?rest_route=\/wp\/v2\/users\/7"}],"replies":[{"embeddable":true,"href":"https:\/\/atecordoba.org\/index.php?rest_route=%2Fwp%2Fv2%2Fcomments&post=39112"}],"version-history":[{"count":2,"href":"https:\/\/atecordoba.org\/index.php?rest_route=\/wp\/v2\/posts\/39112\/revisions"}],"predecessor-version":[{"id":39118,"href":"https:\/\/atecordoba.org\/index.php?rest_route=\/wp\/v2\/posts\/39112\/revisions\/39118"}],"wp:featuredmedia":[{"embeddable":true,"href":"https:\/\/atecordoba.org\/index.php?rest_route=\/wp\/v2\/media\/39114"}],"wp:attachment":[{"href":"https:\/\/atecordoba.org\/index.php?rest_route=%2Fwp%2Fv2%2Fmedia&parent=39112"}],"wp:term":[{"taxonomy":"category","embeddable":true,"href":"https:\/\/atecordoba.org\/index.php?rest_route=%2Fwp%2Fv2%2Fcategories&post=39112"},{"taxonomy":"post_tag","embeddable":true,"href":"https:\/\/atecordoba.org\/index.php?rest_route=%2Fwp%2Fv2%2Ftags&post=39112"}],"curies":[{"name":"wp","href":"https:\/\/api.w.org\/{rel}","templated":true}]}}