{"id":39100,"date":"2023-09-25T15:40:18","date_gmt":"2023-09-25T18:40:18","guid":{"rendered":"https:\/\/atecordoba.org\/?p=39100"},"modified":"2023-10-04T12:06:40","modified_gmt":"2023-10-04T15:06:40","slug":"comienza-esta-semana-la-capacitacion-en-generos-para-cumplir-el-fallo-judicial-sobre-cuatro-afiliados-de-ate","status":"publish","type":"post","link":"https:\/\/atecordoba.org\/?p=39100","title":{"rendered":"Comienza esta semana la capacitaci\u00f3n en G\u00e9neros para cumplir el fallo judicial sobre cuatro afiliados de ATE"},"content":{"rendered":"<div class=\"wp-block-image\">\n<figure class=\"aligncenter size-large is-resized\"><img loading=\"lazy\" decoding=\"async\" src=\"https:\/\/atecordoba.org\/wp-content\/uploads\/2023\/09\/flyergenero-talleres-1024x1024.jpg\" alt=\"\" class=\"wp-image-39101\" width=\"768\" height=\"768\" srcset=\"https:\/\/atecordoba.org\/wp-content\/uploads\/2023\/09\/flyergenero-talleres-1024x1024.jpg 1024w, https:\/\/atecordoba.org\/wp-content\/uploads\/2023\/09\/flyergenero-talleres-300x300.jpg 300w, https:\/\/atecordoba.org\/wp-content\/uploads\/2023\/09\/flyergenero-talleres-150x150.jpg 150w, https:\/\/atecordoba.org\/wp-content\/uploads\/2023\/09\/flyergenero-talleres-768x768.jpg 768w, https:\/\/atecordoba.org\/wp-content\/uploads\/2023\/09\/flyergenero-talleres-560x560.jpg 560w, https:\/\/atecordoba.org\/wp-content\/uploads\/2023\/09\/flyergenero-talleres-75x75.jpg 75w, https:\/\/atecordoba.org\/wp-content\/uploads\/2023\/09\/flyergenero-talleres-350x350.jpg 350w, https:\/\/atecordoba.org\/wp-content\/uploads\/2023\/09\/flyergenero-talleres-750x750.jpg 750w, https:\/\/atecordoba.org\/wp-content\/uploads\/2023\/09\/flyergenero-talleres.jpg 1080w\" sizes=\"auto, (max-width: 768px) 100vw, 768px\" \/><\/figure>\n<\/div>\n\n\n<p>En un hecho que marca un hito dentro del ejercicio de los derechos a la mujer en el sindicalismo en la provincia, esta semana se inician los talleres de G\u00e9neros y Diversidades en aplicaci\u00f3n de la resoluci\u00f3n judicial firmada por el juez de R\u00edo Cuarto, Mariano Correa, sobre cuatro afiliados. <\/p>\n\n\n\n<p>Los cuatro est\u00e1n obligados a realizar un curso de capacitaci\u00f3n sobre violencia de g\u00e9neros porque la sentencia as\u00ed lo ordena.<\/p>\n\n\n\n<p>En consecuencia, ATE pone en marcha los talleres a trav\u00e9s del Departamento de G\u00e9neros y Diversidades para cumplir lo dispuesto por el juez. Este 28 de septiembre, a las 14 horas, comienza el primero de los cursos, titulado &#8220;Nociones b\u00e1sica de la perspectiva de g\u00e9nero y tipos de violencia&#8221;. <\/p>\n\n\n\n<p>En tanto el 3 de octubre se realizar\u00e1 el segundo el taller &#8220;Nuevos Paradigmas legales de la Ley Micaela&#8221; y el 18 de octubre se llegar\u00e1 a cabo el tercer curso &#8220;proyecto de Ley Olimpia. Violencia Digital&#8221;. <\/p>\n\n\n\n<p>&#8220;Estos tres talleres se brindan como resultado de una pol\u00edtica que venimos haciendo hace mucho en nuestro gremio, sobre todo con el objetivo de erradicar la violencia de g\u00e9nero y mejorar los v\u00ednculos entre compa\u00f1eros y compa\u00f1eras&#8221;, explic\u00f3 la secretaria de G\u00e9neros y Diversidades del Consejo Directivo Provincial, Mar\u00eda Spaventa.<\/p>\n\n\n\n<p>&#8220;Est\u00e1 destinado tambi\u00e9n a capacitar a los que ejercieron violencia sobre Julia pero tambi\u00e9n sobre otras compa\u00f1eras. Y termina siendo una violencia hacia a todas, porque as\u00ed lo entendemos&#8221;, dijo Spaventa.<\/p>\n\n\n\n<p>La dirigente celebr\u00f3 que se ponga en marcha el taller. &#8220;Nuestro gremio siempre est\u00e1 a la vanguardia en la pelea por los derechos de las mujeres y las diversidades. Lo abordamos con mucha seriedad y compromiso porque es muy importante que un juez haya tomado una definici\u00f3n, es un hito porque d\u00eda a d\u00eda vemos como la Justicia no da respuestas ni toma nuestros reclamos y esta vez si lo hizo&#8221;, analiz\u00f3.<\/p>\n\n\n\n<p>Y envi\u00f3 un mensaje a los violentos: &#8220;Esperamos que cumplan y que empecemos a escribir una p\u00e1gina nueva en este gremio, que estos hechos queden atr\u00e1s y empecemos a construir un espacio m\u00e1s democr\u00e1tico y libre de violencia&#8221;.<\/p>\n\n\n\n<p><strong>La sentencia<\/strong><\/p>\n\n\n\n<p>En el fallo el magistrado les ordena a los cuatro afiliados abstenerse de desplegar acciones, conductas, comportamientos o comentarios basados en cuestiones de g\u00e9nero y que pudieren resultar agresivos o insultantes sobre la actual secretaria de Prensa de ATE C\u00f3rdoba.<\/p>\n\n\n\n<p>Adem\u00e1s recae estos cuatro afiliados el impedimento judicial para que en el momento de concurrir a asambleas, congresos o espacios de militancia pol\u00edtico gremial aludan a su condici\u00f3n de mujer o que signifiquen actos violentos en su modalidad pol\u00edtica, conforme lo establecido en el art\u00edculo 6 inciso h ley 26485.<\/p>\n\n\n\n<p>Giuliani denunci\u00f3 a estos cuatro afiliados por violencia de g\u00e9nero, de los cuales dos forman parte de la Comisi\u00f3n Directiva actual de ATE C\u00f3rdoba, Dur\u00e1n y Pawluchuzk, en aplicaci\u00f3n de la Convenci\u00f3n sobre la Eliminaci\u00f3n de todas las Formas de Discriminaci\u00f3n contra la Mujer. <\/p>\n\n\n<div class=\"wp-block-image\">\n<figure class=\"aligncenter size-large\"><img loading=\"lazy\" decoding=\"async\" width=\"481\" height=\"1024\" src=\"https:\/\/atecordoba.org\/wp-content\/uploads\/2023\/09\/sentencia-julia-481x1024.jpg\" alt=\"\" class=\"wp-image-39103\" srcset=\"https:\/\/atecordoba.org\/wp-content\/uploads\/2023\/09\/sentencia-julia-481x1024.jpg 481w, https:\/\/atecordoba.org\/wp-content\/uploads\/2023\/09\/sentencia-julia-141x300.jpg 141w, https:\/\/atecordoba.org\/wp-content\/uploads\/2023\/09\/sentencia-julia.jpg 540w\" sizes=\"auto, (max-width: 481px) 100vw, 481px\" \/><\/figure>\n<\/div>","protected":false},"excerpt":{"rendered":"<p>En un hecho que marca un hito dentro del ejercicio de los derechos a la mujer en el sindicalismo en la provincia, esta semana se inician los talleres de G\u00e9neros y Diversidades en aplicaci\u00f3n de la resoluci\u00f3n judicial firmada por el juez de R\u00edo Cuarto, Mariano Correa, sobre cuatro afiliados. Los cuatro est\u00e1n obligados a [&hellip;]<\/p>\n","protected":false},"author":7,"featured_media":39102,"comment_status":"open","ping_status":"open","sticky":false,"template":"","format":"standard","meta":{"_exactmetrics_skip_tracking":false,"_exactmetrics_sitenote_active":false,"_exactmetrics_sitenote_note":"","_exactmetrics_sitenote_category":0,"jnews-multi-image_gallery":[],"jnews_single_post":{"subtitle":"El magistrado ordena a cuatro afiliados se abstengan de desplegar acciones, conductas, comportamientos  o comentarios basados en cuestiones de g\u00e9nero y que pudieren resultar agresivos o insultantes sobre la actual secretaria de Prensa de ATE C\u00f3rdoba, Julia Giuliani.","format":"standard","video":"","gallery":"","source_name":"","source_url":"","via_name":"","via_url":"","override_template":"0","override":[{"template":"1","single_blog_custom":"","parallax":"1","fullscreen":"1","layout":"no-sidebar-narrow","sidebar":"default-sidebar","second_sidebar":"default-sidebar","sticky_sidebar":"1","share_position":"bottom","share_float_style":"share-monocrhome","show_share_counter":"1","show_view_counter":"1","show_featured":"0","show_post_meta":"1","show_post_author":"0","show_post_author_image":"1","show_post_date":"1","post_date_format":"default","post_date_format_custom":"Y\/m\/d","show_post_category":"1","show_post_reading_time":"0","post_reading_time_wpm":"300","show_zoom_button":"0","zoom_button_out_step":"2","zoom_button_in_step":"3","show_post_tag":"1","show_prev_next_post":"0","show_popup_post":"0","number_popup_post":"1","show_author_box":"0","show_post_related":"1","show_inline_post_related":"0"}],"override_image_size":"0","image_override":[{"single_post_thumbnail_size":"crop-500","single_post_gallery_size":"crop-500"}],"trending_post":"0","trending_post_position":"meta","trending_post_label":"Trending","sponsored_post":"0","sponsored_post_label":"Sponsored by","sponsored_post_name":"","sponsored_post_url":"","sponsored_post_logo_enable":"0","sponsored_post_logo":"","sponsored_post_desc":"","disable_ad":"0"},"jnews_primary_category":{"id":"","hide":""},"jnews_social_meta":{"fb_title":"","fb_description":"","fb_image":"","twitter_title":"","twitter_description":"","twitter_image":""},"jnews_review":[],"enable_review":"0","type":"percentage","name":"","summary":"","brand":"","sku":"","good":[{"good_text":""}],"bad":[{"bad_text":""}],"score_override":"","override_value":"","rating":[{"rating_text":"","rating_number":"10"}],"price":[{"shop":"","price":"","link":"","icon":""}],"jnews_override_counter":{"override_view_counter":"0","view_counter_number":"0","override_share_counter":"0","share_counter_number":"0","override_like_counter":"0","like_counter_number":"0","override_dislike_counter":"0","dislike_counter_number":"0"},"jnews_post_split":{"enable_post_split":"0","post_split":[{"template":"1","tag":"h2","numbering":"asc","mode":"normal","first":"0","enable_toc":"0","toc_type":"normal"}]},"footnotes":""},"categories":[325],"tags":[],"class_list":["post-39100","post","type-post","status-publish","format-standard","has-post-thumbnail","hentry","category-generos-y-diversidades"],"jetpack_featured_media_url":"https:\/\/atecordoba.org\/wp-content\/uploads\/2023\/09\/portadaflyergenero.jpg","_links":{"self":[{"href":"https:\/\/atecordoba.org\/index.php?rest_route=\/wp\/v2\/posts\/39100","targetHints":{"allow":["GET"]}}],"collection":[{"href":"https:\/\/atecordoba.org\/index.php?rest_route=\/wp\/v2\/posts"}],"about":[{"href":"https:\/\/atecordoba.org\/index.php?rest_route=\/wp\/v2\/types\/post"}],"author":[{"embeddable":true,"href":"https:\/\/atecordoba.org\/index.php?rest_route=\/wp\/v2\/users\/7"}],"replies":[{"embeddable":true,"href":"https:\/\/atecordoba.org\/index.php?rest_route=%2Fwp%2Fv2%2Fcomments&post=39100"}],"version-history":[{"count":5,"href":"https:\/\/atecordoba.org\/index.php?rest_route=\/wp\/v2\/posts\/39100\/revisions"}],"predecessor-version":[{"id":39295,"href":"https:\/\/atecordoba.org\/index.php?rest_route=\/wp\/v2\/posts\/39100\/revisions\/39295"}],"wp:featuredmedia":[{"embeddable":true,"href":"https:\/\/atecordoba.org\/index.php?rest_route=\/wp\/v2\/media\/39102"}],"wp:attachment":[{"href":"https:\/\/atecordoba.org\/index.php?rest_route=%2Fwp%2Fv2%2Fmedia&parent=39100"}],"wp:term":[{"taxonomy":"category","embeddable":true,"href":"https:\/\/atecordoba.org\/index.php?rest_route=%2Fwp%2Fv2%2Fcategories&post=39100"},{"taxonomy":"post_tag","embeddable":true,"href":"https:\/\/atecordoba.org\/index.php?rest_route=%2Fwp%2Fv2%2Ftags&post=39100"}],"curies":[{"name":"wp","href":"https:\/\/api.w.org\/{rel}","templated":true}]}}