{"id":39069,"date":"2023-09-22T14:24:40","date_gmt":"2023-09-22T17:24:40","guid":{"rendered":"https:\/\/atecordoba.org\/?p=39069"},"modified":"2023-09-22T14:24:41","modified_gmt":"2023-09-22T17:24:41","slug":"rio-primero-ate-acuerda-30-de-aumento-y-100-en-puntualidad-presentismo-y-refrigerio","status":"publish","type":"post","link":"https:\/\/atecordoba.org\/?p=39069","title":{"rendered":"R\u00edo Primero: ATE acuerda 30% de aumento y 100% en puntualidad, presentismo y refrigerio"},"content":{"rendered":"<div class=\"wp-block-image\">\n<figure class=\"aligncenter size-large is-resized\"><img loading=\"lazy\" decoding=\"async\" src=\"https:\/\/atecordoba.org\/wp-content\/uploads\/2023\/09\/WhatsApp-Image-2023-09-22-at-13.27.17-1024x771.jpeg\" alt=\"\" class=\"wp-image-39071\" width=\"768\" height=\"578\" \/><\/figure>\n<\/div>\n\n\n<p>En una audiencia realizada en el Ministerio de Trabajo de la Provincia, ATE C\u00f3rdoba y la Municipalidad de R\u00edo Primero acordaron una recomposici\u00f3n salarial del 30% para el trimestre agosto-septiembre-octubre a pagar 10% en cada uno de los meses.<\/p>\n\n\n\n<p>De esta forma se salda un largo conflicto salarial que se ven\u00eda arrastrando desde agosto, cuando la Municipalidad incumpli\u00f3 un acta acuerdo firmada en abril pasado.<\/p>\n\n\n\n<p>En representaci\u00f3n de ATE estuvieron presentes Jorge Chalup, secretario Gremial, Julia Giuliani, secretaria de Prensa, junto a la delegada Pamela Gutierrez y Jos\u00e9 Baigorria. En tanto, en nombre de la comuna de R\u00edo Primero, particip\u00f3 el secretario de Econom\u00eda, Cesar S\u00e1nchez.<\/p>\n\n\n<div class=\"wp-block-image\">\n<figure class=\"aligncenter size-large is-resized\"><img loading=\"lazy\" decoding=\"async\" src=\"https:\/\/atecordoba.org\/wp-content\/uploads\/2023\/09\/WhatsApp-Image-2023-09-22-at-13.27.16-771x1024.jpeg\" alt=\"\" class=\"wp-image-39072\" width=\"386\" height=\"512\" srcset=\"https:\/\/atecordoba.org\/wp-content\/uploads\/2023\/09\/WhatsApp-Image-2023-09-22-at-13.27.16-771x1024.jpeg 771w, https:\/\/atecordoba.org\/wp-content\/uploads\/2023\/09\/WhatsApp-Image-2023-09-22-at-13.27.16-226x300.jpeg 226w, https:\/\/atecordoba.org\/wp-content\/uploads\/2023\/09\/WhatsApp-Image-2023-09-22-at-13.27.16-768x1021.jpeg 768w, https:\/\/atecordoba.org\/wp-content\/uploads\/2023\/09\/WhatsApp-Image-2023-09-22-at-13.27.16-1156x1536.jpeg 1156w, https:\/\/atecordoba.org\/wp-content\/uploads\/2023\/09\/WhatsApp-Image-2023-09-22-at-13.27.16-750x997.jpeg 750w, https:\/\/atecordoba.org\/wp-content\/uploads\/2023\/09\/WhatsApp-Image-2023-09-22-at-13.27.16-1140x1515.jpeg 1140w, https:\/\/atecordoba.org\/wp-content\/uploads\/2023\/09\/WhatsApp-Image-2023-09-22-at-13.27.16.jpeg 1204w\" sizes=\"auto, (max-width: 386px) 100vw, 386px\" \/><\/figure>\n<\/div>\n\n\n<p>En la negociaci\u00f3n ATE logr\u00f3 el aumento de los \u00edtems puntualidad, presentismo y refrigerio del 100%, tanto para el personal de planta como los contratos.<\/p>\n\n\n\n<p>Respecto a otros puntos de acuerdo, vale se\u00f1alar que el \u00edtem 230 se traspasar\u00e1 al b\u00e1sico, en tanto se rectificar\u00e1n, debido a malas liquidaciones, las remuneraciones de junio, julio, medio aguinaldo e \u00edtem 076.<\/p>\n\n\n\n<p>Por \u00faltimo, se estableci\u00f3 la convocatoria de parte del Departamento Ejecutivo de una Mesa de negociaci\u00f3n para acordar los salarios de noviembre.<\/p>\n\n\n\n<figure class=\"wp-block-gallery has-nested-images columns-default is-cropped wp-block-gallery-1 is-layout-flex wp-block-gallery-is-layout-flex\">\n<figure class=\"wp-block-image size-large\"><a href=\"https:\/\/atecordoba.org\/wp-content\/uploads\/2023\/09\/WhatsApp-Image-2023-09-22-at-13.25.44.jpeg\" target=\"_blank\" rel=\"noopener\"><img loading=\"lazy\" decoding=\"async\" width=\"736\" height=\"1024\" data-id=\"39074\" src=\"https:\/\/atecordoba.org\/wp-content\/uploads\/2023\/09\/WhatsApp-Image-2023-09-22-at-13.25.44-736x1024.jpeg\" alt=\"\" class=\"wp-image-39074\" srcset=\"https:\/\/atecordoba.org\/wp-content\/uploads\/2023\/09\/WhatsApp-Image-2023-09-22-at-13.25.44-736x1024.jpeg 736w, https:\/\/atecordoba.org\/wp-content\/uploads\/2023\/09\/WhatsApp-Image-2023-09-22-at-13.25.44-216x300.jpeg 216w, https:\/\/atecordoba.org\/wp-content\/uploads\/2023\/09\/WhatsApp-Image-2023-09-22-at-13.25.44-768x1069.jpeg 768w, https:\/\/atecordoba.org\/wp-content\/uploads\/2023\/09\/WhatsApp-Image-2023-09-22-at-13.25.44-750x1043.jpeg 750w, https:\/\/atecordoba.org\/wp-content\/uploads\/2023\/09\/WhatsApp-Image-2023-09-22-at-13.25.44.jpeg 920w\" sizes=\"auto, (max-width: 736px) 100vw, 736px\" \/><\/a><\/figure>\n\n\n\n<figure class=\"wp-block-image size-large\"><a href=\"https:\/\/atecordoba.org\/wp-content\/uploads\/2023\/09\/WhatsApp-Image-2023-09-22-at-13.25.44-1-1.jpeg\" target=\"_blank\" rel=\"noopener\"><img loading=\"lazy\" decoding=\"async\" width=\"754\" height=\"1024\" data-id=\"39073\" src=\"https:\/\/atecordoba.org\/wp-content\/uploads\/2023\/09\/WhatsApp-Image-2023-09-22-at-13.25.44-1-1-754x1024.jpeg\" alt=\"\" class=\"wp-image-39073\" srcset=\"https:\/\/atecordoba.org\/wp-content\/uploads\/2023\/09\/WhatsApp-Image-2023-09-22-at-13.25.44-1-1-754x1024.jpeg 754w, https:\/\/atecordoba.org\/wp-content\/uploads\/2023\/09\/WhatsApp-Image-2023-09-22-at-13.25.44-1-1-221x300.jpeg 221w, https:\/\/atecordoba.org\/wp-content\/uploads\/2023\/09\/WhatsApp-Image-2023-09-22-at-13.25.44-1-1-768x1044.jpeg 768w, https:\/\/atecordoba.org\/wp-content\/uploads\/2023\/09\/WhatsApp-Image-2023-09-22-at-13.25.44-1-1-750x1019.jpeg 750w, https:\/\/atecordoba.org\/wp-content\/uploads\/2023\/09\/WhatsApp-Image-2023-09-22-at-13.25.44-1-1.jpeg 942w\" sizes=\"auto, (max-width: 754px) 100vw, 754px\" \/><\/a><\/figure>\n<\/figure>\n","protected":false},"excerpt":{"rendered":"<p>En una audiencia realizada en el Ministerio de Trabajo de la Provincia, ATE C\u00f3rdoba y la Municipalidad de R\u00edo Primero acordaron una recomposici\u00f3n salarial del 30% para el trimestre agosto-septiembre-octubre a pagar 10% en cada uno de los meses. De esta forma se salda un largo conflicto salarial que se ven\u00eda arrastrando desde agosto, cuando [&hellip;]<\/p>\n","protected":false},"author":7,"featured_media":39071,"comment_status":"open","ping_status":"open","sticky":false,"template":"","format":"standard","meta":{"_exactmetrics_skip_tracking":false,"_exactmetrics_sitenote_active":false,"_exactmetrics_sitenote_note":"","_exactmetrics_sitenote_category":0,"jnews-multi-image_gallery":[],"jnews_single_post":{"subtitle":"El \u00edtem 230 se traspasar\u00e1 al b\u00e1sico, en tanto se rectificar\u00e1n, debido a malas liquidaciones, las remuneraciones de junio, julio, medio aguinaldo e \u00edtem 076.","format":"standard","video":"","gallery":"","source_name":"","source_url":"","via_name":"","via_url":"","override_template":"0","override":[{"template":"1","single_blog_custom":"","parallax":"1","fullscreen":"1","layout":"no-sidebar-narrow","sidebar":"default-sidebar","second_sidebar":"default-sidebar","sticky_sidebar":"1","share_position":"bottom","share_float_style":"share-monocrhome","show_share_counter":"1","show_view_counter":"1","show_featured":"0","show_post_meta":"1","show_post_author":"0","show_post_author_image":"1","show_post_date":"1","post_date_format":"default","post_date_format_custom":"Y\/m\/d","show_post_category":"1","show_post_reading_time":"0","post_reading_time_wpm":"300","show_zoom_button":"0","zoom_button_out_step":"2","zoom_button_in_step":"3","show_post_tag":"1","show_prev_next_post":"0","show_popup_post":"0","number_popup_post":"1","show_author_box":"0","show_post_related":"1","show_inline_post_related":"0"}],"override_image_size":"0","image_override":[{"single_post_thumbnail_size":"crop-500","single_post_gallery_size":"crop-500"}],"trending_post":"0","trending_post_position":"meta","trending_post_label":"Trending","sponsored_post":"0","sponsored_post_label":"Sponsored by","sponsored_post_name":"","sponsored_post_url":"","sponsored_post_logo_enable":"0","sponsored_post_logo":"","sponsored_post_desc":"","disable_ad":"0"},"jnews_primary_category":{"id":"","hide":""},"jnews_social_meta":{"fb_title":"","fb_description":"","fb_image":"","twitter_title":"","twitter_description":"","twitter_image":""},"jnews_review":[],"enable_review":"0","type":"percentage","name":"","summary":"","brand":"","sku":"","good":[{"good_text":""}],"bad":[{"bad_text":""}],"score_override":"","override_value":"","rating":[{"rating_text":"","rating_number":"10"}],"price":[{"shop":"","price":"","link":"","icon":""}],"jnews_override_counter":{"override_view_counter":"0","view_counter_number":"0","override_share_counter":"0","share_counter_number":"0","override_like_counter":"0","like_counter_number":"0","override_dislike_counter":"0","dislike_counter_number":"0"},"jnews_post_split":{"enable_post_split":"0","post_split":[{"template":"1","tag":"h2","numbering":"asc","mode":"normal","first":"0","enable_toc":"0","toc_type":"normal"}]},"footnotes":""},"categories":[20],"tags":[],"class_list":["post-39069","post","type-post","status-publish","format-standard","has-post-thumbnail","hentry","category-municipales"],"jetpack_featured_media_url":"https:\/\/atecordoba.org\/wp-content\/uploads\/2023\/09\/WhatsApp-Image-2023-09-22-at-13.27.17-e1695403474297.jpeg","_links":{"self":[{"href":"https:\/\/atecordoba.org\/index.php?rest_route=\/wp\/v2\/posts\/39069","targetHints":{"allow":["GET"]}}],"collection":[{"href":"https:\/\/atecordoba.org\/index.php?rest_route=\/wp\/v2\/posts"}],"about":[{"href":"https:\/\/atecordoba.org\/index.php?rest_route=\/wp\/v2\/types\/post"}],"author":[{"embeddable":true,"href":"https:\/\/atecordoba.org\/index.php?rest_route=\/wp\/v2\/users\/7"}],"replies":[{"embeddable":true,"href":"https:\/\/atecordoba.org\/index.php?rest_route=%2Fwp%2Fv2%2Fcomments&post=39069"}],"version-history":[{"count":1,"href":"https:\/\/atecordoba.org\/index.php?rest_route=\/wp\/v2\/posts\/39069\/revisions"}],"predecessor-version":[{"id":39075,"href":"https:\/\/atecordoba.org\/index.php?rest_route=\/wp\/v2\/posts\/39069\/revisions\/39075"}],"wp:featuredmedia":[{"embeddable":true,"href":"https:\/\/atecordoba.org\/index.php?rest_route=\/wp\/v2\/media\/39071"}],"wp:attachment":[{"href":"https:\/\/atecordoba.org\/index.php?rest_route=%2Fwp%2Fv2%2Fmedia&parent=39069"}],"wp:term":[{"taxonomy":"category","embeddable":true,"href":"https:\/\/atecordoba.org\/index.php?rest_route=%2Fwp%2Fv2%2Fcategories&post=39069"},{"taxonomy":"post_tag","embeddable":true,"href":"https:\/\/atecordoba.org\/index.php?rest_route=%2Fwp%2Fv2%2Ftags&post=39069"}],"curies":[{"name":"wp","href":"https:\/\/api.w.org\/{rel}","templated":true}]}}