{"id":3906,"date":"2014-03-17T19:01:24","date_gmt":"2014-03-17T22:01:24","guid":{"rendered":"http:\/\/www.atecordoba.org\/?p=3906"},"modified":"2014-03-17T19:01:24","modified_gmt":"2014-03-17T22:01:24","slug":"comenzo-al-entrega-de-bolsones-escolares","status":"publish","type":"post","link":"https:\/\/atecordoba.org\/?p=3906","title":{"rendered":"Comenz\u00f3 al entrega de bolsones escolares"},"content":{"rendered":"<p><em>Hoy dio comienzo en nuestra sede a la entrega de bolsones escolares para nuestros afiliados. Los beneficiarios deben llegarse a Paran\u00e1 140, de 9 a 15 horas<\/em><\/p>\n<p style=\"text-align: left;\"><a href=\"http:\/\/www.atecordoba.org\/wp-content\/uploads\/2014\/03\/bolson-1.png\"><img loading=\"lazy\" decoding=\"async\" alt=\"bolson 1\" height=\"315\" src=\"http:\/\/www.atecordoba.org\/wp-content\/uploads\/2014\/03\/bolson-1.png\" width=\"560\" class=\"aligncenter  wp-image-3908\"><\/a><\/p>\n<p style=\"text-align: left;\">Tal como inform\u00f3 el Concejo Directivo Provincial en su momento, los afiliados de ATE pueden retirar el bols\u00f3n para cada uno de sus hijos en edad escolar. La Secretaria de Acci\u00f3n Social dispuso que se entreguen cuatro m\u00f3dulos distintos seg\u00fan la edad de cada menor: jard\u00edn de infantes, primario primer nivel (de primero a tercer grado), primario segundo nivel (de cuarto a s\u00e9ptimo grado) y secundario.<\/p>\n<p style=\"text-align: left;\">Los materiales que se entregan en cada bols\u00f3n son: cuadernos, l\u00e1pices, papel glac\u00e9, sacapuntas, gomas, tijeras, vajilla de jard\u00edn de infantes, goma de pegar, cartucheras, juegos geom\u00e9tricos, marcadores, bol\u00edgrafos, repuestos de ojas, minas y estuches, entre otros elementos.<\/p>\n<p style=\"text-align: center;\"><a href=\"http:\/\/www.atecordoba.org\/wp-content\/uploads\/2014\/03\/bolson-2.png\"><img loading=\"lazy\" decoding=\"async\" alt=\"bolson 2\" height=\"315\" src=\"http:\/\/www.atecordoba.org\/wp-content\/uploads\/2014\/03\/bolson-2.png\" width=\"560\" class=\"aligncenter  wp-image-3909\"><\/a><\/p>\n<p style=\"text-align: center;\">\n","protected":false},"excerpt":{"rendered":"<p>Hoy dio comienzo en nuestra sede a la entrega de bolsones escolares para nuestros afiliados. Los beneficiarios deben llegarse a Paran\u00e1 140, de 9 a 15 horas Tal como inform\u00f3 el Concejo Directivo Provincial en su momento, los afiliados de ATE pueden retirar el bols\u00f3n para cada uno de sus hijos en edad escolar. La [&hellip;]<\/p>\n","protected":false},"author":1,"featured_media":19220,"comment_status":"open","ping_status":"open","sticky":false,"template":"","format":"standard","meta":{"_exactmetrics_skip_tracking":false,"_exactmetrics_sitenote_active":false,"_exactmetrics_sitenote_note":"","_exactmetrics_sitenote_category":0,"jnews-multi-image_gallery":[],"jnews_single_post":[],"jnews_primary_category":[],"jnews_social_meta":[],"jnews_review":[],"enable_review":"","type":"","name":"","summary":"","brand":"","sku":"","good":[],"bad":[],"score_override":"","override_value":"","rating":[],"price":[],"jnews_override_counter":[],"jnews_post_split":[],"footnotes":""},"categories":[75],"tags":[],"class_list":["post-3906","post","type-post","status-publish","format-standard","has-post-thumbnail","hentry","category-accion-social"],"jetpack_featured_media_url":"https:\/\/atecordoba.org\/wp-content\/uploads\/2020\/05\/logo-nuevochico-e1561581322808.png","_links":{"self":[{"href":"https:\/\/atecordoba.org\/index.php?rest_route=\/wp\/v2\/posts\/3906","targetHints":{"allow":["GET"]}}],"collection":[{"href":"https:\/\/atecordoba.org\/index.php?rest_route=\/wp\/v2\/posts"}],"about":[{"href":"https:\/\/atecordoba.org\/index.php?rest_route=\/wp\/v2\/types\/post"}],"author":[{"embeddable":true,"href":"https:\/\/atecordoba.org\/index.php?rest_route=\/wp\/v2\/users\/1"}],"replies":[{"embeddable":true,"href":"https:\/\/atecordoba.org\/index.php?rest_route=%2Fwp%2Fv2%2Fcomments&post=3906"}],"version-history":[{"count":0,"href":"https:\/\/atecordoba.org\/index.php?rest_route=\/wp\/v2\/posts\/3906\/revisions"}],"wp:featuredmedia":[{"embeddable":true,"href":"https:\/\/atecordoba.org\/index.php?rest_route=\/wp\/v2\/media\/19220"}],"wp:attachment":[{"href":"https:\/\/atecordoba.org\/index.php?rest_route=%2Fwp%2Fv2%2Fmedia&parent=3906"}],"wp:term":[{"taxonomy":"category","embeddable":true,"href":"https:\/\/atecordoba.org\/index.php?rest_route=%2Fwp%2Fv2%2Fcategories&post=3906"},{"taxonomy":"post_tag","embeddable":true,"href":"https:\/\/atecordoba.org\/index.php?rest_route=%2Fwp%2Fv2%2Ftags&post=3906"}],"curies":[{"name":"wp","href":"https:\/\/api.w.org\/{rel}","templated":true}]}}