{"id":39058,"date":"2023-09-22T11:29:30","date_gmt":"2023-09-22T14:29:30","guid":{"rendered":"https:\/\/atecordoba.org\/?p=39058"},"modified":"2023-09-22T12:41:08","modified_gmt":"2023-09-22T15:41:08","slug":"ate-participo-del-encuentro-de-la-intersindical-de-mujeres-y-adiuc-por-un-sindicalismo-inclusivo","status":"publish","type":"post","link":"https:\/\/atecordoba.org\/?p=39058","title":{"rendered":"ATE particip\u00f3 del Encuentro de la Intersindical de Mujeres y Adiuc Por un Sindicalismo Inclusivo"},"content":{"rendered":"<div class=\"wp-block-image\">\n<figure class=\"aligncenter size-full is-resized\"><img loading=\"lazy\" decoding=\"async\" src=\"https:\/\/atecordoba.org\/wp-content\/uploads\/2023\/09\/cabeza-1.jpg\" alt=\"\" class=\"wp-image-39060\" width=\"674\" height=\"525\" \/><\/figure>\n<\/div>\n\n\n<p>Ayer se desarrollaron en la sede de Adiuc las jornadas &#8220;Por un sindicalismo inclusivo&#8221; que organiz\u00f3 la Intersindical de Mujeres junto al gremio docente universitario. En la oportunidad, ATE particip\u00f3 con una delegaci\u00f3n encabezada por el secretaria de Prensa del Consejo directivo Provincial, Julia Giuliani, junto a dos compa\u00f1eras de ATE Misiones invitadas por nuestro Consejo Directivo Provincial.<\/p>\n\n\n\n<p>Se trat\u00f3 de un espacio de discusi\u00f3n en talleres y plenario sobre cuestiones centrales para seguir pensando la realidad, la actualidad y los horizontes del trabajo, abordando la legislaci\u00f3n laboral en clave de g\u00e9nero, la historia del movimiento obrero, la desigualdad que sufren las mujeres en C\u00f3rdoba y cu\u00e1les son las herramientas que disponen las organizaciones sindicales para revertirla y el desaf\u00edo de incrementar la representaci\u00f3n y capacidad de los sindicatos para defender los derechos y ampliar los sistemas de protecci\u00f3n que garantizan las leyes laborales.<\/p>\n\n\n\n<p>Julia Giulini fue invitada a participar en el taller historia del movimiento obrero en clave feminista, compartiendo panel con Hilda Bustos referente sindical cordobesa y titular de la Uni\u00f3n de Obrera Gr\u00e1fica.<\/p>\n\n\n<div class=\"wp-block-image\">\n<figure class=\"alignleft size-full is-resized\"><img loading=\"lazy\" decoding=\"async\" src=\"https:\/\/atecordoba.org\/wp-content\/uploads\/2023\/09\/Imagen-de-WhatsApp-2023-09-22-a-las-10.03.58.jpg\" alt=\"\" class=\"wp-image-39061\" width=\"432\" height=\"376\" srcset=\"https:\/\/atecordoba.org\/wp-content\/uploads\/2023\/09\/Imagen-de-WhatsApp-2023-09-22-a-las-10.03.58.jpg 576w, https:\/\/atecordoba.org\/wp-content\/uploads\/2023\/09\/Imagen-de-WhatsApp-2023-09-22-a-las-10.03.58-300x261.jpg 300w\" sizes=\"auto, (max-width: 432px) 100vw, 432px\" \/><\/figure>\n<\/div>\n\n\n<p>En tal sentido explic\u00f3 que &#8220;se realiz\u00f3 una l\u00ednea hist\u00f3rica, rescatando y resaltando a las mujeres que participaron de distintos hechos trascendentales que permitieron por medio de mucha lucha avanzar a trav\u00e9s de la organizaci\u00f3n sindical en la conquista de derechos. Nosotras somos parte de esa historia y protagonistas de nuestro tiempo, por eso la importancia de rescatar la memoria hist\u00f3rica de nuestro sindicato, poniendo sobre la mesa que hubo mujeres que fueron parte de los procesos de transformaci\u00f3n, de organizaci\u00f3n y sindicalizaci\u00f3n dentro de ATE, pero tambi\u00e9n de todo el movimiento obrero, con algunos ejemplos concretos en C\u00f3rdoba&#8221;.<\/p>\n\n\n\n<p>La secretaria de Prensa de ATE C\u00f3rdoba prosigui\u00f3 considerando que &#8220;es importante reconstruir las narrativas, porque sabemos que aquello que no se nombra, no existe. Destacamos la importancia tambi\u00e9n de c\u00f3mo las mujeres tejemos redes a la hora de afrontar distintos conflictos, tanto en el \u00e1mbito laboral como sindical, y c\u00f3mo eso nos permite construir de manera distinta con los compa\u00f1eros&#8221;.<\/p>\n\n\n\n<p><strong>El caso de ATE<\/strong><\/p>\n\n\n\n<p>Guliani relat\u00f3 tambi\u00e9n que &#8220;en cuanto a ATE en particular, compartimos que nuestra organizaci\u00f3n tendr\u00e1 a partir de noviembre una Secretar\u00eda de G\u00e9nero, que en el caso de C\u00f3rdoba su primer responsable ser\u00e1 Mar\u00eda Spaventa, destacando tambi\u00e9n la reforma del Estatuto de ATE donde se establece que la representaci\u00f3n de las conducciones ser\u00e1 50% mujeres y 50% varones, as\u00ed como el protocolo de actuaci\u00f3n ante hechos de acoso y violencia dentro de nuestra organizaci\u00f3n&#8221;.<\/p>\n\n\n\n<p>En ese marco, vale remarcar la denuncia penal que realiz\u00f3 la dirigenta en abril pasado sobre cuatro miembros de la Comisi\u00f3n Directiva actual de ATE de la seccional de R\u00edo Tercero y un afiliado de Villa Mar\u00eda, por ejercer violencia pol\u00edtica, institucional y de g\u00e9nero sobre la dirigente.<\/p>\n\n\n\n<p>\u201cEn agosto el juez de R\u00edo Cuarto Mariano Correa resolvi\u00f3 que est\u00e1n comprobados estos tipos de violencia que se ejercieron contra m\u00ed, donde claramente hay una cuesti\u00f3n de g\u00e9nero, y los obliga a no pronunciarse m\u00e1s sobre mi persona ni en redes ni directamente, como lo ven\u00edan haciendo a trav\u00e9s de agresiones, mentiras, calumnias e injurias. Adem\u00e1s, los obliga&nbsp; realizar una capacitaci\u00f3n sobre g\u00e9nero que comienza a dictarse la semana que viene\u201d, rese\u00f1\u00f3 Giuliani.<\/p>\n\n\n<div class=\"wp-block-image\">\n<figure class=\"aligncenter size-large is-resized\"><img loading=\"lazy\" decoding=\"async\" src=\"https:\/\/atecordoba.org\/wp-content\/uploads\/2023\/09\/otra-1024x768.jpg\" alt=\"\" class=\"wp-image-39062\" width=\"597\" height=\"448\" srcset=\"https:\/\/atecordoba.org\/wp-content\/uploads\/2023\/09\/otra-1024x768.jpg 1024w, https:\/\/atecordoba.org\/wp-content\/uploads\/2023\/09\/otra-300x225.jpg 300w, https:\/\/atecordoba.org\/wp-content\/uploads\/2023\/09\/otra-768x576.jpg 768w, https:\/\/atecordoba.org\/wp-content\/uploads\/2023\/09\/otra-1536x1152.jpg 1536w, https:\/\/atecordoba.org\/wp-content\/uploads\/2023\/09\/otra-750x563.jpg 750w, https:\/\/atecordoba.org\/wp-content\/uploads\/2023\/09\/otra-1140x855.jpg 1140w, https:\/\/atecordoba.org\/wp-content\/uploads\/2023\/09\/otra.jpg 1600w\" sizes=\"auto, (max-width: 597px) 100vw, 597px\" \/><\/figure>\n<\/div>\n\n\n<p>&#8220;Estos encuentros nos sirven para seguir articulando la lucha, m\u00e1s en los tiempos pol\u00edticos que se vienen, sabemos que vamos a tener que estar al frente y en la trinchera como lo hacemos siempre&#8221;, complet\u00f3.<\/p>\n\n\n\n<p><strong>Como sigue hoy<\/strong><\/p>\n\n\n\n<p>Hoy contin\u00faa a partir de las 16 horas, donde se pondr\u00e1 en com\u00fan las conclusiones de los talleres desarrollados, concluyendo con una conferencia a cargo de Andrea Andujar, historiadora e investigadora de Conicet, especialista en historia del movimiento obrero, y Ana Elisa Arriaga, Doctora en Historia y especializada en historia social del trabajo desde las teor\u00edas de los movimientos sociales y del conflicto laboral.<\/p>\n\n\n\n<p>La Jornada cierra con n\u00fameros musicales y de stand up.<\/p>\n","protected":false},"excerpt":{"rendered":"<p>Ayer se desarrollaron en la sede de Adiuc las jornadas &#8220;Por un sindicalismo inclusivo&#8221; que organiz\u00f3 la Intersindical de Mujeres junto al gremio docente universitario. En la oportunidad, ATE particip\u00f3 con una delegaci\u00f3n encabezada por el secretaria de Prensa del Consejo directivo Provincial, Julia Giuliani, junto a dos compa\u00f1eras de ATE Misiones invitadas por nuestro [&hellip;]<\/p>\n","protected":false},"author":7,"featured_media":39060,"comment_status":"open","ping_status":"open","sticky":false,"template":"","format":"standard","meta":{"_exactmetrics_skip_tracking":false,"_exactmetrics_sitenote_active":false,"_exactmetrics_sitenote_note":"","_exactmetrics_sitenote_category":0,"jnews-multi-image_gallery":[],"jnews_single_post":{"subtitle":"\"Es importante reconstruir las narrativas, porque sabemos que aquello que no se nombra, no existe. Destacamos la importancia de c\u00f3mo las mujeres tejemos redes a la hora de afrontar distintos conflictos, tanto en el \u00e1mbito laboral como sindical, y c\u00f3mo eso nos permite construir de manera distinta con los compa\u00f1eros\", explic\u00f3 la secretaria de Prensa de ATE C\u00f3rdoba, Julia Giuliani, que encabez\u00f3 la comitiva de nuestro gremio.","format":"standard","video":"","gallery":"","source_name":"","source_url":"","via_name":"","via_url":"","override_template":"0","override":[{"template":"1","single_blog_custom":"","parallax":"1","fullscreen":"1","layout":"no-sidebar-narrow","sidebar":"default-sidebar","second_sidebar":"default-sidebar","sticky_sidebar":"1","share_position":"bottom","share_float_style":"share-monocrhome","show_share_counter":"1","show_view_counter":"1","show_featured":"0","show_post_meta":"1","show_post_author":"0","show_post_author_image":"1","show_post_date":"1","post_date_format":"default","post_date_format_custom":"Y\/m\/d","show_post_category":"1","show_post_reading_time":"0","post_reading_time_wpm":"300","show_zoom_button":"0","zoom_button_out_step":"2","zoom_button_in_step":"3","show_post_tag":"1","show_prev_next_post":"0","show_popup_post":"0","number_popup_post":"1","show_author_box":"0","show_post_related":"1","show_inline_post_related":"0"}],"override_image_size":"0","image_override":[{"single_post_thumbnail_size":"crop-500","single_post_gallery_size":"crop-500"}],"trending_post":"0","trending_post_position":"meta","trending_post_label":"Trending","sponsored_post":"0","sponsored_post_label":"Sponsored by","sponsored_post_name":"","sponsored_post_url":"","sponsored_post_logo_enable":"0","sponsored_post_logo":"","sponsored_post_desc":"","disable_ad":"0"},"jnews_primary_category":{"id":"","hide":""},"jnews_social_meta":{"fb_title":"","fb_description":"","fb_image":"","twitter_title":"","twitter_description":"","twitter_image":""},"jnews_review":[],"enable_review":"0","type":"percentage","name":"","summary":"","brand":"","sku":"","good":[{"good_text":""}],"bad":[{"bad_text":""}],"score_override":"","override_value":"","rating":[{"rating_text":"","rating_number":"10"}],"price":[{"shop":"","price":"","link":"","icon":""}],"jnews_override_counter":{"override_view_counter":"0","view_counter_number":"0","override_share_counter":"0","share_counter_number":"0","override_like_counter":"0","like_counter_number":"0","override_dislike_counter":"0","dislike_counter_number":"0"},"jnews_post_split":{"enable_post_split":"0","post_split":[{"template":"1","tag":"h2","numbering":"asc","mode":"normal","first":"0","enable_toc":"0","toc_type":"normal"}]},"footnotes":""},"categories":[325],"tags":[],"class_list":["post-39058","post","type-post","status-publish","format-standard","has-post-thumbnail","hentry","category-generos-y-diversidades"],"jetpack_featured_media_url":"https:\/\/atecordoba.org\/wp-content\/uploads\/2023\/09\/cabeza-1-e1695397214707.jpg","_links":{"self":[{"href":"https:\/\/atecordoba.org\/index.php?rest_route=\/wp\/v2\/posts\/39058","targetHints":{"allow":["GET"]}}],"collection":[{"href":"https:\/\/atecordoba.org\/index.php?rest_route=\/wp\/v2\/posts"}],"about":[{"href":"https:\/\/atecordoba.org\/index.php?rest_route=\/wp\/v2\/types\/post"}],"author":[{"embeddable":true,"href":"https:\/\/atecordoba.org\/index.php?rest_route=\/wp\/v2\/users\/7"}],"replies":[{"embeddable":true,"href":"https:\/\/atecordoba.org\/index.php?rest_route=%2Fwp%2Fv2%2Fcomments&post=39058"}],"version-history":[{"count":2,"href":"https:\/\/atecordoba.org\/index.php?rest_route=\/wp\/v2\/posts\/39058\/revisions"}],"predecessor-version":[{"id":39064,"href":"https:\/\/atecordoba.org\/index.php?rest_route=\/wp\/v2\/posts\/39058\/revisions\/39064"}],"wp:featuredmedia":[{"embeddable":true,"href":"https:\/\/atecordoba.org\/index.php?rest_route=\/wp\/v2\/media\/39060"}],"wp:attachment":[{"href":"https:\/\/atecordoba.org\/index.php?rest_route=%2Fwp%2Fv2%2Fmedia&parent=39058"}],"wp:term":[{"taxonomy":"category","embeddable":true,"href":"https:\/\/atecordoba.org\/index.php?rest_route=%2Fwp%2Fv2%2Fcategories&post=39058"},{"taxonomy":"post_tag","embeddable":true,"href":"https:\/\/atecordoba.org\/index.php?rest_route=%2Fwp%2Fv2%2Ftags&post=39058"}],"curies":[{"name":"wp","href":"https:\/\/api.w.org\/{rel}","templated":true}]}}