{"id":3903,"date":"2014-03-17T16:47:01","date_gmt":"2014-03-17T19:47:01","guid":{"rendered":"http:\/\/www.atecordoba.org\/?p=3903"},"modified":"2014-03-17T16:47:01","modified_gmt":"2014-03-17T19:47:01","slug":"otro-apriete-para-un-ano-de-ajuste","status":"publish","type":"post","link":"https:\/\/atecordoba.org\/?p=3903","title":{"rendered":"Otro apriete para un a\u00f1o de ajuste"},"content":{"rendered":"<p><em>Ante un a\u00f1o que adelanta altos niveles de conflictividad gremial, como resultado del ajuste que impulsan todos los niveles del Estado -cuyo resultado ya es un ca\u00edda del poder adquisitivo en el salario de los trabajadores-, el gobierno provincial impulsa un proyecto de ley de car\u00e1cter represivo e inconstitucional que \u00a0nuestra organizaci\u00f3n rechaza de plano y repudia en todos sus t\u00e9rminos.<\/em><\/p>\n<p><a href=\"http:\/\/www.atecordoba.org\/wp-content\/uploads\/2013\/05\/BOMBO-ATE.jpg\"><img loading=\"lazy\" decoding=\"async\" class=\"aligncenter size-full wp-image-2701\" alt=\"BOMBO ATE\" src=\"http:\/\/www.atecordoba.org\/wp-content\/uploads\/2013\/05\/BOMBO-ATE.jpg\" width=\"275\" height=\"183\" \/><\/a><\/p>\n<p>En la misma l\u00ednea que se expres\u00f3 la presidente de la Naci\u00f3n, Cristina Fern\u00e1ndez, durante su \u00faltimo discurso anual ante el Congreso, De la Sota pretende hacer aprobar en la Legislatura una norma que restrinja el derecho a huelga, imponiendo penas de prisi\u00f3n por medio de una modificaci\u00f3n del C\u00f3digo de Faltas.<\/p>\n<p>Seg\u00fan inform\u00f3 la prensa, y fue ratificado por los legisladores oficialistas con aval del propio gobernador, la Legislatura intenta reglamentar el derecho a huelga sobre ciertas actividades, que denominar\u00eda \u2018servicios esenciales\u2019.<\/p>\n<p>Est\u00e1 visto que las diferencias entre la Naci\u00f3n y la Provincia tienen que ver con conflictos de \u00edndole financiero, pero que comparten el diagn\u00f3stico sobre la reacci\u00f3n del pueblo organizado a trav\u00e9s de sus distintas organizaciones y que perge\u00f1an recetas similares para su represi\u00f3n.<\/p>\n<p>En este marco, no es casual que la Presidente haya reivindicado la canallesca condena de los petroleros de Las Heras, en la provincia de Santa Cruz, de la misma manera que el gobernador de C\u00f3rdoba intenta responder con represi\u00f3n y c\u00e1rcel a las leg\u00edtimas demandas de los trabajadores.<\/p>\n<p>Es la \u00fanica soluci\u00f3n que proponen, mientras cercenan la negociaci\u00f3n colectiva y obligan a los trabajadores a manifestarse y protestar como salida ante la falta de respuestas a los leg\u00edtimos reclamos de nuestro pueblo.<\/p>\n<p>Desde lo jur\u00eddico, la evidente inconstitucionalidad y nulidad del proyecto de ley anunciado se fundamenta en el art\u00edculo 75, inciso 12, de la Constituci\u00f3n Nacional que arroga al Congreso Nacional la facultad de legislar lo relacionado a la reglamentaci\u00f3n del trabajo, donde se encuentra claramente el derecho a huelga.<\/p>\n<p>Adem\u00e1s, ya existe una ley nacional, la 25877, que en su art\u00edculo 24 establece claramente seg\u00fan criterios de la Organizaci\u00f3n Internacional del Trabajo (OIT) cu\u00e1les son los servicios esenciales. De hecho, ATE se supedita a esa norma cuando un conflicto gremial incluye algunos de esos sectores espec\u00edficamente regulados, garantizando guardias m\u00ednimas en los servicios hospitalarios, al igual que en los servicios de control del transporte a\u00e9reo.<\/p>\n<p>Desde lo pol\u00edtico, es evidente el manotazo de ahogado que el gobierno provincial intentar dar, aprovechando la sensibilidad social que generan los conflictos gremiales en determinados sectores, con un fin oportunista y demag\u00f3gico, mientras omite resolver las causas reales que originan dichos conflictos.<\/p>\n<p>C\u00f3rdoba ya tiene antecedentes en este sentido, como el que impuls\u00f3 Ram\u00f3n Mestre (padre) durante su gesti\u00f3n municipal, haciendo aprobar por medio de una ordenanza una reglamentaci\u00f3n que restring\u00eda el derecho a huelga en el transporte p\u00fablico de la ciudad. El resultado fueron 14 paros y el pase al olvido de la norma.<\/p>\n<p>De igual manera, este proyecto del gobierno provincial pasar\u00e1 con pena y sin gloria a la historia como otro intento del poder por restringir un derecho humano fundamental como es el derecho a huelga, con el declarado objetivo de reprimir la protesta social y aplicar sin miramientos el ajuste ya en marcha.<\/p>\n<p style=\"text-align: right;\">Mar\u00eda Teresa Romero<\/p>\n<p style=\"text-align: right;\">Secretaria General<\/p>\n","protected":false},"excerpt":{"rendered":"<p>Ante un a\u00f1o que adelanta altos niveles de conflictividad gremial, como resultado del ajuste que impulsan todos los niveles del Estado -cuyo resultado ya es un ca\u00edda del poder adquisitivo en el salario de los trabajadores-, el gobierno provincial impulsa un proyecto de ley de car\u00e1cter represivo e inconstitucional que \u00a0nuestra organizaci\u00f3n rechaza de plano [&hellip;]<\/p>\n","protected":false},"author":1,"featured_media":19220,"comment_status":"open","ping_status":"open","sticky":false,"template":"","format":"standard","meta":{"_exactmetrics_skip_tracking":false,"_exactmetrics_sitenote_active":false,"_exactmetrics_sitenote_note":"","_exactmetrics_sitenote_category":0,"jnews-multi-image_gallery":[],"jnews_single_post":[],"jnews_primary_category":[],"jnews_social_meta":[],"jnews_review":[],"enable_review":"","type":"","name":"","summary":"","brand":"","sku":"","good":[],"bad":[],"score_override":"","override_value":"","rating":[],"price":[],"jnews_override_counter":[],"jnews_post_split":[],"footnotes":""},"categories":[53,7,20,18,8],"tags":[],"class_list":["post-3903","post","type-post","status-publish","format-standard","has-post-thumbnail","hentry","category-comunicados-de-prensa","category-hospitales","category-municipales","category-nacionales","category-provinciales"],"jetpack_featured_media_url":"https:\/\/atecordoba.org\/wp-content\/uploads\/2020\/05\/logo-nuevochico-e1561581322808.png","_links":{"self":[{"href":"https:\/\/atecordoba.org\/index.php?rest_route=\/wp\/v2\/posts\/3903","targetHints":{"allow":["GET"]}}],"collection":[{"href":"https:\/\/atecordoba.org\/index.php?rest_route=\/wp\/v2\/posts"}],"about":[{"href":"https:\/\/atecordoba.org\/index.php?rest_route=\/wp\/v2\/types\/post"}],"author":[{"embeddable":true,"href":"https:\/\/atecordoba.org\/index.php?rest_route=\/wp\/v2\/users\/1"}],"replies":[{"embeddable":true,"href":"https:\/\/atecordoba.org\/index.php?rest_route=%2Fwp%2Fv2%2Fcomments&post=3903"}],"version-history":[{"count":0,"href":"https:\/\/atecordoba.org\/index.php?rest_route=\/wp\/v2\/posts\/3903\/revisions"}],"wp:featuredmedia":[{"embeddable":true,"href":"https:\/\/atecordoba.org\/index.php?rest_route=\/wp\/v2\/media\/19220"}],"wp:attachment":[{"href":"https:\/\/atecordoba.org\/index.php?rest_route=%2Fwp%2Fv2%2Fmedia&parent=3903"}],"wp:term":[{"taxonomy":"category","embeddable":true,"href":"https:\/\/atecordoba.org\/index.php?rest_route=%2Fwp%2Fv2%2Fcategories&post=3903"},{"taxonomy":"post_tag","embeddable":true,"href":"https:\/\/atecordoba.org\/index.php?rest_route=%2Fwp%2Fv2%2Ftags&post=3903"}],"curies":[{"name":"wp","href":"https:\/\/api.w.org\/{rel}","templated":true}]}}