{"id":38985,"date":"2023-09-18T14:12:42","date_gmt":"2023-09-18T17:12:42","guid":{"rendered":"https:\/\/atecordoba.org\/?p=38985"},"modified":"2023-09-18T14:12:42","modified_gmt":"2023-09-18T17:12:42","slug":"jorge-julio-lopez-desaparecido-en-democracia","status":"publish","type":"post","link":"https:\/\/atecordoba.org\/?p=38985","title":{"rendered":"Jorge Julio L\u00f3pez, desaparecido en democracia"},"content":{"rendered":"<div class=\"wp-block-image\">\n<figure class=\"aligncenter size-large is-resized\"><img loading=\"lazy\" decoding=\"async\" src=\"https:\/\/atecordoba.org\/wp-content\/uploads\/2023\/09\/WhatsApp-Image-2023-09-18-at-13.21.58-1024x1024.jpeg\" alt=\"\" class=\"wp-image-38986\" width=\"768\" height=\"768\" \/><\/figure>\n<\/div>\n\n\n<p>(fuente: tiempodelsur.com.ar)<\/p>\n\n\n\n<p>Jorge Julio L\u00f3pez fue un militante peronista y alba\u00f1il retirado argentino que fue v\u00edctima de desaparici\u00f3n forzada durante la \u00faltima dictadura argentina (1976-1983) y confinado varios a\u00f1os en distintos centros clandestinos de detenci\u00f3n. Sobrevivi\u00f3 a esta experiencia y, ya restaurada la democracia, se present\u00f3 como testigo en los Juicios por la Verdad abiertos en 1998. Luego de que el Congreso Nacional y la Corte Suprema anularan las leyes de impunidad en 2003, L\u00f3pez declar\u00f3 como v\u00edctima y testigo en el juicio por delitos de lesa humanidad en el que fue condenado a prisi\u00f3n perpetua el represor Miguel Etchecolatz. Poco despu\u00e9s de declarar y un d\u00eda antes de que se dictara la sentencia condenatoria, desapareci\u00f3 sin que existan noticias sobre qu\u00e9 le sucedi\u00f3. Las sospechas recaen en alg\u00fan grupo parapolicial vinculado con la fuerza.<\/p>\n\n\n\n<p><strong>Primera desaparici\u00f3n<\/strong><\/p>\n\n\n\n<p>Sin tener una adhesi\u00f3n expl\u00edcita al peronismo, debi\u00f3 dejar en 1955 su pueblo natal en la localidad rural de General Villegas, debido a la persecuci\u00f3n contra el peronismo llevada adelante por la dictadura autodenominada Revoluci\u00f3n Libertadora. Se instal\u00f3 en Los Hornos, un barrio perteneciente a la ciudad de La Plata. All\u00ed se dedic\u00f3 a la alba\u00f1iler\u00eda.<\/p>\n\n\n\n<p>En 1973, luego de derrocada la dictadura autodenominada Revoluci\u00f3n Argentina e instalado el gobierno democr\u00e1tico de H\u00e9ctor J. C\u00e1mpora, comenz\u00f3 a colaborar con la unidad b\u00e1sica Juan Pablo Maestre, ubicada a pocas cuadras de su casa, simpatizando con la Tendencia Revolucionaria del peronismo, liderada por el grupo guerrillero Montoneros.<\/p>\n\n\n\n<p>El 24 de marzo de 1976 fue derrocado el gobierno constitucional, tomando el poder una dictadura autodenominada Proceso de Reorganizaci\u00f3n Nacional. La noche del 27 de octubre de 1976 fuerzas de seguridad ingresaron a Los Hornos con el fin de secuestrar a los militantes del barrio. Entre los detenidos-desaparecidos se encontraba Jorge Julio L\u00f3pez.<\/p>\n\n\n\n<p>Las fuerzas que lo secuestraron junto a las dem\u00e1s personas estaban bajo el mando de Miguel Etchecolatz, por entonces director de Investigaciones de la Polic\u00eda Bonaerense y mano derecha del entonces jefe de Polic\u00eda de la provincia, Ram\u00f3n Camps. Como director de Investigaciones, Etchecolatz dirig\u00eda los 21 centros clandestinos de detenci\u00f3n (CCD) que hab\u00eda instalado la polic\u00eda provincial para torturar, violar y finalmente asesinar a las personas detenidas y hacer desaparecer sus cad\u00e1veres.? La red de CCDs de la polic\u00eda provincial es conocida como &#8220;el circuito Camps&#8221;.<\/p>\n\n\n\n<p>Estuvo detenido-desaparecido en cuatro centros clandestinos: Cuatrerismo, Pozo de Arana, la Comisar\u00eda Quinta y la Comisar\u00eda Octava. All\u00ed sufri\u00f3 torturas y presenci\u00f3 varios asesinatos, entre ellos los de dos compa\u00f1eros de militancia en el barrio, Ambrosio Francisco de Marco y Patricia Dell&#8217;Orto.<\/p>\n\n\n\n<p>El 4 de abril de 1977, cinco meses y cinco d\u00edas despu\u00e9s de haber sido secuestrado, fue &#8220;blanqueado&#8221; cuando el dictador Jorge Rafael Videla dispuso formalmente su detenci\u00f3n sin juicio en la Unidad Penal N\u00ba 9 de La Plata, de donde fue liberado el 25 de junio de 1979.?<\/p>\n\n\n\n<p><strong>Investigaci\u00f3n y persecuci\u00f3n de los culpables<\/strong><\/p>\n\n\n\n<p>Luego de ser liberado, se mantuvo en silencio, incluso con su propia familia, durante varios a\u00f1os y volvi\u00f3 a trabajar con el mismo empleador para el que lo hac\u00eda antes de su desaparici\u00f3n. Pero sigilosamente y de manera individual, comenz\u00f3 a identificar lugares y personas relacionadas con su secuestro. Esas investigaciones y sus pensamientos formaron una colecci\u00f3n de escritos, que mantuvo en la m\u00e1s estricta reserva, y que agrup\u00f3 bajo el t\u00edtulo de Archivo negro de los a\u00f1os en que uno viv\u00eda a donde termina la vida y empieza la muerte.?<\/p>\n\n\n\n<p>Toda posibilidad de investigar su secuestro y castigar a los culpables se diluy\u00f3 cuando los gobiernos de Ra\u00fal Alfons\u00edn y Carlos Menem sancionaron las llamadas leyes de impunidad, que cancelaron los juicios por violaciones de derechos humanos, con las cuales estuvo inicialmente de acuerdo.<\/p>\n\n\n\n<p>A fines de la d\u00e9cada de 1990 y ante la imposibilidad de enjuiciar a los responsables de los delitos de lesa humanidad, las v\u00edctimas, sus familiares y las organizaciones de derechos humanos lograron abrir lo que se conoci\u00f3 como los Juicios por la Verdad.<\/p>\n\n\n\n<p>El 7 de julio de 1999 declar\u00f3 como testigo en el Juicio por la Verdad de La Plata,? sin que se enterara ning\u00fan miembro de su familia, que lo supo debido a que un diario local public\u00f3 la noticia en un peque\u00f1o recuadro.? All\u00ed relat\u00f3 en detalle, ante los jueces de la C\u00e1mara de Federal de Apelaciones, su secuestro, las torturas sufridas, los asesinatos, violaciones y dem\u00e1s delitos de lesa humanidad que presenci\u00f3, y los diferentes centros clandestinos en los que estuvo.?<\/p>\n\n\n\n<p>En 2003 el Congreso de la Naci\u00f3n declar\u00f3 la nulidad de las leyes de Punto Final y Obediencia Debida sancionadas durante el gobierno de Alfons\u00edn y en 2006 la C\u00e1mara de Casaci\u00f3n Penal, m\u00e1ximo tribunal penal de la Argentina, consider\u00f3 que los indultos concedidos por el presidente Menem eran inconstitucionales.? La anulaci\u00f3n de las llamadas leyes de impunidad permiti\u00f3 que se reabrieran los juicios por delitos de lesa humanidad cometidos hasta 1983. El primero de esos juicios reabiertos fue el que se sigui\u00f3 contra Miguel Etchecolatz, uno de los principales responsables de los delitos cometidos contra Jorge L\u00f3pez.?<\/p>\n\n\n\n<p>Declar\u00f3 como testigo en la causa contra Echecolatz el 28 de junio de 2006. Sus hijos, que nunca lo hab\u00edan o\u00eddo contar lo que le hab\u00eda sucedido, estuvieron presentes y lloraron. Dos meses y medio despu\u00e9s, el 18 de septiembre de 2006 era el d\u00eda de los alegatos. L\u00f3pez hab\u00eda arreglado con su sobrino Hugo Savegnago que lo pasara a buscar por su casa, con el fin de asistir al tribunal. Ese d\u00eda desapareci\u00f3 por segunda vez.? Al d\u00eda siguiente, Etchecolatz fue condenado a cadena perpetua por los delitos de lesa humanidad cometidos contra L\u00f3pez y otras personas.<\/p>\n\n\n\n<p>El 24 de octubre de 2014, Etchecolatz y otros catorce represores fueron condenados por delitos cometidos en el centro de detenci\u00f3n clandestino de La Cacha. Mientras se le\u00eda la sentencia, el fot\u00f3grafo Leo Vaca del portal Infojus, tom\u00f3 varias fotograf\u00edas a Etchecolatz sosteniendo un papel, donde se le\u00eda escrita a mano la siguiente anotaci\u00f3n: &#8220;Jorge Julio L\u00f3pez&#8221;.?<\/p>\n\n\n\n<p><strong>Segunda desaparici\u00f3n<\/strong><\/p>\n\n\n\n<p>El d\u00eda 18 de septiembre de 2006 ?el d\u00eda antes de la condena de Etchecolatz? L\u00f3pez desapareci\u00f3 sin dejar rastros, en la ciudad de La Plata.? Ese d\u00eda hab\u00eda quedado con su sobrino Hugo Savegnago, para que lo pasara a buscar por su casa en Los Hornos para asistir al tribunal a escuchar los alegatos del juicio contra Etchecolatz. Sin embargo, sali\u00f3 de su casa sin esperar a su sobrino. Camin\u00f3 varias cuadras y fue visto por varios testigos. La \u00faltima persona que lo vio fue un vecino suyo, Abel Horacio Ponce, parado en la calle 66, \u201centre la verduler\u00eda y el local de Edelap\u201d.<\/p>\n\n\n\n<p><strong>Investigaci\u00f3n de su segunda desaparici\u00f3n<\/strong><\/p>\n\n\n\n<p>La causa judicial formada para investigar su desaparici\u00f3n fue asignada al Juzgado Federal N\u00ba 1 de La Plata, a cargo del juez Manuel Blanco hasta su muerte en 2014.? Llev\u00f3 el n\u00famero 16 060.? Durante los primeros dieciocho meses la causa fue caratulada como desaparici\u00f3n simple y la investigaci\u00f3n del hecho qued\u00f3 a cargo de la Polic\u00eda Bonaerense, la misma fuerza de la que Etchecolatz hab\u00eda sido un alto funcionario.<\/p>\n\n\n\n<p>El 30 de diciembre de 2006 el entonces presidente de la Naci\u00f3n, N\u00e9stor Kirchner, habl\u00f3 por cadena nacional para referirse a las desapariciones de Jorge Julio L\u00f3pez y Luis Gerez, testigo en el caso de los cr\u00edmenes de lesa humanidad de Luis Patti. Kirchner consider\u00f3 que se trataba de secuestros realizados por grupos para-policiales o para-militares integrados por la &#8220;mano de obra desocupada&#8221;, que buscaban amedrentar a jueces y testigos, con el fin de frenar los juicios reabiertos y lograr una amnist\u00eda. Kirchner convoc\u00f3 a utilizar y mejorar los mecanismos de protecci\u00f3n a testigos, as\u00ed como a actuar sobre las fuerzas de seguridad para superar la descomposici\u00f3n que signific\u00f3 esa participaci\u00f3n en la represi\u00f3n ilegal y recuperar capacidad investigativa a favor de la ciudadan\u00eda.? En 2007, el presidente Kirchner recibi\u00f3 a la familia de Jorge L\u00f3pez.<\/p>\n\n\n\n<p>En mayo de 2008, la causa fue caratulada \u201cL\u00f3pez, Jorge Julio, s\/ desaparici\u00f3n forzada de personas\u201d y la Polic\u00eda Bonaerense fue apartada de la investigaci\u00f3n.? Al momento de la desaparici\u00f3n de L\u00f3pez, el gobernador de la Provincia de Buenos Aires era Felipe Sol\u00e1 y su ministro de Seguridad, Le\u00f3n Arslani\u00e1n. Hasta 2017 la investigaci\u00f3n judicial no hab\u00eda podido determinar qu\u00e9 le sucedi\u00f3 a Jorge Julio L\u00f3pez, ni encontrar sus restos en caso de haber sido asesinado \u2014hip\u00f3tesis sobre la que existe un amplio consenso\u2014, responsables, part\u00edcipes ni encubridores.? Arslani\u00e1n inform\u00f3 a\u00f1os despu\u00e9s que &#8220;en el caso de L\u00f3pez hab\u00eda un c\u00famulo de indicios que apuntaban al grupo de tareas sup\u00e9rstite del ex jefe de la Polic\u00eda Bonaerense Miguel Etchecolatz&#8221;.<\/p>\n\n\n\n<p>Los organismos de derechos humanos sostuvieron desde un primer momento que se trataba de un delito en el que hab\u00edan participado miembros de las fuerzas de seguridad retirados y en actividad. Cuestionaron la investigaci\u00f3n judicial y las operaciones tendientes a establecer pistas falsas.<\/p>\n\n\n\n<p>Las sospechas sobre Etchecolatz se fortalecieron en 2014, cuando un fot\u00f3grafo descubri\u00f3 que, en el momento de o\u00edr su condena en otro caso de violaci\u00f3n de derechos humanos, el represor ten\u00eda en sus manos un papel donde se le\u00eda escrita a mano la siguiente anotaci\u00f3n: &#8220;Jorge Julio L\u00f3pez&#8221;.<\/p>\n","protected":false},"excerpt":{"rendered":"<p>(fuente: tiempodelsur.com.ar) Jorge Julio L\u00f3pez fue un militante peronista y alba\u00f1il retirado argentino que fue v\u00edctima de desaparici\u00f3n forzada durante la \u00faltima dictadura argentina (1976-1983) y confinado varios a\u00f1os en distintos centros clandestinos de detenci\u00f3n. Sobrevivi\u00f3 a esta experiencia y, ya restaurada la democracia, se present\u00f3 como testigo en los Juicios por la Verdad abiertos [&hellip;]<\/p>\n","protected":false},"author":7,"featured_media":38986,"comment_status":"open","ping_status":"open","sticky":false,"template":"","format":"standard","meta":{"_exactmetrics_skip_tracking":false,"_exactmetrics_sitenote_active":false,"_exactmetrics_sitenote_note":"","_exactmetrics_sitenote_category":0,"jnews-multi-image_gallery":[],"jnews_single_post":{"subtitle":"Ten\u00eda 76 a\u00f1os y su testimonio hab\u00eda sido determinante en el juicio contra el ex comisario Miguel Etchecolatz en La Plata. El alba\u00f1il desaparece un d\u00eda antes que se dictara condena por genocidio a la mano derecha de Ram\u00f3n Camps durante el terrorismo de Estado en la provincia de Buenos Aires. L\u00f3pez hab\u00eda sido secuestrado en octubre de 1976 y pas\u00f3 por varios centros clandestinos hasta que en abril de 1977 fue puesto a disposici\u00f3n del Poder Ejecutivo. Estuvo dos a\u00f1os preso hasta su liberaci\u00f3n y decidi\u00f3 declarar en junio de 2006 en el juicio a Etchecolatz. Hab\u00eda quedado con un sobrino en ir juntos a ver los alegatos del juicio cuando sali\u00f3 de su casa y se lo vio por \u00faltima vez. No se ha podido dar con \u00e9l desde su segunda desaparici\u00f3n.","format":"standard","video":"","gallery":"","source_name":"","source_url":"","via_name":"","via_url":"","override_template":"0","override":[{"template":"1","single_blog_custom":"","parallax":"1","fullscreen":"1","layout":"no-sidebar-narrow","sidebar":"default-sidebar","second_sidebar":"default-sidebar","sticky_sidebar":"1","share_position":"bottom","share_float_style":"share-monocrhome","show_share_counter":"1","show_view_counter":"1","show_featured":"0","show_post_meta":"1","show_post_author":"0","show_post_author_image":"1","show_post_date":"1","post_date_format":"default","post_date_format_custom":"Y\/m\/d","show_post_category":"1","show_post_reading_time":"0","post_reading_time_wpm":"300","show_zoom_button":"0","zoom_button_out_step":"2","zoom_button_in_step":"3","show_post_tag":"1","show_prev_next_post":"0","show_popup_post":"0","number_popup_post":"1","show_author_box":"0","show_post_related":"1","show_inline_post_related":"0"}],"override_image_size":"0","image_override":[{"single_post_thumbnail_size":"crop-500","single_post_gallery_size":"crop-500"}],"trending_post":"0","trending_post_position":"meta","trending_post_label":"Trending","sponsored_post":"0","sponsored_post_label":"Sponsored by","sponsored_post_name":"","sponsored_post_url":"","sponsored_post_logo_enable":"0","sponsored_post_logo":"","sponsored_post_desc":"","disable_ad":"0"},"jnews_primary_category":{"id":"","hide":""},"jnews_social_meta":{"fb_title":"","fb_description":"","fb_image":"","twitter_title":"","twitter_description":"","twitter_image":""},"jnews_review":[],"enable_review":"0","type":"percentage","name":"","summary":"","brand":"","sku":"","good":[{"good_text":""}],"bad":[{"bad_text":""}],"score_override":"","override_value":"","rating":[{"rating_text":"","rating_number":"10"}],"price":[{"shop":"","price":"","link":"","icon":""}],"jnews_override_counter":{"override_view_counter":"0","view_counter_number":"0","override_share_counter":"0","share_counter_number":"0","override_like_counter":"0","like_counter_number":"0","override_dislike_counter":"0","dislike_counter_number":"0"},"jnews_post_split":{"enable_post_split":"0","post_split":[{"template":"1","tag":"h2","numbering":"asc","mode":"normal","first":"0","enable_toc":"0","toc_type":"normal"}]},"footnotes":""},"categories":[122],"tags":[],"class_list":["post-38985","post","type-post","status-publish","format-standard","has-post-thumbnail","hentry","category-ddhh"],"jetpack_featured_media_url":"https:\/\/atecordoba.org\/wp-content\/uploads\/2023\/09\/WhatsApp-Image-2023-09-18-at-13.21.58-e1695057156180.jpeg","_links":{"self":[{"href":"https:\/\/atecordoba.org\/index.php?rest_route=\/wp\/v2\/posts\/38985","targetHints":{"allow":["GET"]}}],"collection":[{"href":"https:\/\/atecordoba.org\/index.php?rest_route=\/wp\/v2\/posts"}],"about":[{"href":"https:\/\/atecordoba.org\/index.php?rest_route=\/wp\/v2\/types\/post"}],"author":[{"embeddable":true,"href":"https:\/\/atecordoba.org\/index.php?rest_route=\/wp\/v2\/users\/7"}],"replies":[{"embeddable":true,"href":"https:\/\/atecordoba.org\/index.php?rest_route=%2Fwp%2Fv2%2Fcomments&post=38985"}],"version-history":[{"count":1,"href":"https:\/\/atecordoba.org\/index.php?rest_route=\/wp\/v2\/posts\/38985\/revisions"}],"predecessor-version":[{"id":38987,"href":"https:\/\/atecordoba.org\/index.php?rest_route=\/wp\/v2\/posts\/38985\/revisions\/38987"}],"wp:featuredmedia":[{"embeddable":true,"href":"https:\/\/atecordoba.org\/index.php?rest_route=\/wp\/v2\/media\/38986"}],"wp:attachment":[{"href":"https:\/\/atecordoba.org\/index.php?rest_route=%2Fwp%2Fv2%2Fmedia&parent=38985"}],"wp:term":[{"taxonomy":"category","embeddable":true,"href":"https:\/\/atecordoba.org\/index.php?rest_route=%2Fwp%2Fv2%2Fcategories&post=38985"},{"taxonomy":"post_tag","embeddable":true,"href":"https:\/\/atecordoba.org\/index.php?rest_route=%2Fwp%2Fv2%2Ftags&post=38985"}],"curies":[{"name":"wp","href":"https:\/\/api.w.org\/{rel}","templated":true}]}}