{"id":38969,"date":"2023-09-15T12:56:42","date_gmt":"2023-09-15T15:56:42","guid":{"rendered":"https:\/\/atecordoba.org\/?p=38969"},"modified":"2023-09-15T12:56:42","modified_gmt":"2023-09-15T15:56:42","slug":"aguiar-acordamos-con-massa-avanzar-en-la-creacion-de-un-consejo-del-salario-municipal","status":"publish","type":"post","link":"https:\/\/atecordoba.org\/?p=38969","title":{"rendered":"Aguiar: &#8220;acordamos con Massa avanzar en la creaci\u00f3n de un Consejo del Salario Municipal&#8221;"},"content":{"rendered":"<div class=\"wp-block-image\">\n<figure class=\"aligncenter size-large is-resized\"><img loading=\"lazy\" decoding=\"async\" src=\"https:\/\/atecordoba.org\/wp-content\/uploads\/2023\/09\/rodimassa-1024x683.jpg\" alt=\"\" class=\"wp-image-38970\" width=\"768\" height=\"512\" \/><\/figure>\n<\/div>\n\n\n<p>En un encuentro mantenido con el ministro de Econom\u00eda, Sergio Massa, el secretario General Electo de ATE Nacional, Rodolfo Aguiar, acord\u00f3 avanzar en un Consejo del Salario Municipal para mejorar uno de los sectores m\u00e1s postergados en el empleo p\u00fablico. &#8220;La mayor\u00eda de los municipales son pobres y son absolutamente discriminados, est\u00e1n en la banquina en materia de derechos laborales&#8221;, dijo Aguiar para fundamentar la iniciativa.<\/p>\n\n\n\n<p>&#8220;Debemos pensar en un instituto legal o en construir un \u00e1mbito nacional que sirva para garantizar un piso de dignidad a todos los trabajadores municipales del pa\u00eds. Existi\u00f3 plena coincidencia con el ministro acerca del escenario cr\u00edtico que enfrentan los trabajadores de este sector y la necesidad de intervenir para generar una mayor equidad&#8221;, explic\u00f3 el dirigente.<\/p>\n\n\n\n<p>Y remarc\u00f3 que la mayor\u00eda de los intendentes gestionan precarizaci\u00f3n y explotaci\u00f3n laboral en sus municipios. En ese marco, el Consejo del Salario Municipal permitir\u00eda, con intervenci\u00f3n del Estado nacional, fijar ingresos m\u00ednimos al menos en las comunas que puedan probar que sus presupuestos resultan insuficientes.<\/p>\n\n\n\n<p>&#8220;Nunca se cumpli\u00f3 el precepto constitucional de que por igual tarea debe existir igual remuneraci\u00f3n. Lleg\u00f3 la hora que este derecho se haga realidad. Si esto no sucede, la conflictividad comenzar\u00e1 a crecer en miles de municipalidades. Las autonom\u00edas que defienden los intendentes deben servir para garantizar y crear derechos, no para vulnerarlos&#8221;, reclam\u00f3 Aguiar.<\/p>\n\n\n\n<p>Y finalizando anunciando que &#8220;vamos a mantener un nuevo encuentro con Massa luego de las elecciones generales para compartir los trabajos que ambos encargamos a nuestros equipos t\u00e9cnicos. Esta medida permitir\u00eda mejorar las condiciones laborales de un amplio sector de la sociedad, ya que mientras que 700 mil trabajadores prestan servicios en el estado nacional y 2 millones en los provinciales, son m\u00e1s de medio mill\u00f3n los que brindan servicios en los m\u00e1s de 2 mil municipios y comunas\u00a0del\u00a0pa\u00eds&#8221;.<\/p>\n","protected":false},"excerpt":{"rendered":"<p>En un encuentro mantenido con el ministro de Econom\u00eda, Sergio Massa, el secretario General Electo de ATE Nacional, Rodolfo Aguiar, acord\u00f3 avanzar en un Consejo del Salario Municipal para mejorar uno de los sectores m\u00e1s postergados en el empleo p\u00fablico. &#8220;La mayor\u00eda de los municipales son pobres y son absolutamente discriminados, est\u00e1n en la banquina [&hellip;]<\/p>\n","protected":false},"author":7,"featured_media":38970,"comment_status":"open","ping_status":"open","sticky":false,"template":"","format":"standard","meta":{"_exactmetrics_skip_tracking":false,"_exactmetrics_sitenote_active":false,"_exactmetrics_sitenote_note":"","_exactmetrics_sitenote_category":0,"jnews-multi-image_gallery":[],"jnews_single_post":{"subtitle":"Aguiar Rodolfo remarc\u00f3 que la mayor\u00eda de los intendentes gestionan precarizaci\u00f3n y explotaci\u00f3n laboral en sus municipios. \"El Consejo del Salario Municipal permitir\u00eda, con intervenci\u00f3n del Estado nacional, fijar ingresos m\u00ednimos al menos en las comunas que puedan probar que sus presupuestos resultan insuficientes\", dijo.","format":"standard","video":"","gallery":"","source_name":"","source_url":"","via_name":"","via_url":"","override_template":"0","override":[{"template":"1","single_blog_custom":"","parallax":"1","fullscreen":"1","layout":"no-sidebar-narrow","sidebar":"default-sidebar","second_sidebar":"default-sidebar","sticky_sidebar":"1","share_position":"bottom","share_float_style":"share-monocrhome","show_share_counter":"1","show_view_counter":"1","show_featured":"0","show_post_meta":"1","show_post_author":"0","show_post_author_image":"1","show_post_date":"1","post_date_format":"default","post_date_format_custom":"Y\/m\/d","show_post_category":"1","show_post_reading_time":"0","post_reading_time_wpm":"300","show_zoom_button":"0","zoom_button_out_step":"2","zoom_button_in_step":"3","show_post_tag":"1","show_prev_next_post":"0","show_popup_post":"0","number_popup_post":"1","show_author_box":"0","show_post_related":"1","show_inline_post_related":"0"}],"override_image_size":"0","image_override":[{"single_post_thumbnail_size":"crop-500","single_post_gallery_size":"crop-500"}],"trending_post":"0","trending_post_position":"meta","trending_post_label":"Trending","sponsored_post":"0","sponsored_post_label":"Sponsored by","sponsored_post_name":"","sponsored_post_url":"","sponsored_post_logo_enable":"0","sponsored_post_logo":"","sponsored_post_desc":"","disable_ad":"0"},"jnews_primary_category":{"id":"","hide":""},"jnews_social_meta":{"fb_title":"","fb_description":"","fb_image":"","twitter_title":"","twitter_description":"","twitter_image":""},"jnews_review":[],"enable_review":"0","type":"percentage","name":"","summary":"","brand":"","sku":"","good":[{"good_text":""}],"bad":[{"bad_text":""}],"score_override":"","override_value":"","rating":[{"rating_text":"","rating_number":"10"}],"price":[{"shop":"","price":"","link":"","icon":""}],"jnews_override_counter":{"override_view_counter":"0","view_counter_number":"0","override_share_counter":"0","share_counter_number":"0","override_like_counter":"0","like_counter_number":"0","override_dislike_counter":"0","dislike_counter_number":"0"},"jnews_post_split":{"enable_post_split":"0","post_split":[{"template":"1","tag":"h2","numbering":"asc","mode":"normal","first":"0","enable_toc":"0","toc_type":"normal"}]},"footnotes":""},"categories":[20],"tags":[],"class_list":["post-38969","post","type-post","status-publish","format-standard","has-post-thumbnail","hentry","category-municipales"],"jetpack_featured_media_url":"https:\/\/atecordoba.org\/wp-content\/uploads\/2023\/09\/rodimassa-e1694793396890.jpg","_links":{"self":[{"href":"https:\/\/atecordoba.org\/index.php?rest_route=\/wp\/v2\/posts\/38969","targetHints":{"allow":["GET"]}}],"collection":[{"href":"https:\/\/atecordoba.org\/index.php?rest_route=\/wp\/v2\/posts"}],"about":[{"href":"https:\/\/atecordoba.org\/index.php?rest_route=\/wp\/v2\/types\/post"}],"author":[{"embeddable":true,"href":"https:\/\/atecordoba.org\/index.php?rest_route=\/wp\/v2\/users\/7"}],"replies":[{"embeddable":true,"href":"https:\/\/atecordoba.org\/index.php?rest_route=%2Fwp%2Fv2%2Fcomments&post=38969"}],"version-history":[{"count":1,"href":"https:\/\/atecordoba.org\/index.php?rest_route=\/wp\/v2\/posts\/38969\/revisions"}],"predecessor-version":[{"id":38971,"href":"https:\/\/atecordoba.org\/index.php?rest_route=\/wp\/v2\/posts\/38969\/revisions\/38971"}],"wp:featuredmedia":[{"embeddable":true,"href":"https:\/\/atecordoba.org\/index.php?rest_route=\/wp\/v2\/media\/38970"}],"wp:attachment":[{"href":"https:\/\/atecordoba.org\/index.php?rest_route=%2Fwp%2Fv2%2Fmedia&parent=38969"}],"wp:term":[{"taxonomy":"category","embeddable":true,"href":"https:\/\/atecordoba.org\/index.php?rest_route=%2Fwp%2Fv2%2Fcategories&post=38969"},{"taxonomy":"post_tag","embeddable":true,"href":"https:\/\/atecordoba.org\/index.php?rest_route=%2Fwp%2Fv2%2Ftags&post=38969"}],"curies":[{"name":"wp","href":"https:\/\/api.w.org\/{rel}","templated":true}]}}