{"id":3895,"date":"2014-03-13T17:04:46","date_gmt":"2014-03-13T20:04:46","guid":{"rendered":"http:\/\/www.atecordoba.org\/?p=3895"},"modified":"2014-03-13T17:04:46","modified_gmt":"2014-03-13T20:04:46","slug":"el-hospital-neonatal-eligio-cuatro-nuevos-delegados","status":"publish","type":"post","link":"https:\/\/atecordoba.org\/?p=3895","title":{"rendered":"El Hospital Neonatal eligi\u00f3 cuatro nuevos delegados"},"content":{"rendered":"<p><em>Una nutrida participaci\u00f3n de los compa\u00f1eros del hospital Neonatal consagraron a cuatro nuevo delegados de ATE en el sector. Sumado a las elecciones en el San Roque y el Neuropsiqui\u00e1trico se confirma el crecimiento organizativo de nuestro gremio en la salud provincial.<\/em><\/p>\n<p style=\"text-align: center;\"><a href=\"http:\/\/www.atecordoba.org\/wp-content\/uploads\/2014\/03\/votacion-neonatal.png\"><img loading=\"lazy\" decoding=\"async\" class=\"aligncenter  wp-image-3896\" alt=\"votacion neonatal\" src=\"http:\/\/www.atecordoba.org\/wp-content\/uploads\/2014\/03\/votacion-neonatal.png\" width=\"560\" height=\"369\" \/><\/a><\/p>\n<p style=\"text-align: center;\">\n<p style=\"text-align: left;\">Como resultado del escrutinio fueron elegidos los compa\u00f1eros\u00a0Su\u00e1rez, Diego Ch\u00e1vez, Patricia Altamirano y H\u00e9ctor Ortiz, con mandato pro los pr\u00f3ximos dos a\u00f1os. Esta elecci\u00f3n expresa el importante crecimiento organizativo de ATE en el sector salud, tras el prolongado plan de lucha que realizaron los hospitales provinciales, y que dio por resultado que el gobierno provincial reconociera oficialmente a nuevo gremio como leg\u00edtimo representante de los trabajadores provinciales, tal como lo estableci\u00f3 la justicia nacional en su momento.<\/p>\n<p style=\"text-align: left;\">Concluida la elecci\u00f3n, el nuevo delegado H\u00e9ctor Ortiz felicit\u00f3 a los compa\u00f1eros por la importante participaci\u00f3n a la hora de emitir el voto, s\u00edntoma de la necesidad que tienen los trabajadores de contar con una representaci\u00f3n genuina en el sector, en el marco de la convivencia entre distintos gremios que ATE defiende hist\u00f3ricamente para profundizar la libertad y democracia sindical. &#8220;Vamos por un nuevo camino por m\u00e1s que otros se pongan nerviosos. Sabemos lo que hace falta en el hospital y contamos con el apoyo de los compa\u00f1eros&#8221;, dijo Ortiz.<\/p>\n<p style=\"text-align: left;\">El delegado afirm\u00f3 que &#8220;el tema salarial es el m\u00e1s complicado. No han quedado conformes los compa\u00f1eros con el acuerdo que cerr\u00f3 el gobierno con el SEP. Necesitamos un b\u00e1sico de 8000 pesos, porque los 1000 que nos dieron para las categor\u00edas mas bajas es una burla&#8221;.<\/p>\n<p>Ortiz profundiz\u00f3 sobre la grave situaci\u00f3n laboral que se vive en el Neonatal al se\u00f1alar que &#8220;a los precarizados los extorsionan, les hace perder los francos o \u00a0trabajar los fines de semana con francos compensatorios. A la noche no les pagan trabajo nocturno. Pasa con los becarios, pasantes,\u00a0monotributos y contratados. Por eso necesit\u00e1bamos una herramienta de representaci\u00f3n gremial y la encontramos en ATE ante tanta falta de un sindicato que nos defienda&#8221;.<\/p>\n<p>Y a\u00f1adi\u00f3: &#8220;la gente respondi\u00f3 espont\u00e1neamente a la convocatoria de elegir delegados y eso es algo muy bueno, por la cantidad de gente que se acerc\u00f3&#8221;.<\/p>\n<p style=\"text-align: center;\">\u00a0<a href=\"http:\/\/www.atecordoba.org\/wp-content\/uploads\/2014\/03\/bandera-neonatal.png\"><img loading=\"lazy\" decoding=\"async\" class=\"aligncenter  wp-image-3897\" alt=\"bandera neonatal\" src=\"http:\/\/www.atecordoba.org\/wp-content\/uploads\/2014\/03\/bandera-neonatal.png\" width=\"561\" height=\"363\" \/><\/a><\/p>\n<p>&nbsp;<\/p>\n","protected":false},"excerpt":{"rendered":"<p>Una nutrida participaci\u00f3n de los compa\u00f1eros del hospital Neonatal consagraron a cuatro nuevo delegados de ATE en el sector. Sumado a las elecciones en el San Roque y el Neuropsiqui\u00e1trico se confirma el crecimiento organizativo de nuestro gremio en la salud provincial. Como resultado del escrutinio fueron elegidos los compa\u00f1eros\u00a0Su\u00e1rez, Diego Ch\u00e1vez, Patricia Altamirano y [&hellip;]<\/p>\n","protected":false},"author":1,"featured_media":19220,"comment_status":"open","ping_status":"open","sticky":false,"template":"","format":"standard","meta":{"_exactmetrics_skip_tracking":false,"_exactmetrics_sitenote_active":false,"_exactmetrics_sitenote_note":"","_exactmetrics_sitenote_category":0,"jnews-multi-image_gallery":[],"jnews_single_post":[],"jnews_primary_category":[],"jnews_social_meta":[],"jnews_review":[],"enable_review":"","type":"","name":"","summary":"","brand":"","sku":"","good":[],"bad":[],"score_override":"","override_value":"","rating":[],"price":[],"jnews_override_counter":[],"jnews_post_split":[],"footnotes":""},"categories":[7,8],"tags":[],"class_list":["post-3895","post","type-post","status-publish","format-standard","has-post-thumbnail","hentry","category-hospitales","category-provinciales"],"jetpack_featured_media_url":"https:\/\/atecordoba.org\/wp-content\/uploads\/2020\/05\/logo-nuevochico-e1561581322808.png","_links":{"self":[{"href":"https:\/\/atecordoba.org\/index.php?rest_route=\/wp\/v2\/posts\/3895","targetHints":{"allow":["GET"]}}],"collection":[{"href":"https:\/\/atecordoba.org\/index.php?rest_route=\/wp\/v2\/posts"}],"about":[{"href":"https:\/\/atecordoba.org\/index.php?rest_route=\/wp\/v2\/types\/post"}],"author":[{"embeddable":true,"href":"https:\/\/atecordoba.org\/index.php?rest_route=\/wp\/v2\/users\/1"}],"replies":[{"embeddable":true,"href":"https:\/\/atecordoba.org\/index.php?rest_route=%2Fwp%2Fv2%2Fcomments&post=3895"}],"version-history":[{"count":0,"href":"https:\/\/atecordoba.org\/index.php?rest_route=\/wp\/v2\/posts\/3895\/revisions"}],"wp:featuredmedia":[{"embeddable":true,"href":"https:\/\/atecordoba.org\/index.php?rest_route=\/wp\/v2\/media\/19220"}],"wp:attachment":[{"href":"https:\/\/atecordoba.org\/index.php?rest_route=%2Fwp%2Fv2%2Fmedia&parent=3895"}],"wp:term":[{"taxonomy":"category","embeddable":true,"href":"https:\/\/atecordoba.org\/index.php?rest_route=%2Fwp%2Fv2%2Fcategories&post=3895"},{"taxonomy":"post_tag","embeddable":true,"href":"https:\/\/atecordoba.org\/index.php?rest_route=%2Fwp%2Fv2%2Ftags&post=3895"}],"curies":[{"name":"wp","href":"https:\/\/api.w.org\/{rel}","templated":true}]}}