{"id":38927,"date":"2023-09-13T16:35:35","date_gmt":"2023-09-13T19:35:35","guid":{"rendered":"https:\/\/atecordoba.org\/?p=38927"},"modified":"2023-09-13T16:36:28","modified_gmt":"2023-09-13T19:36:28","slug":"ate-se-movilizo-en-alta-gracia-y-reclamo-el-reconocimiento-gremial-de-la-municipalidad","status":"publish","type":"post","link":"https:\/\/atecordoba.org\/?p=38927","title":{"rendered":"ATE se moviliz\u00f3 en Alta Gracia y reclam\u00f3 el reconocimiento gremial de la Municipalidad"},"content":{"rendered":"<div class=\"wp-block-image\">\n<figure class=\"aligncenter size-full\"><img decoding=\"async\" src=\"https:\/\/atecordoba.org\/wp-content\/uploads\/2023\/09\/primera-1.jpg\" alt=\"\" class=\"wp-image-38929\" \/><\/figure>\n<\/div>\n\n\n<p>ATE C\u00f3rdoba march\u00f3 hoy a la Municipalidad de Alta Gracia para reclamarle al intendente Marcos Torres el reconocimiento de nuestro gremio como entidad representativa de las y los trabajadores de la localidad.<\/p>\n\n\n\n<p>Encabezados por el secretario General del Consejo Directivo Provincial, Federico Giuliani, una columna de municipales se hizo presente en las puertas de la comuna para exigir a Torres que habilite la retenci\u00f3n de la cuota sindical para las y los afiliados que optaron por ATE como entidad gremial que los represente.<\/p>\n\n\n\n<p>Vale se\u00f1alar que la Municipalidad emiti\u00f3 un dictamen a trav\u00e9s de su asesor\u00eda letrada rechazando un pedido formal para gestionar la actuaci\u00f3n de ATE el Departamento Ejecutivo, ignorando el marco legal que protege la libertad de cada trabajador y trabajadora de elegir su gremio en el \u00e1mbito del Estado. <\/p>\n\n\n\n<figure class=\"wp-block-gallery has-nested-images columns-default is-cropped wp-block-gallery-1 is-layout-flex wp-block-gallery-is-layout-flex\">\n<figure class=\"wp-block-image size-large\"><img loading=\"lazy\" decoding=\"async\" width=\"1024\" height=\"768\" data-id=\"38931\" src=\"https:\/\/atecordoba.org\/wp-content\/uploads\/2023\/09\/chalup-1024x768.jpg\" alt=\"\" class=\"wp-image-38931\" srcset=\"https:\/\/atecordoba.org\/wp-content\/uploads\/2023\/09\/chalup-1024x768.jpg 1024w, https:\/\/atecordoba.org\/wp-content\/uploads\/2023\/09\/chalup-300x225.jpg 300w, https:\/\/atecordoba.org\/wp-content\/uploads\/2023\/09\/chalup-768x576.jpg 768w, https:\/\/atecordoba.org\/wp-content\/uploads\/2023\/09\/chalup-1536x1152.jpg 1536w, https:\/\/atecordoba.org\/wp-content\/uploads\/2023\/09\/chalup-750x563.jpg 750w, https:\/\/atecordoba.org\/wp-content\/uploads\/2023\/09\/chalup-1140x855.jpg 1140w, https:\/\/atecordoba.org\/wp-content\/uploads\/2023\/09\/chalup.jpg 1600w\" sizes=\"auto, (max-width: 1024px) 100vw, 1024px\" \/><\/figure>\n\n\n\n<figure class=\"wp-block-image size-large\"><img loading=\"lazy\" decoding=\"async\" width=\"1024\" height=\"768\" data-id=\"38932\" src=\"https:\/\/atecordoba.org\/wp-content\/uploads\/2023\/09\/gorra-1024x768.jpg\" alt=\"\" class=\"wp-image-38932\" srcset=\"https:\/\/atecordoba.org\/wp-content\/uploads\/2023\/09\/gorra-1024x768.jpg 1024w, https:\/\/atecordoba.org\/wp-content\/uploads\/2023\/09\/gorra-300x225.jpg 300w, https:\/\/atecordoba.org\/wp-content\/uploads\/2023\/09\/gorra-768x576.jpg 768w, https:\/\/atecordoba.org\/wp-content\/uploads\/2023\/09\/gorra-1536x1152.jpg 1536w, https:\/\/atecordoba.org\/wp-content\/uploads\/2023\/09\/gorra-750x563.jpg 750w, https:\/\/atecordoba.org\/wp-content\/uploads\/2023\/09\/gorra-1140x855.jpg 1140w, https:\/\/atecordoba.org\/wp-content\/uploads\/2023\/09\/gorra.jpg 1600w\" sizes=\"auto, (max-width: 1024px) 100vw, 1024px\" \/><\/figure>\n\n\n\n<figure class=\"wp-block-image size-large\"><img loading=\"lazy\" decoding=\"async\" width=\"1024\" height=\"576\" data-id=\"38930\" src=\"https:\/\/atecordoba.org\/wp-content\/uploads\/2023\/09\/Imagen-de-WhatsApp-2023-09-13-a-las-14.14.21-1024x576.jpg\" alt=\"\" class=\"wp-image-38930\" srcset=\"https:\/\/atecordoba.org\/wp-content\/uploads\/2023\/09\/Imagen-de-WhatsApp-2023-09-13-a-las-14.14.21-1024x576.jpg 1024w, https:\/\/atecordoba.org\/wp-content\/uploads\/2023\/09\/Imagen-de-WhatsApp-2023-09-13-a-las-14.14.21-300x169.jpg 300w, https:\/\/atecordoba.org\/wp-content\/uploads\/2023\/09\/Imagen-de-WhatsApp-2023-09-13-a-las-14.14.21-768x432.jpg 768w, https:\/\/atecordoba.org\/wp-content\/uploads\/2023\/09\/Imagen-de-WhatsApp-2023-09-13-a-las-14.14.21-750x422.jpg 750w, https:\/\/atecordoba.org\/wp-content\/uploads\/2023\/09\/Imagen-de-WhatsApp-2023-09-13-a-las-14.14.21-1140x641.jpg 1140w, https:\/\/atecordoba.org\/wp-content\/uploads\/2023\/09\/Imagen-de-WhatsApp-2023-09-13-a-las-14.14.21.jpg 1152w\" sizes=\"auto, (max-width: 1024px) 100vw, 1024px\" \/><\/figure>\n<\/figure>\n\n\n\n<p>\u201cHace un tiempo, un grupo de trabajadores de Alta Gracia se contact\u00f3 con nosotros buscando una alternativa sindical. Presentamos todos los papeles y pedimos una audiencia al Intendente pero no hubo novedades. Hasta que nos dijeron que por ordenanza el \u00fanico gremio reconocido es Sitramag. Nos parece muy injusto que los trabajadores no puedan elegir su gremio&#8221;, explic\u00f3 Giuliani ante una consulta de un diario local.<\/p>\n\n\n\n<p>En rechazo a la postura de car\u00e1cter pol\u00edtico de la Municipalidad, la asesor\u00eda letrada de ATE respondi\u00f3 fundamentando que el Ejecutivo act\u00faa de forma &#8220;manifiesta inconstitucional, arbitraria, discriminatoria y persecutoria, teniendo como \u00fanica finalidad no atender ni solucionar los leg\u00edtimos reclamos laborales de los\/as trabajadores\/as municipales de la Ciudad de Alta Gracia&#8221;.<\/p>\n\n\n\n<p>En tal sentido, ATE se\u00f1al\u00f3 que &#8220;ATE, en su car\u00e1cter de entidad sindical, ha obtenido reconocimiento estatal mediante la certificaci\u00f3n expedida por el entonces Ministerio de Trabajo y Seguridad Social de la Naci\u00f3n&#8221;. Adem\u00e1s reafirm\u00f3 la legalidad y legitimidad del planteo en la ratificaci\u00f3n que otorg\u00f3 la cartera laboral mediante Resoluci\u00f3n MTEySS N\u00b0 708\/09 &#8220;ratificada posteriormente mediante Resoluci\u00f3n MTESS N\u00b0 770\/12 y, en fecha 30 de abril de 2013, por la Sala IV de la C\u00e1mara Nacional de Apelaciones del Trabajo, donde queda expl\u00edcito que &#8220;el \u00e1mbito p\u00fablico de la Provincia de C\u00f3rdoba, tambi\u00e9n incluye a las Municipales, en el caso la Municipalidad de la Ciudad de Alta Gracia&#8221;. <\/p>\n\n\n\n<figure class=\"wp-block-gallery has-nested-images columns-default is-cropped wp-block-gallery-2 is-layout-flex wp-block-gallery-is-layout-flex\">\n<figure class=\"wp-block-image size-large\"><img loading=\"lazy\" decoding=\"async\" width=\"1024\" height=\"768\" data-id=\"38933\" src=\"https:\/\/atecordoba.org\/wp-content\/uploads\/2023\/09\/verde-1024x768.jpg\" alt=\"\" class=\"wp-image-38933\" srcset=\"https:\/\/atecordoba.org\/wp-content\/uploads\/2023\/09\/verde-1024x768.jpg 1024w, https:\/\/atecordoba.org\/wp-content\/uploads\/2023\/09\/verde-300x225.jpg 300w, https:\/\/atecordoba.org\/wp-content\/uploads\/2023\/09\/verde-768x576.jpg 768w, https:\/\/atecordoba.org\/wp-content\/uploads\/2023\/09\/verde-1536x1152.jpg 1536w, https:\/\/atecordoba.org\/wp-content\/uploads\/2023\/09\/verde-750x563.jpg 750w, https:\/\/atecordoba.org\/wp-content\/uploads\/2023\/09\/verde-1140x855.jpg 1140w, https:\/\/atecordoba.org\/wp-content\/uploads\/2023\/09\/verde.jpg 1600w\" sizes=\"auto, (max-width: 1024px) 100vw, 1024px\" \/><\/figure>\n\n\n\n<figure class=\"wp-block-image size-large\"><img loading=\"lazy\" decoding=\"async\" width=\"1024\" height=\"768\" data-id=\"38934\" src=\"https:\/\/atecordoba.org\/wp-content\/uploads\/2023\/09\/bandera-1-1024x768.jpg\" alt=\"\" class=\"wp-image-38934\" srcset=\"https:\/\/atecordoba.org\/wp-content\/uploads\/2023\/09\/bandera-1-1024x768.jpg 1024w, https:\/\/atecordoba.org\/wp-content\/uploads\/2023\/09\/bandera-1-300x225.jpg 300w, https:\/\/atecordoba.org\/wp-content\/uploads\/2023\/09\/bandera-1-768x576.jpg 768w, https:\/\/atecordoba.org\/wp-content\/uploads\/2023\/09\/bandera-1-1536x1152.jpg 1536w, https:\/\/atecordoba.org\/wp-content\/uploads\/2023\/09\/bandera-1-750x563.jpg 750w, https:\/\/atecordoba.org\/wp-content\/uploads\/2023\/09\/bandera-1-1140x855.jpg 1140w, https:\/\/atecordoba.org\/wp-content\/uploads\/2023\/09\/bandera-1.jpg 1600w\" sizes=\"auto, (max-width: 1024px) 100vw, 1024px\" \/><\/figure>\n\n\n\n<figure class=\"wp-block-image size-large\"><img loading=\"lazy\" decoding=\"async\" width=\"1024\" height=\"768\" data-id=\"38935\" src=\"https:\/\/atecordoba.org\/wp-content\/uploads\/2023\/09\/bombo-1024x768.jpg\" alt=\"\" class=\"wp-image-38935\" srcset=\"https:\/\/atecordoba.org\/wp-content\/uploads\/2023\/09\/bombo-1024x768.jpg 1024w, https:\/\/atecordoba.org\/wp-content\/uploads\/2023\/09\/bombo-300x225.jpg 300w, https:\/\/atecordoba.org\/wp-content\/uploads\/2023\/09\/bombo-768x576.jpg 768w, https:\/\/atecordoba.org\/wp-content\/uploads\/2023\/09\/bombo-1536x1152.jpg 1536w, https:\/\/atecordoba.org\/wp-content\/uploads\/2023\/09\/bombo-750x563.jpg 750w, https:\/\/atecordoba.org\/wp-content\/uploads\/2023\/09\/bombo-1140x855.jpg 1140w, https:\/\/atecordoba.org\/wp-content\/uploads\/2023\/09\/bombo.jpg 1600w\" sizes=\"auto, (max-width: 1024px) 100vw, 1024px\" \/><\/figure>\n<\/figure>\n\n\n\n<p>Y record\u00f3 que &#8220;ATE cuenta con afiliados en diversos Municipios del pa\u00eds en general, y de la provincia de C\u00f3rdoba en particular, tal el caso, entre muchos otros Villa Ciudad Parque, Villa Anisacate, Yacanto de Calamuchita, Rio Tercero, Cruz del Eje, San Francisco, Bell Ville, Unquillo, Quilino, Salsacate, Capilla del Monte, San Marcos Sierra, Sald\u00e1n, Matilda, La Carlota, Villa Valeria, Rio Los Sauces, Sampacho, Alpa Corral, Adelia Maria, Italo, Juvita, Las Acequias, Alcira Gigena, Chucul, Achira, Reducci\u00f3n, Holmberg, Hunchilla, Charras, contando con afiliados que se desempe\u00f1an en el \u00e1mbito de la Municipalidad de Alta Gracia&#8221;.<\/p>\n\n\n\n<p>Al mismo tiempo asent\u00f3 que la representaci\u00f3n de ATE no se choca con al existencia de otro gremio en la Municipalidad (en este caso el SITRAMAG) ya que la ley permite coexistir a ambas organizaciones en un mismo sector de trabajo. <\/p>\n\n\n\n<p>Una vez realizada la protesta, el intendente Torres recibi\u00f3 a Giuliani. De la misma forma, el dirigente fue recibido en el Concejo Deliberante de la ciudad. En al oportunidad estuvo presente la secretaria Adjunta electa de ATE C\u00f3rdoba, Gabriela Alcoba, junto a otras y otros miembros del CDP.<\/p>\n\n\n\n<p><\/p>\n","protected":false},"excerpt":{"rendered":"<p>ATE C\u00f3rdoba march\u00f3 hoy a la Municipalidad de Alta Gracia para reclamarle al intendente Marcos Torres el reconocimiento de nuestro gremio como entidad representativa de las y los trabajadores de la localidad. Encabezados por el secretario General del Consejo Directivo Provincial, Federico Giuliani, una columna de municipales se hizo presente en las puertas de la [&hellip;]<\/p>\n","protected":false},"author":7,"featured_media":38929,"comment_status":"open","ping_status":"open","sticky":false,"template":"","format":"standard","meta":{"_exactmetrics_skip_tracking":false,"_exactmetrics_sitenote_active":false,"_exactmetrics_sitenote_note":"","_exactmetrics_sitenote_category":0,"jnews-multi-image_gallery":[],"jnews_single_post":{"subtitle":"\u201cHace un tiempo, un grupo de trabajadores de Alta Gracia se contact\u00f3 con nosotros buscando una alternativa sindical. Presentamos todos los papeles y pedimos una audiencia al Intendente pero no hubo novedades. Hasta que nos dijeron que por ordenanza el \u00fanico gremio reconocido es Sitramag. Nos parece muy injusto que los trabajadores no puedan elegir su gremio\", explic\u00f3 el secretario General de ATE C\u00f3rdoba, Federico Giuliani.","format":"standard","video":"","gallery":"","source_name":"","source_url":"","via_name":"","via_url":"","override_template":"0","override":[{"template":"1","single_blog_custom":"","parallax":"1","fullscreen":"1","layout":"no-sidebar-narrow","sidebar":"default-sidebar","second_sidebar":"default-sidebar","sticky_sidebar":"1","share_position":"bottom","share_float_style":"share-monocrhome","show_share_counter":"1","show_view_counter":"1","show_featured":"0","show_post_meta":"1","show_post_author":"0","show_post_author_image":"1","show_post_date":"1","post_date_format":"default","post_date_format_custom":"Y\/m\/d","show_post_category":"1","show_post_reading_time":"0","post_reading_time_wpm":"300","show_zoom_button":"0","zoom_button_out_step":"2","zoom_button_in_step":"3","show_post_tag":"1","show_prev_next_post":"0","show_popup_post":"0","number_popup_post":"1","show_author_box":"0","show_post_related":"1","show_inline_post_related":"0"}],"override_image_size":"0","image_override":[{"single_post_thumbnail_size":"crop-500","single_post_gallery_size":"crop-500"}],"trending_post":"0","trending_post_position":"meta","trending_post_label":"Trending","sponsored_post":"0","sponsored_post_label":"Sponsored by","sponsored_post_name":"","sponsored_post_url":"","sponsored_post_logo_enable":"0","sponsored_post_logo":"","sponsored_post_desc":"","disable_ad":"0"},"jnews_primary_category":{"id":"","hide":""},"jnews_social_meta":{"fb_title":"","fb_description":"","fb_image":"","twitter_title":"","twitter_description":"","twitter_image":""},"jnews_review":[],"enable_review":"0","type":"percentage","name":"","summary":"","brand":"","sku":"","good":[{"good_text":""}],"bad":[{"bad_text":""}],"score_override":"","override_value":"","rating":[{"rating_text":"","rating_number":"10"}],"price":[{"shop":"","price":"","link":"","icon":""}],"jnews_override_counter":{"override_view_counter":"0","view_counter_number":"0","override_share_counter":"0","share_counter_number":"0","override_like_counter":"0","like_counter_number":"0","override_dislike_counter":"0","dislike_counter_number":"0"},"jnews_post_split":{"enable_post_split":"0","post_split":[{"template":"1","tag":"h2","numbering":"asc","mode":"normal","first":"0","enable_toc":"0","toc_type":"normal"}]},"footnotes":""},"categories":[20],"tags":[],"class_list":["post-38927","post","type-post","status-publish","format-standard","has-post-thumbnail","hentry","category-municipales"],"jetpack_featured_media_url":"https:\/\/atecordoba.org\/wp-content\/uploads\/2023\/09\/primera-1-e1694633729580.jpg","_links":{"self":[{"href":"https:\/\/atecordoba.org\/index.php?rest_route=\/wp\/v2\/posts\/38927","targetHints":{"allow":["GET"]}}],"collection":[{"href":"https:\/\/atecordoba.org\/index.php?rest_route=\/wp\/v2\/posts"}],"about":[{"href":"https:\/\/atecordoba.org\/index.php?rest_route=\/wp\/v2\/types\/post"}],"author":[{"embeddable":true,"href":"https:\/\/atecordoba.org\/index.php?rest_route=\/wp\/v2\/users\/7"}],"replies":[{"embeddable":true,"href":"https:\/\/atecordoba.org\/index.php?rest_route=%2Fwp%2Fv2%2Fcomments&post=38927"}],"version-history":[{"count":2,"href":"https:\/\/atecordoba.org\/index.php?rest_route=\/wp\/v2\/posts\/38927\/revisions"}],"predecessor-version":[{"id":38937,"href":"https:\/\/atecordoba.org\/index.php?rest_route=\/wp\/v2\/posts\/38927\/revisions\/38937"}],"wp:featuredmedia":[{"embeddable":true,"href":"https:\/\/atecordoba.org\/index.php?rest_route=\/wp\/v2\/media\/38929"}],"wp:attachment":[{"href":"https:\/\/atecordoba.org\/index.php?rest_route=%2Fwp%2Fv2%2Fmedia&parent=38927"}],"wp:term":[{"taxonomy":"category","embeddable":true,"href":"https:\/\/atecordoba.org\/index.php?rest_route=%2Fwp%2Fv2%2Fcategories&post=38927"},{"taxonomy":"post_tag","embeddable":true,"href":"https:\/\/atecordoba.org\/index.php?rest_route=%2Fwp%2Fv2%2Ftags&post=38927"}],"curies":[{"name":"wp","href":"https:\/\/api.w.org\/{rel}","templated":true}]}}