{"id":38910,"date":"2023-09-13T13:39:20","date_gmt":"2023-09-13T16:39:20","guid":{"rendered":"https:\/\/atecordoba.org\/?p=38910"},"modified":"2023-09-13T13:39:21","modified_gmt":"2023-09-13T16:39:21","slug":"acuerdo-salarial-para-estatales-nacionales-del-23-para-el-proximo-bimestre","status":"publish","type":"post","link":"https:\/\/atecordoba.org\/?p=38910","title":{"rendered":"Acuerdo salarial para estatales nacionales del 23% para el pr\u00f3ximo bimestre"},"content":{"rendered":"<div class=\"wp-block-image\">\n<figure class=\"aligncenter size-large is-resized\"><img loading=\"lazy\" decoding=\"async\" src=\"https:\/\/atecordoba.org\/wp-content\/uploads\/2023\/09\/aguiracacho-1024x576.jpg\" alt=\"\" class=\"wp-image-38911\" width=\"768\" height=\"432\" \/><\/figure>\n<\/div>\n\n\n<p>La conducci\u00f3n de ATE acord\u00f3 con el Gobierno Nacional el aumento salarial del 23,2% para el pr\u00f3ximo bimestre, dividido en dos tramos acumulativos de 11% para septiembre y octubre. \u201cSe trata de un acuerdo que nos va a permitir mantenernos por encima de la inflaci\u00f3n\u201d, se\u00f1al\u00f3 el Secretario General electo del gremio, Rodolfo Aguiar.<\/p>\n\n\n\n<p>\u201cQue la suma fija finalmente no sea deducible de la paritaria como reclamaba ATE y el car\u00e1cter acumulativo de la oferta permitir\u00e1n que se sostenga el poder de compra de los ingresos en estos dos meses\u201d, explic\u00f3 el dirigente luego de la reuni\u00f3n que se desarroll\u00f3 en el Ministerio de Econom\u00eda con la presencia de la Secretaria de Gesti\u00f3n y Empleo P\u00fablico, Ana Castellani.<\/p>\n\n\n\n<p>\u201cSiempre quisimos que la suma fija termine convirti\u00e9ndose en un refuerzo antiinflacionario y no ten\u00eda por qu\u00e9 ser absorbida por la paritaria. Adem\u00e1s, esta negociaci\u00f3n bimestral y con revisi\u00f3n inmediata nos permitir\u00e1 monitorear de mejor manera la evoluci\u00f3n de los precios y su impacto sobre los ingresos de los trabajadores del sector p\u00fablico\u201d, evalu\u00f3.<\/p>\n\n\n\n<figure class=\"wp-block-gallery has-nested-images columns-default is-cropped wp-block-gallery-1 is-layout-flex wp-block-gallery-is-layout-flex\">\n<figure class=\"wp-block-image size-large\"><img loading=\"lazy\" decoding=\"async\" width=\"300\" height=\"169\" data-id=\"38912\" src=\"https:\/\/atecordoba.org\/wp-content\/uploads\/2023\/09\/cdngob.jpg\" alt=\"\" class=\"wp-image-38912\" \/><\/figure>\n\n\n\n<figure class=\"wp-block-image size-large\"><img loading=\"lazy\" decoding=\"async\" width=\"300\" height=\"169\" data-id=\"38913\" src=\"https:\/\/atecordoba.org\/wp-content\/uploads\/2023\/09\/cdngob2.jpg\" alt=\"\" class=\"wp-image-38913\" \/><\/figure>\n<\/figure>\n\n\n\n<p>El sindicato logr\u00f3 que el Bono de $60.000 no sea absorbido por la paritaria y funcione como un refuerzo antiinflacionario, de modo que la primera mitad se estar\u00e1 cobrando a mediados de septiembre y la otra parte en octubre. Adem\u00e1s, se actualizaron otros \u00edtems salariales.<\/p>\n\n\n\n<p>Desde ATE tambi\u00e9n se demand\u00f3 que despu\u00e9s de octubre el Bono se mantenga como suma fija en los haberes de todos aquellos agentes que lo perciben.<\/p>\n\n\n\n<p>La nueva instancia de revisi\u00f3n fue pactada para el mes de noviembre, donde las partes se sentar\u00e1n a discutir los futuros aumentos.<\/p>\n","protected":false},"excerpt":{"rendered":"<p>La conducci\u00f3n de ATE acord\u00f3 con el Gobierno Nacional el aumento salarial del 23,2% para el pr\u00f3ximo bimestre, dividido en dos tramos acumulativos de 11% para septiembre y octubre. \u201cSe trata de un acuerdo que nos va a permitir mantenernos por encima de la inflaci\u00f3n\u201d, se\u00f1al\u00f3 el Secretario General electo del gremio, Rodolfo Aguiar. \u201cQue [&hellip;]<\/p>\n","protected":false},"author":7,"featured_media":38911,"comment_status":"open","ping_status":"open","sticky":false,"template":"","format":"standard","meta":{"_exactmetrics_skip_tracking":false,"_exactmetrics_sitenote_active":false,"_exactmetrics_sitenote_note":"","_exactmetrics_sitenote_category":0,"jnews-multi-image_gallery":[],"jnews_single_post":{"subtitle":"\u201cQue la suma fija finalmente no sea deducible de la paritaria como reclamaba ATE y el car\u00e1cter acumulativo de la oferta permitir\u00e1n que se sostenga el poder de compra de los ingresos en estos dos meses\u201d, explic\u00f3 el Secretario General electo del Consejo Directivo Nacional, Rodolfo Aguiar.","format":"standard","video":"","gallery":"","source_name":"","source_url":"","via_name":"","via_url":"","override_template":"0","override":[{"template":"1","single_blog_custom":"","parallax":"1","fullscreen":"1","layout":"no-sidebar-narrow","sidebar":"default-sidebar","second_sidebar":"default-sidebar","sticky_sidebar":"1","share_position":"bottom","share_float_style":"share-monocrhome","show_share_counter":"1","show_view_counter":"1","show_featured":"0","show_post_meta":"1","show_post_author":"0","show_post_author_image":"1","show_post_date":"1","post_date_format":"default","post_date_format_custom":"Y\/m\/d","show_post_category":"1","show_post_reading_time":"0","post_reading_time_wpm":"300","show_zoom_button":"0","zoom_button_out_step":"2","zoom_button_in_step":"3","show_post_tag":"1","show_prev_next_post":"0","show_popup_post":"0","number_popup_post":"1","show_author_box":"0","show_post_related":"1","show_inline_post_related":"0"}],"override_image_size":"0","image_override":[{"single_post_thumbnail_size":"crop-500","single_post_gallery_size":"crop-500"}],"trending_post":"0","trending_post_position":"meta","trending_post_label":"Trending","sponsored_post":"0","sponsored_post_label":"Sponsored by","sponsored_post_name":"","sponsored_post_url":"","sponsored_post_logo_enable":"0","sponsored_post_logo":"","sponsored_post_desc":"","disable_ad":"0"},"jnews_primary_category":{"id":"","hide":""},"jnews_social_meta":{"fb_title":"","fb_description":"","fb_image":"","twitter_title":"","twitter_description":"","twitter_image":""},"jnews_review":[],"enable_review":"0","type":"percentage","name":"","summary":"","brand":"","sku":"","good":[{"good_text":""}],"bad":[{"bad_text":""}],"score_override":"","override_value":"","rating":[{"rating_text":"","rating_number":"10"}],"price":[{"shop":"","price":"","link":"","icon":""}],"jnews_override_counter":{"override_view_counter":"0","view_counter_number":"0","override_share_counter":"0","share_counter_number":"0","override_like_counter":"0","like_counter_number":"0","override_dislike_counter":"0","dislike_counter_number":"0"},"jnews_post_split":{"enable_post_split":"0","post_split":[{"template":"1","tag":"h2","numbering":"asc","mode":"normal","first":"0","enable_toc":"0","toc_type":"normal"}]},"footnotes":""},"categories":[756],"tags":[],"class_list":["post-38910","post","type-post","status-publish","format-standard","has-post-thumbnail","hentry","category-consejo-directivo-nacional-cdn"],"jetpack_featured_media_url":"https:\/\/atecordoba.org\/wp-content\/uploads\/2023\/09\/aguiracacho-e1694623074128.jpg","_links":{"self":[{"href":"https:\/\/atecordoba.org\/index.php?rest_route=\/wp\/v2\/posts\/38910","targetHints":{"allow":["GET"]}}],"collection":[{"href":"https:\/\/atecordoba.org\/index.php?rest_route=\/wp\/v2\/posts"}],"about":[{"href":"https:\/\/atecordoba.org\/index.php?rest_route=\/wp\/v2\/types\/post"}],"author":[{"embeddable":true,"href":"https:\/\/atecordoba.org\/index.php?rest_route=\/wp\/v2\/users\/7"}],"replies":[{"embeddable":true,"href":"https:\/\/atecordoba.org\/index.php?rest_route=%2Fwp%2Fv2%2Fcomments&post=38910"}],"version-history":[{"count":1,"href":"https:\/\/atecordoba.org\/index.php?rest_route=\/wp\/v2\/posts\/38910\/revisions"}],"predecessor-version":[{"id":38914,"href":"https:\/\/atecordoba.org\/index.php?rest_route=\/wp\/v2\/posts\/38910\/revisions\/38914"}],"wp:featuredmedia":[{"embeddable":true,"href":"https:\/\/atecordoba.org\/index.php?rest_route=\/wp\/v2\/media\/38911"}],"wp:attachment":[{"href":"https:\/\/atecordoba.org\/index.php?rest_route=%2Fwp%2Fv2%2Fmedia&parent=38910"}],"wp:term":[{"taxonomy":"category","embeddable":true,"href":"https:\/\/atecordoba.org\/index.php?rest_route=%2Fwp%2Fv2%2Fcategories&post=38910"},{"taxonomy":"post_tag","embeddable":true,"href":"https:\/\/atecordoba.org\/index.php?rest_route=%2Fwp%2Fv2%2Ftags&post=38910"}],"curies":[{"name":"wp","href":"https:\/\/api.w.org\/{rel}","templated":true}]}}