{"id":38901,"date":"2023-09-13T13:32:15","date_gmt":"2023-09-13T16:32:15","guid":{"rendered":"https:\/\/atecordoba.org\/?p=38901"},"modified":"2023-09-13T13:32:15","modified_gmt":"2023-09-13T16:32:15","slug":"unidad-de-accion-para-frenar-el-ajuste-calienta-motores-marchando-manana-con-unidad-piquetera","status":"publish","type":"post","link":"https:\/\/atecordoba.org\/?p=38901","title":{"rendered":"Unidad de acci\u00f3n para frenar el ajuste calienta motores marchando ma\u00f1ana con Unidad Piquetera"},"content":{"rendered":"<div class=\"wp-block-image\">\n<figure class=\"aligncenter size-large is-resized\"><img loading=\"lazy\" decoding=\"async\" src=\"https:\/\/atecordoba.org\/wp-content\/uploads\/2023\/09\/375981406_10160952327174805_2438409121154624559_n-1024x576.jpg\" alt=\"\" class=\"wp-image-38902\" width=\"768\" height=\"432\" \/><\/figure>\n<\/div>\n\n\n<p>Con la presencia de Federico Giuliani, Secretario General; Silvia Alcoba y Walter Pintos, secretarios adjuntos, se reuni\u00f3 este martes por la noche en su sede de calle Entre R\u00edos 448 la Comisi\u00f3n Ejecutiva Provincial de la Central de Trabajadores de la Argentina (CTA Aut\u00f3noma) de C\u00f3rdoba.<\/p>\n\n\n\n<p>Tambi\u00e9n participaron del encuentro el Secretario General y la Secretaria Adjunta de la CTA-A Regional C\u00f3rdoba Capital, Jorge Chalup y Susana R\u00edos, respectivamente; junto a un importante n\u00famero de dirigentes de sindicatos privados enrolados en la Central como el Sindicato Joven CIS; Sindicato Textil y Afines (SITXA); Sindicato de Trabajadores de la Industria de la Construcci\u00f3n (SITRAIC); Sindicato \u00danico de Trabajadores de Administraciones Portuarias (SUTAP); Sindicato de Trabajadoras y Trabajadores de Entidades Bancarias y Financieras (SITEBA); Telef\u00f3nicos en la CTA-A; Sindicato de Mujeres Trabajadoras Sexuales (AMMAR C\u00f3rdoba); y de la Federaci\u00f3n Nacional Territorial, entre otros.<\/p>\n\n\n\n<p>\u201cEstuvimos reunidos debatiendo la pol\u00edtica de la organizaci\u00f3n y poniendo en com\u00fan la estrategia para enfrentar el ajuste a partir de la mirada que nuestra Central tiene sobre la situaci\u00f3n pol\u00edtica, econ\u00f3mica y social en la provincia y el pa\u00eds. Tambi\u00e9n charlamos sobre nuestra participaci\u00f3n en la marcha que tendr\u00e1 lugar este jueves con la Unidad Piquetera\u201d, anunci\u00f3 Giuliani.<\/p>\n\n\n\n<figure class=\"wp-block-gallery has-nested-images columns-default is-cropped wp-block-gallery-1 is-layout-flex wp-block-gallery-is-layout-flex\">\n<figure class=\"wp-block-image size-large\"><img loading=\"lazy\" decoding=\"async\" width=\"300\" height=\"225\" data-id=\"38904\" src=\"https:\/\/atecordoba.org\/wp-content\/uploads\/2023\/09\/375934854_10160952327144805_2467046446803801907_n-300x225-1.jpg\" alt=\"\" class=\"wp-image-38904\" \/><\/figure>\n\n\n\n<figure class=\"wp-block-image size-large\"><img loading=\"lazy\" decoding=\"async\" width=\"300\" height=\"169\" data-id=\"38903\" src=\"https:\/\/atecordoba.org\/wp-content\/uploads\/2023\/09\/376029501_10160952327179805_8425638154681290991_n-300x169-1.jpg\" alt=\"\" class=\"wp-image-38903\" \/><\/figure>\n\n\n\n<figure class=\"wp-block-image size-large\"><img loading=\"lazy\" decoding=\"async\" width=\"300\" height=\"169\" data-id=\"38905\" src=\"https:\/\/atecordoba.org\/wp-content\/uploads\/2023\/09\/376048512_10160952327154805_378070622337857672_n-1-300x169-1.jpg\" alt=\"\" class=\"wp-image-38905\" \/><\/figure>\n<\/figure>\n\n\n\n<p>El dirigente destac\u00f3 \u201cel sentido de clase para movilizarnos que demostramos las y los trabajadores en la Jornada de Lucha del pasado 7 de septiembre. La CTA es aut\u00f3noma de los patrones, los partidos y los gobiernos, gobierne quien gobierne, sea quien sea el partido pol\u00edtico que ocupa el Gobierno. Los dirigentes sindicales tenemos que estar a la altura de las circunstancias y defender los intereses de la clase. Por eso promovemos la unidad en la acci\u00f3n de los que luchan contra el ajuste y la entrega de Soberan\u00eda\u201d.<\/p>\n\n\n\n<p>Giuliani dijo que \u201cno vamos a esperar de brazos cruzados mientras el poder real se reacomoda y los laburantes seguimos siendo ultraexplotados. Ni hablar de las compa\u00f1eras y compa\u00f1eros de las barriadas populares que el sistema dominante deja en la banquina. Necesitamos organizaci\u00f3n, unidad y lucha para dar la pelea contra los que nos quieren seguir hundiendo en la injusticia social\u201d.<\/p>\n\n\n\n<p>Por su parte, Alcoba, Coordinadora Provincial de la Federaci\u00f3n Nacional Territorial (FeNaT-CTAA), apunt\u00f3 que \u201cel 7 de septiembre en la movilizaci\u00f3n de los estatales y la Central, sirvi\u00f3 para que visibiliz\u00e1ramos las necesidades urgentes de las barriadas de C\u00f3rdoba, ya que los gobiernos tanto municipales, como el Provincial y Nacional siguen haciendo o\u00eddos sordos a nuestras demandas por alimentos y recursos para el funcionamiento de los comedores comunitarios\u201d.<\/p>\n\n\n\n<figure class=\"wp-block-gallery has-nested-images columns-default is-cropped wp-block-gallery-2 is-layout-flex wp-block-gallery-is-layout-flex\">\n<figure class=\"wp-block-image size-large\"><img loading=\"lazy\" decoding=\"async\" width=\"300\" height=\"225\" data-id=\"38906\" src=\"https:\/\/atecordoba.org\/wp-content\/uploads\/2023\/09\/377692647_10160952327169805_6568016786449211183_n-300x225-1.jpg\" alt=\"\" class=\"wp-image-38906\" \/><\/figure>\n\n\n\n<figure class=\"wp-block-image size-large\"><img loading=\"lazy\" decoding=\"async\" width=\"300\" height=\"169\" data-id=\"38907\" src=\"https:\/\/atecordoba.org\/wp-content\/uploads\/2023\/09\/375958389_10160952327149805_4447391708780894260_n-300x169-1.jpg\" alt=\"\" class=\"wp-image-38907\" \/><\/figure>\n\n\n\n<figure class=\"wp-block-image size-large\"><img loading=\"lazy\" decoding=\"async\" width=\"300\" height=\"169\" data-id=\"38908\" src=\"https:\/\/atecordoba.org\/wp-content\/uploads\/2023\/09\/376015909_10160952327164805_8086136325887101618_n-300x169-1.jpg\" alt=\"\" class=\"wp-image-38908\" \/><\/figure>\n<\/figure>\n\n\n\n<p>\u201cLe dijimos basta a este Gobierno de Juan Schiaretti y le hacemos un llamado urgente al nuevo Gobernador, Mart\u00edn Llaryora, para que atienda las necesidades de los trabajadores organizados en la Central\u201d, termin\u00f3.<\/p>\n\n\n\n<p>El 14 de septiembre, organizaciones sindicales, sociales y piqueteras marchar\u00e1n bajo las consignas: \u201cAbajo el ajuste de Massa y el FMI, contra la ofensiva de Milei y la derecha, por el triunfo de todas las luchas obreras y populares, defendamos la salud y la educaci\u00f3n p\u00fablica\u201d. La movilizaci\u00f3n en C\u00f3rdoba est\u00e1 convocada a las 18 horas desde Col\u00f3n y General Paz hacia el Patio Olmos.<\/p>\n","protected":false},"excerpt":{"rendered":"<p>Con la presencia de Federico Giuliani, Secretario General; Silvia Alcoba y Walter Pintos, secretarios adjuntos, se reuni\u00f3 este martes por la noche en su sede de calle Entre R\u00edos 448 la Comisi\u00f3n Ejecutiva Provincial de la Central de Trabajadores de la Argentina (CTA Aut\u00f3noma) de C\u00f3rdoba. Tambi\u00e9n participaron del encuentro el Secretario General y la [&hellip;]<\/p>\n","protected":false},"author":7,"featured_media":38902,"comment_status":"open","ping_status":"open","sticky":false,"template":"","format":"standard","meta":{"_exactmetrics_skip_tracking":false,"_exactmetrics_sitenote_active":false,"_exactmetrics_sitenote_note":"","_exactmetrics_sitenote_category":0,"jnews-multi-image_gallery":[],"jnews_single_post":{"subtitle":"\u201cNo vamos a esperar de brazos cruzados mientras el poder real se reacomoda y los laburantes seguimos siendo ultraexplotados. Ni hablar de las compa\u00f1eras y compa\u00f1eros de las barriadas populares que el sistema dominante deja en la banquina. Necesitamos organizaci\u00f3n, unidad y lucha para dar la pelea contra los que nos quieren seguir hundiendo en la injusticia social\u201d, remarc\u00f3 el secretario General de la CTAA C\u00f3rdoba, Federico Giuliani.","format":"standard","video":"","gallery":"","source_name":"","source_url":"","via_name":"","via_url":"","override_template":"0","override":[{"template":"1","single_blog_custom":"","parallax":"1","fullscreen":"1","layout":"no-sidebar-narrow","sidebar":"default-sidebar","second_sidebar":"default-sidebar","sticky_sidebar":"1","share_position":"bottom","share_float_style":"share-monocrhome","show_share_counter":"1","show_view_counter":"1","show_featured":"0","show_post_meta":"1","show_post_author":"0","show_post_author_image":"1","show_post_date":"1","post_date_format":"default","post_date_format_custom":"Y\/m\/d","show_post_category":"1","show_post_reading_time":"0","post_reading_time_wpm":"300","show_zoom_button":"0","zoom_button_out_step":"2","zoom_button_in_step":"3","show_post_tag":"1","show_prev_next_post":"0","show_popup_post":"0","number_popup_post":"1","show_author_box":"0","show_post_related":"1","show_inline_post_related":"0"}],"override_image_size":"0","image_override":[{"single_post_thumbnail_size":"crop-500","single_post_gallery_size":"crop-500"}],"trending_post":"0","trending_post_position":"meta","trending_post_label":"Trending","sponsored_post":"0","sponsored_post_label":"Sponsored by","sponsored_post_name":"","sponsored_post_url":"","sponsored_post_logo_enable":"0","sponsored_post_logo":"","sponsored_post_desc":"","disable_ad":"0"},"jnews_primary_category":{"id":"","hide":""},"jnews_social_meta":{"fb_title":"CTAA: Unidad de acci\u00f3n para frenar el ajuste calienta motores marchando ma\u00f1ana con Unidad Piquetera","fb_description":"","fb_image":"","twitter_title":"","twitter_description":"","twitter_image":""},"jnews_review":[],"enable_review":"0","type":"percentage","name":"","summary":"","brand":"","sku":"","good":[{"good_text":""}],"bad":[{"bad_text":""}],"score_override":"","override_value":"","rating":[{"rating_text":"","rating_number":"10"}],"price":[{"shop":"","price":"","link":"","icon":""}],"jnews_override_counter":{"override_view_counter":"0","view_counter_number":"0","override_share_counter":"0","share_counter_number":"0","override_like_counter":"0","like_counter_number":"0","override_dislike_counter":"0","dislike_counter_number":"0"},"jnews_post_split":{"enable_post_split":"0","post_split":[{"template":"1","tag":"h2","numbering":"asc","mode":"normal","first":"0","enable_toc":"0","toc_type":"normal"}]},"footnotes":""},"categories":[92],"tags":[],"class_list":["post-38901","post","type-post","status-publish","format-standard","has-post-thumbnail","hentry","category-cta"],"jetpack_featured_media_url":"https:\/\/atecordoba.org\/wp-content\/uploads\/2023\/09\/375981406_10160952327174805_2438409121154624559_n-e1694622618277.jpg","_links":{"self":[{"href":"https:\/\/atecordoba.org\/index.php?rest_route=\/wp\/v2\/posts\/38901","targetHints":{"allow":["GET"]}}],"collection":[{"href":"https:\/\/atecordoba.org\/index.php?rest_route=\/wp\/v2\/posts"}],"about":[{"href":"https:\/\/atecordoba.org\/index.php?rest_route=\/wp\/v2\/types\/post"}],"author":[{"embeddable":true,"href":"https:\/\/atecordoba.org\/index.php?rest_route=\/wp\/v2\/users\/7"}],"replies":[{"embeddable":true,"href":"https:\/\/atecordoba.org\/index.php?rest_route=%2Fwp%2Fv2%2Fcomments&post=38901"}],"version-history":[{"count":1,"href":"https:\/\/atecordoba.org\/index.php?rest_route=\/wp\/v2\/posts\/38901\/revisions"}],"predecessor-version":[{"id":38909,"href":"https:\/\/atecordoba.org\/index.php?rest_route=\/wp\/v2\/posts\/38901\/revisions\/38909"}],"wp:featuredmedia":[{"embeddable":true,"href":"https:\/\/atecordoba.org\/index.php?rest_route=\/wp\/v2\/media\/38902"}],"wp:attachment":[{"href":"https:\/\/atecordoba.org\/index.php?rest_route=%2Fwp%2Fv2%2Fmedia&parent=38901"}],"wp:term":[{"taxonomy":"category","embeddable":true,"href":"https:\/\/atecordoba.org\/index.php?rest_route=%2Fwp%2Fv2%2Fcategories&post=38901"},{"taxonomy":"post_tag","embeddable":true,"href":"https:\/\/atecordoba.org\/index.php?rest_route=%2Fwp%2Fv2%2Ftags&post=38901"}],"curies":[{"name":"wp","href":"https:\/\/api.w.org\/{rel}","templated":true}]}}