{"id":3890,"date":"2014-03-11T18:46:29","date_gmt":"2014-03-11T21:46:29","guid":{"rendered":"http:\/\/www.atecordoba.org\/?p=3890"},"modified":"2014-03-11T18:46:29","modified_gmt":"2014-03-11T21:46:29","slug":"provincia-eligieron-tres-delegados-en-el-hospital-neuropsiquiatrico","status":"publish","type":"post","link":"https:\/\/atecordoba.org\/?p=3890","title":{"rendered":"Provincia: eligieron tres delegados en el hospital Neuropsiqui\u00e1trico"},"content":{"rendered":"<p><em>Con una importante participaci\u00f3n, los trabajadores del Hospital Neuropsiqui\u00e1trico eligieron hoy a tres nuevos delegados, que tendr\u00e1n mandato por los pr\u00f3ximos dos a\u00f1os.<\/em><\/p>\n<p style=\"text-align: center;\"><a href=\"http:\/\/www.atecordoba.org\/wp-content\/uploads\/2014\/03\/primera.png\"><img loading=\"lazy\" decoding=\"async\" class=\"aligncenter  wp-image-3891\" alt=\"primera\" src=\"http:\/\/www.atecordoba.org\/wp-content\/uploads\/2014\/03\/primera.png\" width=\"560\" height=\"368\" \/><\/a><\/p>\n<p>De esta forma, ATE contin\u00faa creciendo en la organizaci\u00f3n de sectores provinciales, donde se destaca el sistema hospitalario como uno de los \u00e1mbitos donde m\u00e1s se incremento la afiliaci\u00f3n a nuestro gremio. En la oportunidad, resultaron electos las compa\u00f1eras\u00a0Julia Bobatto, Carina Querio y\u00a0Flavia\u00a0\u00a0Rivero.<\/p>\n<p style=\"text-align: center;\"><a href=\"http:\/\/www.atecordoba.org\/wp-content\/uploads\/2014\/03\/segunda.png\"><img loading=\"lazy\" decoding=\"async\" class=\"aligncenter  wp-image-3892\" alt=\"segunda\" src=\"http:\/\/www.atecordoba.org\/wp-content\/uploads\/2014\/03\/segunda.png\" width=\"561\" height=\"365\" \/><\/a><\/p>\n","protected":false},"excerpt":{"rendered":"<p>Con una importante participaci\u00f3n, los trabajadores del Hospital Neuropsiqui\u00e1trico eligieron hoy a tres nuevos delegados, que tendr\u00e1n mandato por los pr\u00f3ximos dos a\u00f1os. De esta forma, ATE contin\u00faa creciendo en la organizaci\u00f3n de sectores provinciales, donde se destaca el sistema hospitalario como uno de los \u00e1mbitos donde m\u00e1s se incremento la afiliaci\u00f3n a nuestro gremio. [&hellip;]<\/p>\n","protected":false},"author":1,"featured_media":19220,"comment_status":"open","ping_status":"open","sticky":false,"template":"","format":"standard","meta":{"_exactmetrics_skip_tracking":false,"_exactmetrics_sitenote_active":false,"_exactmetrics_sitenote_note":"","_exactmetrics_sitenote_category":0,"jnews-multi-image_gallery":[],"jnews_single_post":[],"jnews_primary_category":[],"jnews_social_meta":[],"jnews_review":[],"enable_review":"","type":"","name":"","summary":"","brand":"","sku":"","good":[],"bad":[],"score_override":"","override_value":"","rating":[],"price":[],"jnews_override_counter":[],"jnews_post_split":[],"footnotes":""},"categories":[7,8],"tags":[],"class_list":["post-3890","post","type-post","status-publish","format-standard","has-post-thumbnail","hentry","category-hospitales","category-provinciales"],"jetpack_featured_media_url":"https:\/\/atecordoba.org\/wp-content\/uploads\/2020\/05\/logo-nuevochico-e1561581322808.png","_links":{"self":[{"href":"https:\/\/atecordoba.org\/index.php?rest_route=\/wp\/v2\/posts\/3890","targetHints":{"allow":["GET"]}}],"collection":[{"href":"https:\/\/atecordoba.org\/index.php?rest_route=\/wp\/v2\/posts"}],"about":[{"href":"https:\/\/atecordoba.org\/index.php?rest_route=\/wp\/v2\/types\/post"}],"author":[{"embeddable":true,"href":"https:\/\/atecordoba.org\/index.php?rest_route=\/wp\/v2\/users\/1"}],"replies":[{"embeddable":true,"href":"https:\/\/atecordoba.org\/index.php?rest_route=%2Fwp%2Fv2%2Fcomments&post=3890"}],"version-history":[{"count":0,"href":"https:\/\/atecordoba.org\/index.php?rest_route=\/wp\/v2\/posts\/3890\/revisions"}],"wp:featuredmedia":[{"embeddable":true,"href":"https:\/\/atecordoba.org\/index.php?rest_route=\/wp\/v2\/media\/19220"}],"wp:attachment":[{"href":"https:\/\/atecordoba.org\/index.php?rest_route=%2Fwp%2Fv2%2Fmedia&parent=3890"}],"wp:term":[{"taxonomy":"category","embeddable":true,"href":"https:\/\/atecordoba.org\/index.php?rest_route=%2Fwp%2Fv2%2Fcategories&post=3890"},{"taxonomy":"post_tag","embeddable":true,"href":"https:\/\/atecordoba.org\/index.php?rest_route=%2Fwp%2Fv2%2Ftags&post=3890"}],"curies":[{"name":"wp","href":"https:\/\/api.w.org\/{rel}","templated":true}]}}