{"id":38886,"date":"2023-09-12T14:09:16","date_gmt":"2023-09-12T17:09:16","guid":{"rendered":"https:\/\/atecordoba.org\/?p=38886"},"modified":"2023-09-12T14:09:16","modified_gmt":"2023-09-12T17:09:16","slug":"ganancias-para-ate-nacional-los-anuncios-son-un-avance-significativo-camino-hacia-su-eliminacion-definitiva-por-ley","status":"publish","type":"post","link":"https:\/\/atecordoba.org\/?p=38886","title":{"rendered":"Ganancias: para ATE Nacional los anuncios son \u201cun avance significativo camino hacia su eliminaci\u00f3n definitiva por ley\u201d"},"content":{"rendered":"<div class=\"wp-block-image\">\n<figure class=\"aligncenter size-large\"><img loading=\"lazy\" decoding=\"async\" width=\"1024\" height=\"576\" src=\"https:\/\/atecordoba.org\/wp-content\/uploads\/2023\/09\/aguiar_massa-1024x576.jpeg\" alt=\"\" class=\"wp-image-38887\" \/><\/figure>\n<\/div>\n\n\n<p>Tras la reuni\u00f3n convocada por el ministro de Econom\u00eda, Sergio Massa, en la que se anunci\u00f3 elevar el m\u00ednimo no imponible a $1.770.000 de salario bruto, el Secretario General electo de ATE, Rodolfo Aguiar, asegur\u00f3 que es \u201cun avance significativo aunque transitorio\u201d y apunt\u00f3: \u201cSe trata de una medida importante que tiene que seguir profundiz\u00e1ndose hasta la eliminaci\u00f3n definitiva de este injusto gravamen sobre el trabajo\u201d.<\/p>\n\n\n\n<p>\u201cEsta es una se\u00f1al que reclamamos desde hace tiempo. Tenemos la sensaci\u00f3n que empiezan a considerarse algunas de las demandas de los estatales. Hay que tener presente que el universo de trabajadores del sector p\u00fablico alcanzado por el tributo es menor, y que por lo tanto las mejoras salariales deben seguir garantiz\u00e1ndose en las paritarias\u201d, indic\u00f3 el dirigente estatal luego del encuentro desarrollado en el Ministerio de Econom\u00eda, donde se explic\u00f3 que la medida tambi\u00e9n beneficiar\u00e1 a jubilados, manteni\u00e9ndose s\u00f3lo para las de privilegio.<\/p>\n\n\n\n<p>Durante las conversaciones, Massa adelant\u00f3 que enviar\u00e1 en los pr\u00f3ximos d\u00edas un proyecto de ley al Congreso para que quede establecida esta suba para el pr\u00f3ximo periodo fiscal. En este sentido, Aguiar explic\u00f3: \u201cAquellos que lo \u00fanico que tenemos es nuestra fuerza de trabajo, no podemos ser quienes sostengamos el funcionamiento del Estado en la misma medida que lo hacen los grandes capitales. Es hora de que los trabajadores dejemos de pagar los mismos impuestos que las multinacionales\u201d.<\/p>\n\n\n\n<p>\u201cMientras esa ecuaci\u00f3n no cambie, no tenemos destino como pa\u00eds. Va a ser muy imposible recuperar toda la soberan\u00eda que hemos ido perdiendo a partir del acuerdo con el FMI\u201d, sostuvo el dirigente de ATE y concluy\u00f3: \u201cEsta medida debe servir para avanzar sobre una reforma integral del r\u00e9gimen de recaudaci\u00f3n impositivo. No vamos a tener el Estado que necesitamos hasta tanto no se capturen m\u00e1s recursos de la renta minera, petrolera, de bancos y entidades financieras o casinos y salas de juego\u201d.<\/p>\n\n\n\n<p>La extensa reuni\u00f3n se desarroll\u00f3 con la participaci\u00f3n de dirigentes de las centrales obreras y principales sindicatos, como as\u00ed tambi\u00e9n de representantes de la C\u00e1mara de Diputados. En la previa, Aguiar y la secretaria adjunta electa de ATE mantuvieron una reuni\u00f3n de una hora con el titular de la cartera de Econom\u00eda para dialogar sobre las problem\u00e1ticas espec\u00edficas del sector estatal.<\/p>\n","protected":false},"excerpt":{"rendered":"<p>Tras la reuni\u00f3n convocada por el ministro de Econom\u00eda, Sergio Massa, en la que se anunci\u00f3 elevar el m\u00ednimo no imponible a $1.770.000 de salario bruto, el Secretario General electo de ATE, Rodolfo Aguiar, asegur\u00f3 que es \u201cun avance significativo aunque transitorio\u201d y apunt\u00f3: \u201cSe trata de una medida importante que tiene que seguir profundiz\u00e1ndose [&hellip;]<\/p>\n","protected":false},"author":7,"featured_media":38887,"comment_status":"open","ping_status":"open","sticky":false,"template":"","format":"standard","meta":{"_exactmetrics_skip_tracking":false,"_exactmetrics_sitenote_active":false,"_exactmetrics_sitenote_note":"","_exactmetrics_sitenote_category":0,"jnews-multi-image_gallery":[],"jnews_single_post":{"subtitle":"\u201cEs una medida importante si sirve para continuar el camino hacia la eliminaci\u00f3n definitiva. Era hora de que los trabajadores dejemos de pagar los mismos impuestos que las multinacionales en el pa\u00eds\u201d, se\u00f1al\u00f3 Rodolfo Aguiar.","format":"standard","video":"","gallery":"","source_name":"","source_url":"","via_name":"","via_url":"","override_template":"0","override":[{"template":"1","single_blog_custom":"","parallax":"1","fullscreen":"1","layout":"no-sidebar-narrow","sidebar":"default-sidebar","second_sidebar":"default-sidebar","sticky_sidebar":"1","share_position":"bottom","share_float_style":"share-monocrhome","show_share_counter":"1","show_view_counter":"1","show_featured":"0","show_post_meta":"1","show_post_author":"0","show_post_author_image":"1","show_post_date":"1","post_date_format":"default","post_date_format_custom":"Y\/m\/d","show_post_category":"1","show_post_reading_time":"0","post_reading_time_wpm":"300","show_zoom_button":"0","zoom_button_out_step":"2","zoom_button_in_step":"3","show_post_tag":"1","show_prev_next_post":"0","show_popup_post":"0","number_popup_post":"1","show_author_box":"0","show_post_related":"1","show_inline_post_related":"0"}],"override_image_size":"0","image_override":[{"single_post_thumbnail_size":"crop-500","single_post_gallery_size":"crop-500"}],"trending_post":"0","trending_post_position":"meta","trending_post_label":"Trending","sponsored_post":"0","sponsored_post_label":"Sponsored by","sponsored_post_name":"","sponsored_post_url":"","sponsored_post_logo_enable":"0","sponsored_post_logo":"","sponsored_post_desc":"","disable_ad":"0"},"jnews_primary_category":{"id":"","hide":""},"jnews_social_meta":{"fb_title":"","fb_description":"","fb_image":"","twitter_title":"","twitter_description":"","twitter_image":""},"jnews_review":[],"enable_review":"0","type":"percentage","name":"","summary":"","brand":"","sku":"","good":[{"good_text":""}],"bad":[{"bad_text":""}],"score_override":"","override_value":"","rating":[{"rating_text":"","rating_number":"10"}],"price":[{"shop":"","price":"","link":"","icon":""}],"jnews_override_counter":{"override_view_counter":"0","view_counter_number":"0","override_share_counter":"0","share_counter_number":"0","override_like_counter":"0","like_counter_number":"0","override_dislike_counter":"0","dislike_counter_number":"0"},"jnews_post_split":{"enable_post_split":"0","post_split":[{"template":"1","tag":"h2","numbering":"asc","mode":"normal","first":"0","enable_toc":"0","toc_type":"normal"}]},"footnotes":""},"categories":[756],"tags":[],"class_list":["post-38886","post","type-post","status-publish","format-standard","has-post-thumbnail","hentry","category-consejo-directivo-nacional-cdn"],"jetpack_featured_media_url":"https:\/\/atecordoba.org\/wp-content\/uploads\/2023\/09\/aguiar_massa-e1694538550906.jpeg","_links":{"self":[{"href":"https:\/\/atecordoba.org\/index.php?rest_route=\/wp\/v2\/posts\/38886","targetHints":{"allow":["GET"]}}],"collection":[{"href":"https:\/\/atecordoba.org\/index.php?rest_route=\/wp\/v2\/posts"}],"about":[{"href":"https:\/\/atecordoba.org\/index.php?rest_route=\/wp\/v2\/types\/post"}],"author":[{"embeddable":true,"href":"https:\/\/atecordoba.org\/index.php?rest_route=\/wp\/v2\/users\/7"}],"replies":[{"embeddable":true,"href":"https:\/\/atecordoba.org\/index.php?rest_route=%2Fwp%2Fv2%2Fcomments&post=38886"}],"version-history":[{"count":1,"href":"https:\/\/atecordoba.org\/index.php?rest_route=\/wp\/v2\/posts\/38886\/revisions"}],"predecessor-version":[{"id":38888,"href":"https:\/\/atecordoba.org\/index.php?rest_route=\/wp\/v2\/posts\/38886\/revisions\/38888"}],"wp:featuredmedia":[{"embeddable":true,"href":"https:\/\/atecordoba.org\/index.php?rest_route=\/wp\/v2\/media\/38887"}],"wp:attachment":[{"href":"https:\/\/atecordoba.org\/index.php?rest_route=%2Fwp%2Fv2%2Fmedia&parent=38886"}],"wp:term":[{"taxonomy":"category","embeddable":true,"href":"https:\/\/atecordoba.org\/index.php?rest_route=%2Fwp%2Fv2%2Fcategories&post=38886"},{"taxonomy":"post_tag","embeddable":true,"href":"https:\/\/atecordoba.org\/index.php?rest_route=%2Fwp%2Fv2%2Ftags&post=38886"}],"curies":[{"name":"wp","href":"https:\/\/api.w.org\/{rel}","templated":true}]}}