{"id":3887,"date":"2014-03-11T18:09:06","date_gmt":"2014-03-11T21:09:06","guid":{"rendered":"http:\/\/www.atecordoba.org\/?p=3887"},"modified":"2014-03-11T18:09:06","modified_gmt":"2014-03-11T21:09:06","slug":"miercoles-12-de-marzo-la-cta-realizara-una-jornada-de-protesta-y-movilizacion-con-paro-nacional","status":"publish","type":"post","link":"https:\/\/atecordoba.org\/?p=3887","title":{"rendered":"Mi\u00e9rcoles 12 de marzo: la CTA realizar\u00e1 una jornada de protesta y movilizaci\u00f3n con paro nacional."},"content":{"rendered":"<p><em>La CTA C\u00f3rdoba convoca a marchar\u00a0ma\u00f1ana, mi\u00e9rcoles\u00a012 de marzo, a\u00a027 de abril\u00a0y V\u00e9lez\u00a0S\u00e1rsfield, a las 18.30, en el marco de la jornada de protesta con paro y movilizaci\u00f3n que resolvi\u00f3 nuestra Central en todo el pa\u00eds.<\/em><\/p>\n<p style=\"text-align: center;\"><a href=\"http:\/\/www.atecordoba.org\/wp-content\/uploads\/2014\/03\/bandera-cta.png\"><img loading=\"lazy\" decoding=\"async\" class=\"aligncenter  wp-image-3888\" alt=\"bandera cta\" src=\"http:\/\/www.atecordoba.org\/wp-content\/uploads\/2014\/03\/bandera-cta.png\" width=\"560\" height=\"420\" \/><\/a><\/p>\n<p style=\"text-align: center;\">\n<p>Marchamos por: un aumento salarial del 35 por ciento y la inmediata apertura de las Paritarias, un salario M\u00ednimo, Vital y M\u00f3vil equivalente a la Canasta B\u00e1sica Familiar no inferior a 9.000 pesos que incluya a todos los trabajadores tanto del sector privado como p\u00fablico y municipal, y a aquellos que perciban planes sociales.<\/p>\n<p>Reiteramos asimismo el pedido de eliminaci\u00f3n del Impuesto a las Ganancias sobre los salarios y un aumento de emergencia a los jubilados, el pago del 82 por ciento m\u00f3vil, as\u00ed como la fiscalizaci\u00f3n del manejo de los fondos de la ANSES y el PAMI en manos de los trabajadores y el cese de suspensiones y despidos.<\/p>\n<p>Desde la Central insistimos en la derogaci\u00f3n de la Ley Antiterrorista y la de Riesgos del Trabajo que mantiene el negocio de las ART. Paralelamente ratificamos el proyecto de ley que impulsa en el Congreso de la Naci\u00f3n a trav\u00e9s del diputado V\u00edctor De Gennaro de fortalecimiento del sistema de prevenci\u00f3n y reparaci\u00f3n de accidentes.<\/p>\n<p>Forma parte de las demandas, adem\u00e1s, eliminar el IVA a los productos b\u00e1sicos de la Canasta Familiar; Nacionalizaci\u00f3n del Comercio Exterior; Grav\u00e1men a la Renta Financiera, Minera, Petrolera, Sojera e Ict\u00edcola; Nueva Ley de Entidades Financieras y el debate de otro Modelo Productivo que interpele a este r\u00e9gimen agroexportador, sojero, extractivista, o sea, expoliador, colonial y no sustentable.<\/p>\n<p>En suma, la Multisectorial y la CTA propondr\u00e1n una serie de medidas como alternativa al Plan de Ajuste que afecta a los sectores populares.<\/p>\n<p>la Corriente Clasista y Combativa (CCC); Movimiento Teresa Vive (MST); Movimiento Barrios de Pie; Federaci\u00f3n Agraria Argentina (FAA); Federaci\u00f3n Universitaria Argentina (FUA); Federaci\u00f3n Universitaria de Buenos Aires (FUBA); Organizaci\u00f3n de Trabajadores Radicales (OTR); Pueblos Originarios en Lucha; y Frente Nacional Campesino, todas ellas integrantes de la Multisectorial, y la Corriente Sindical Clasista del Partido Obrero.<\/p>\n<p>A nivel local participan:\u00a0Libres del Sur, PS, Corriente Sindical del MST, PO, Organizaci\u00f3n Barrial Malon, ATE, Sipetaco, Telef\u00f3nicos de CTA, Cispren y Ammar.<\/p>\n<p>Los compa\u00f1eros de ATE se concentrar\u00e1n en el local de Paran\u00e1 140 para despu\u00e9s marchar al centro, en tanto el resto de las organizaciones se reunir\u00e1n en el local de la CTA de Maip\u00fa al 600.<\/p>\n","protected":false},"excerpt":{"rendered":"<p>La CTA C\u00f3rdoba convoca a marchar\u00a0ma\u00f1ana, mi\u00e9rcoles\u00a012 de marzo, a\u00a027 de abril\u00a0y V\u00e9lez\u00a0S\u00e1rsfield, a las 18.30, en el marco de la jornada de protesta con paro y movilizaci\u00f3n que resolvi\u00f3 nuestra Central en todo el pa\u00eds. Marchamos por: un aumento salarial del 35 por ciento y la inmediata apertura de las Paritarias, un salario M\u00ednimo, [&hellip;]<\/p>\n","protected":false},"author":1,"featured_media":19220,"comment_status":"open","ping_status":"open","sticky":false,"template":"","format":"standard","meta":{"_exactmetrics_skip_tracking":false,"_exactmetrics_sitenote_active":false,"_exactmetrics_sitenote_note":"","_exactmetrics_sitenote_category":0,"jnews-multi-image_gallery":[],"jnews_single_post":[],"jnews_primary_category":[],"jnews_social_meta":[],"jnews_review":[],"enable_review":"","type":"","name":"","summary":"","brand":"","sku":"","good":[],"bad":[],"score_override":"","override_value":"","rating":[],"price":[],"jnews_override_counter":[],"jnews_post_split":[],"footnotes":""},"categories":[92],"tags":[],"class_list":["post-3887","post","type-post","status-publish","format-standard","has-post-thumbnail","hentry","category-cta"],"jetpack_featured_media_url":"https:\/\/atecordoba.org\/wp-content\/uploads\/2020\/05\/logo-nuevochico-e1561581322808.png","_links":{"self":[{"href":"https:\/\/atecordoba.org\/index.php?rest_route=\/wp\/v2\/posts\/3887","targetHints":{"allow":["GET"]}}],"collection":[{"href":"https:\/\/atecordoba.org\/index.php?rest_route=\/wp\/v2\/posts"}],"about":[{"href":"https:\/\/atecordoba.org\/index.php?rest_route=\/wp\/v2\/types\/post"}],"author":[{"embeddable":true,"href":"https:\/\/atecordoba.org\/index.php?rest_route=\/wp\/v2\/users\/1"}],"replies":[{"embeddable":true,"href":"https:\/\/atecordoba.org\/index.php?rest_route=%2Fwp%2Fv2%2Fcomments&post=3887"}],"version-history":[{"count":0,"href":"https:\/\/atecordoba.org\/index.php?rest_route=\/wp\/v2\/posts\/3887\/revisions"}],"wp:featuredmedia":[{"embeddable":true,"href":"https:\/\/atecordoba.org\/index.php?rest_route=\/wp\/v2\/media\/19220"}],"wp:attachment":[{"href":"https:\/\/atecordoba.org\/index.php?rest_route=%2Fwp%2Fv2%2Fmedia&parent=3887"}],"wp:term":[{"taxonomy":"category","embeddable":true,"href":"https:\/\/atecordoba.org\/index.php?rest_route=%2Fwp%2Fv2%2Fcategories&post=3887"},{"taxonomy":"post_tag","embeddable":true,"href":"https:\/\/atecordoba.org\/index.php?rest_route=%2Fwp%2Fv2%2Ftags&post=3887"}],"curies":[{"name":"wp","href":"https:\/\/api.w.org\/{rel}","templated":true}]}}