{"id":38868,"date":"2023-09-11T13:18:15","date_gmt":"2023-09-11T16:18:15","guid":{"rendered":"https:\/\/atecordoba.org\/?p=38868"},"modified":"2023-09-11T13:49:59","modified_gmt":"2023-09-11T16:49:59","slug":"rio-primero-reinstalan-a-una-afiliada-a-su-horario-habitual-por-gestion-de-ate","status":"publish","type":"post","link":"https:\/\/atecordoba.org\/?p=38868","title":{"rendered":"R\u00edo Primero: reinstalan a una afiliada a su horario habitual por gesti\u00f3n de ATE"},"content":{"rendered":"<div class=\"wp-block-image\">\n<figure class=\"aligncenter size-large is-resized\"><img loading=\"lazy\" decoding=\"async\" src=\"https:\/\/atecordoba.org\/wp-content\/uploads\/2023\/09\/WhatsApp-Image-2023-09-11-at-11.54.28-1024x576.jpeg\" alt=\"\" class=\"wp-image-38869\" width=\"768\" height=\"432\" \/><\/figure>\n<\/div>\n\n\n<p>En el marco de la discusi\u00f3n paritaria en la Municipalidad de R\u00edo Primero, ATE acord\u00f3 con el Departamento Ejecutivo la reinstalaci\u00f3n a la horario habitual de una trabajadora municipal afiliada a ATE cuyo turno de trabajo hab\u00eda sido cambiado de manera arbitraria, despu\u00e9s de desempe\u00f1arse 25 a\u00f1os en su cargo. <\/p>\n\n\n\n<p>Se trata de la compa\u00f1ero Carla Balduzzi, que cumpl\u00eda tareas de 6 de la ma\u00f1ana a 13 horas y le hab\u00edan cambiado el turno para que trabaje por la tarde, de 13 a 20 horas. Adem\u00e1s, le hab\u00edan cambiado su punto de destino desde la administraci\u00f3n y archivo del centro de salud municipal a un centro de monitoreo que se encuentra en la periferia de la ciudad. <\/p>\n\n\n\n<p>&#8220;Creemos que el Ejecutivo tom\u00f3 la medida en el marco de una represalia por ser afiliada a nuestro. Afortunadamente pudimos hablar el tema con el secretario de Gobierno, junto a asesora letrada de ATE Paloma Mu\u00f1oz, y logramos que recupere su horario habitual&#8221;, explic\u00f3 el delegado de ATE, Jos\u00e9 Baigorria. En la oportunidad, tambi\u00e9n estuvo presente el secretario Gremial de ATE C\u00f3rdoba, Jorge Chalup, junto a la delegada de ATE, Pamela Gutierrez, y el secretario de Organizaci\u00f3n del Consejo Directivo Provincial, Javier Bracamonte.<\/p>\n\n\n\n<p><strong>Negoci\u00f3n salarial<\/strong><\/p>\n\n\n\n<p>En otro orden, prosigue la negociaci\u00f3n salarial en el Ministerio de Trabajo, en la paritaria municipal de R\u00edo Primero. <\/p>\n\n\n\n<p>ATE solicita una aumento salarial del 90%, pagadero en tres cuotas y retroactivo a julio y agosto, m\u00e1s lo correspondiente a los haberes de septiembre. <\/p>\n\n\n\n<p>&#8220;Estamos defendiendo el salario de las y los municipales de R\u00edo Primero en este contexto inflacionario&#8221;, explic\u00f3 Chalup.<\/p>\n\n\n\n<p>En consecuencia se pas\u00f3 a un cuarto intermedio hasta la pr\u00f3xima audiencia programada en la cartera laboral. <\/p>\n","protected":false},"excerpt":{"rendered":"<p>En el marco de la discusi\u00f3n paritaria en la Municipalidad de R\u00edo Primero, ATE acord\u00f3 con el Departamento Ejecutivo la reinstalaci\u00f3n a la horario habitual de una trabajadora municipal afiliada a ATE cuyo turno de trabajo hab\u00eda sido cambiado de manera arbitraria, despu\u00e9s de desempe\u00f1arse 25 a\u00f1os en su cargo. Se trata de la compa\u00f1ero [&hellip;]<\/p>\n","protected":false},"author":7,"featured_media":38869,"comment_status":"open","ping_status":"open","sticky":false,"template":"","format":"standard","meta":{"_exactmetrics_skip_tracking":false,"_exactmetrics_sitenote_active":false,"_exactmetrics_sitenote_note":"","_exactmetrics_sitenote_category":0,"jnews-multi-image_gallery":[],"jnews_single_post":{"subtitle":"En la negociaci\u00f3n paritaria que realizada esta ma\u00f1ana ATE solicit\u00f3 una aumento salarial del 90%, pagadero en tres cuotas y retroactivo a julio y agosto, m\u00e1s lo correspondiente a los haberes de septiembre. \"Estamos defendiendo el salario de las y los municipales de R\u00edo Primero en este contexto inflacionario\", explic\u00f3 el secretario Gremial de ATE, Jorge Chalup.","format":"standard","video":"","gallery":"","source_name":"","source_url":"","via_name":"","via_url":"","override_template":"0","override":[{"template":"1","single_blog_custom":"","parallax":"1","fullscreen":"1","layout":"no-sidebar-narrow","sidebar":"default-sidebar","second_sidebar":"default-sidebar","sticky_sidebar":"1","share_position":"bottom","share_float_style":"share-monocrhome","show_share_counter":"1","show_view_counter":"1","show_featured":"0","show_post_meta":"1","show_post_author":"0","show_post_author_image":"1","show_post_date":"1","post_date_format":"default","post_date_format_custom":"Y\/m\/d","show_post_category":"1","show_post_reading_time":"0","post_reading_time_wpm":"300","show_zoom_button":"0","zoom_button_out_step":"2","zoom_button_in_step":"3","show_post_tag":"1","show_prev_next_post":"0","show_popup_post":"0","number_popup_post":"1","show_author_box":"0","show_post_related":"1","show_inline_post_related":"0"}],"override_image_size":"0","image_override":[{"single_post_thumbnail_size":"crop-500","single_post_gallery_size":"crop-500"}],"trending_post":"0","trending_post_position":"meta","trending_post_label":"Trending","sponsored_post":"0","sponsored_post_label":"Sponsored by","sponsored_post_name":"","sponsored_post_url":"","sponsored_post_logo_enable":"0","sponsored_post_logo":"","sponsored_post_desc":"","disable_ad":"0"},"jnews_primary_category":{"id":"","hide":""},"jnews_social_meta":{"fb_title":"","fb_description":"","fb_image":"","twitter_title":"","twitter_description":"","twitter_image":""},"jnews_review":[],"enable_review":"0","type":"percentage","name":"","summary":"","brand":"","sku":"","good":[{"good_text":""}],"bad":[{"bad_text":""}],"score_override":"","override_value":"","rating":[{"rating_text":"","rating_number":"10"}],"price":[{"shop":"","price":"","link":"","icon":""}],"jnews_override_counter":{"override_view_counter":"0","view_counter_number":"0","override_share_counter":"0","share_counter_number":"0","override_like_counter":"0","like_counter_number":"0","override_dislike_counter":"0","dislike_counter_number":"0"},"jnews_post_split":{"enable_post_split":"0","post_split":[{"template":"1","tag":"h2","numbering":"asc","mode":"normal","first":"0","enable_toc":"0","toc_type":"normal"}]},"footnotes":""},"categories":[20],"tags":[],"class_list":["post-38868","post","type-post","status-publish","format-standard","has-post-thumbnail","hentry","category-municipales"],"jetpack_featured_media_url":"https:\/\/atecordoba.org\/wp-content\/uploads\/2023\/09\/WhatsApp-Image-2023-09-11-at-11.54.28-e1694448982351.jpeg","_links":{"self":[{"href":"https:\/\/atecordoba.org\/index.php?rest_route=\/wp\/v2\/posts\/38868","targetHints":{"allow":["GET"]}}],"collection":[{"href":"https:\/\/atecordoba.org\/index.php?rest_route=\/wp\/v2\/posts"}],"about":[{"href":"https:\/\/atecordoba.org\/index.php?rest_route=\/wp\/v2\/types\/post"}],"author":[{"embeddable":true,"href":"https:\/\/atecordoba.org\/index.php?rest_route=\/wp\/v2\/users\/7"}],"replies":[{"embeddable":true,"href":"https:\/\/atecordoba.org\/index.php?rest_route=%2Fwp%2Fv2%2Fcomments&post=38868"}],"version-history":[{"count":2,"href":"https:\/\/atecordoba.org\/index.php?rest_route=\/wp\/v2\/posts\/38868\/revisions"}],"predecessor-version":[{"id":38873,"href":"https:\/\/atecordoba.org\/index.php?rest_route=\/wp\/v2\/posts\/38868\/revisions\/38873"}],"wp:featuredmedia":[{"embeddable":true,"href":"https:\/\/atecordoba.org\/index.php?rest_route=\/wp\/v2\/media\/38869"}],"wp:attachment":[{"href":"https:\/\/atecordoba.org\/index.php?rest_route=%2Fwp%2Fv2%2Fmedia&parent=38868"}],"wp:term":[{"taxonomy":"category","embeddable":true,"href":"https:\/\/atecordoba.org\/index.php?rest_route=%2Fwp%2Fv2%2Fcategories&post=38868"},{"taxonomy":"post_tag","embeddable":true,"href":"https:\/\/atecordoba.org\/index.php?rest_route=%2Fwp%2Fv2%2Ftags&post=38868"}],"curies":[{"name":"wp","href":"https:\/\/api.w.org\/{rel}","templated":true}]}}