{"id":38862,"date":"2023-09-11T12:07:37","date_gmt":"2023-09-11T15:07:37","guid":{"rendered":"https:\/\/atecordoba.org\/?p=38862"},"modified":"2023-09-11T12:08:19","modified_gmt":"2023-09-11T15:08:19","slug":"formacion-para-delegados-estatales-en-cruz-del-eje","status":"publish","type":"post","link":"https:\/\/atecordoba.org\/?p=38862","title":{"rendered":"Formaci\u00f3n para delegados estatales en Cruz del Eje"},"content":{"rendered":"<div class=\"wp-block-image\">\n<figure class=\"aligncenter size-full is-resized\"><img loading=\"lazy\" decoding=\"async\" src=\"https:\/\/atecordoba.org\/wp-content\/uploads\/2023\/09\/portada.jpg\" alt=\"\" class=\"wp-image-38863\" width=\"720\" height=\"540\" \/><\/figure>\n<\/div>\n\n\n<p>El s\u00e1bado pasado se llev\u00f3 a cabo un Taller de Formaci\u00f3n para Delegados y Delegadas de la Seccional ATE Cruz del Eje.<\/p>\n\n\n\n<p>Carlos Rang, miembro del Consejo Directivo Provincial de ATE C\u00f3rdoba, dict\u00f3 la capacitaci\u00f3n para delegados municipales, provinciales y nacionales en la seccional del Norte cordob\u00e9s.<\/p>\n\n\n\n<p>Asistieron M\u00f3nica Rodr\u00edguez, Secretaria General electa y Juan Pablo \u201cBeto\u201d Pozzi, Secretario Adjunto electo de ATE Cruz del Eje, respectivamente.<\/p>\n\n\n\n<figure class=\"wp-block-gallery has-nested-images columns-default is-cropped wp-block-gallery-1 is-layout-flex wp-block-gallery-is-layout-flex\">\n<figure class=\"wp-block-image size-large\"><img loading=\"lazy\" decoding=\"async\" width=\"300\" height=\"225\" data-id=\"38865\" src=\"https:\/\/atecordoba.org\/wp-content\/uploads\/2023\/09\/2.jpg\" alt=\"\" class=\"wp-image-38865\" \/><\/figure>\n\n\n\n<figure class=\"wp-block-image size-large\"><img loading=\"lazy\" decoding=\"async\" width=\"300\" height=\"221\" data-id=\"38864\" src=\"https:\/\/atecordoba.org\/wp-content\/uploads\/2023\/09\/3.jpg\" alt=\"\" class=\"wp-image-38864\" \/><\/figure>\n<\/figure>\n\n\n\n<p>Rang es m\u00e9dico veterinario; docente de la Universidad Nacional de R\u00edo Cuarto (UNRC); especialista en Estudios Latinoamericanos; integrante del Grupo de Trabajo China-CLACSO; delegado gremial de la Asociaci\u00f3n Trabajadores del Estado (ATE-CTAA) en la Secretar\u00eda de Agricultura Familiar (SAF); y vocal electo del Consejo Directivo Provincial (CDP).<\/p>\n\n\n\n<p><\/p>\n","protected":false},"excerpt":{"rendered":"<p>El s\u00e1bado pasado se llev\u00f3 a cabo un Taller de Formaci\u00f3n para Delegados y Delegadas de la Seccional ATE Cruz del Eje. Carlos Rang, miembro del Consejo Directivo Provincial de ATE C\u00f3rdoba, dict\u00f3 la capacitaci\u00f3n para delegados municipales, provinciales y nacionales en la seccional del Norte cordob\u00e9s. Asistieron M\u00f3nica Rodr\u00edguez, Secretaria General electa y Juan [&hellip;]<\/p>\n","protected":false},"author":7,"featured_media":38863,"comment_status":"open","ping_status":"open","sticky":false,"template":"","format":"standard","meta":{"_exactmetrics_skip_tracking":false,"_exactmetrics_sitenote_active":false,"_exactmetrics_sitenote_note":"","_exactmetrics_sitenote_category":0,"jnews-multi-image_gallery":[],"jnews_single_post":{"subtitle":"Asistieron M\u00f3nica Rodr\u00edguez, Secretaria General electa y Juan Pablo \u201cBeto\u201d Pozzi, Secretario Adjunto electo de la seccional del norte provincial, respectivamente.","format":"standard","video":"","gallery":"","source_name":"","source_url":"","via_name":"","via_url":"","override_template":"0","override":[{"template":"1","single_blog_custom":"","parallax":"1","fullscreen":"1","layout":"no-sidebar-narrow","sidebar":"default-sidebar","second_sidebar":"default-sidebar","sticky_sidebar":"1","share_position":"bottom","share_float_style":"share-monocrhome","show_share_counter":"1","show_view_counter":"1","show_featured":"0","show_post_meta":"1","show_post_author":"0","show_post_author_image":"1","show_post_date":"1","post_date_format":"default","post_date_format_custom":"Y\/m\/d","show_post_category":"1","show_post_reading_time":"0","post_reading_time_wpm":"300","show_zoom_button":"0","zoom_button_out_step":"2","zoom_button_in_step":"3","show_post_tag":"1","show_prev_next_post":"0","show_popup_post":"0","number_popup_post":"1","show_author_box":"0","show_post_related":"1","show_inline_post_related":"0"}],"override_image_size":"0","image_override":[{"single_post_thumbnail_size":"crop-500","single_post_gallery_size":"crop-500"}],"trending_post":"0","trending_post_position":"meta","trending_post_label":"Trending","sponsored_post":"0","sponsored_post_label":"Sponsored by","sponsored_post_name":"","sponsored_post_url":"","sponsored_post_logo_enable":"0","sponsored_post_logo":"","sponsored_post_desc":"","disable_ad":"0"},"jnews_primary_category":{"id":"","hide":""},"jnews_social_meta":{"fb_title":"","fb_description":"","fb_image":"","twitter_title":"","twitter_description":"","twitter_image":""},"jnews_review":[],"enable_review":"0","type":"percentage","name":"","summary":"","brand":"","sku":"","good":[{"good_text":""}],"bad":[{"bad_text":""}],"score_override":"","override_value":"","rating":[{"rating_text":"","rating_number":"10"}],"price":[{"shop":"","price":"","link":"","icon":""}],"jnews_override_counter":{"override_view_counter":"0","view_counter_number":"0","override_share_counter":"0","share_counter_number":"0","override_like_counter":"0","like_counter_number":"0","override_dislike_counter":"0","dislike_counter_number":"0"},"jnews_post_split":{"enable_post_split":"0","post_split":[{"template":"1","tag":"h2","numbering":"asc","mode":"normal","first":"0","enable_toc":"0","toc_type":"normal"}]},"footnotes":""},"categories":[150,88],"tags":[],"class_list":["post-38862","post","type-post","status-publish","format-standard","has-post-thumbnail","hentry","category-cruz-del-eje","category-formacion"],"jetpack_featured_media_url":"https:\/\/atecordoba.org\/wp-content\/uploads\/2023\/09\/portada-e1694444835932.jpg","_links":{"self":[{"href":"https:\/\/atecordoba.org\/index.php?rest_route=\/wp\/v2\/posts\/38862","targetHints":{"allow":["GET"]}}],"collection":[{"href":"https:\/\/atecordoba.org\/index.php?rest_route=\/wp\/v2\/posts"}],"about":[{"href":"https:\/\/atecordoba.org\/index.php?rest_route=\/wp\/v2\/types\/post"}],"author":[{"embeddable":true,"href":"https:\/\/atecordoba.org\/index.php?rest_route=\/wp\/v2\/users\/7"}],"replies":[{"embeddable":true,"href":"https:\/\/atecordoba.org\/index.php?rest_route=%2Fwp%2Fv2%2Fcomments&post=38862"}],"version-history":[{"count":1,"href":"https:\/\/atecordoba.org\/index.php?rest_route=\/wp\/v2\/posts\/38862\/revisions"}],"predecessor-version":[{"id":38866,"href":"https:\/\/atecordoba.org\/index.php?rest_route=\/wp\/v2\/posts\/38862\/revisions\/38866"}],"wp:featuredmedia":[{"embeddable":true,"href":"https:\/\/atecordoba.org\/index.php?rest_route=\/wp\/v2\/media\/38863"}],"wp:attachment":[{"href":"https:\/\/atecordoba.org\/index.php?rest_route=%2Fwp%2Fv2%2Fmedia&parent=38862"}],"wp:term":[{"taxonomy":"category","embeddable":true,"href":"https:\/\/atecordoba.org\/index.php?rest_route=%2Fwp%2Fv2%2Fcategories&post=38862"},{"taxonomy":"post_tag","embeddable":true,"href":"https:\/\/atecordoba.org\/index.php?rest_route=%2Fwp%2Fv2%2Ftags&post=38862"}],"curies":[{"name":"wp","href":"https:\/\/api.w.org\/{rel}","templated":true}]}}