{"id":3884,"date":"2014-03-11T17:19:39","date_gmt":"2014-03-11T20:19:39","guid":{"rendered":"http:\/\/www.atecordoba.org\/?p=3884"},"modified":"2014-03-11T17:19:39","modified_gmt":"2014-03-11T20:19:39","slug":"anses-manana-se-resentira-la-atencion-por-la-agresion-a-una-trabajadora","status":"publish","type":"post","link":"https:\/\/atecordoba.org\/?p=3884","title":{"rendered":"Anses: ma\u00f1ana se resentir\u00e1 la atenci\u00f3n por la agresi\u00f3n a una trabajadora"},"content":{"rendered":"<p><em>Los problemas edificios e inform\u00e1ticos en la ANSES generan el malestar permanente de los usuarios que derivaron hoy en la agresi\u00f3n a una trabajadora. ATE realizar\u00e1 ma\u00f1ana una jornada de asamblea permanente que resentir\u00e1 la atenci\u00f3n al p\u00fablico en la UDAI de Humberto Primo y Avellaneda.<\/em><\/p>\n<figure id=\"attachment_3885\" aria-describedby=\"caption-attachment-3885\" style=\"width: 560px\" class=\"wp-caption aligncenter\"><a href=\"http:\/\/www.atecordoba.org\/wp-content\/uploads\/2014\/03\/anses.png\"><img loading=\"lazy\" decoding=\"async\" class=\" wp-image-3885\" alt=\"anses\" src=\"http:\/\/www.atecordoba.org\/wp-content\/uploads\/2014\/03\/anses.png\" width=\"560\" height=\"420\" \/><\/a><figcaption id=\"caption-attachment-3885\" class=\"wp-caption-text\">La UDAI de Humberto Primo y Avellaneda resentir\u00e1 ma\u00f1ana la atenci\u00f3n al p\u00fablico<\/figcaption><\/figure>\n<p>En reclamo de mejoras en la condiciones de trabajo que sufren los trabajadores y afiliados de la ANSES en la UDAI de Humberto Primo y Avellaneda, ATE dispuso para ma\u00f1ana el estado de asamblea permanente en el sector, que resentir\u00e1 la atenci\u00f3n al p\u00fablico.<\/p>\n<p>Tal como ven\u00eda alertando ATE a las autoridades en diversas oportunidades, la demanda excesiva de atenci\u00f3n -para la infraestructura y personal disponible- viene generando un malestar permanente de los usuarios, que derivaron hoy en la agresi\u00f3n a una compa\u00f1era de parte de una persona que se encontraba en el lugar esperando ser atendida. La trabajadora debi\u00f3 ser atendida por m\u00e9dicos del 107, mientras personal policial intervino para evitar males mayores.<\/p>\n<p>Todo esto es consecuencia de las condiciones edilicias, por el escaso espacio disponible en el lugar, y la falta de personal que impiden satisfacer la alta demanda del p\u00fablico.<\/p>\n<p>A esto se suma que cambios en el sistema inform\u00e1tico generan un colapso de las computadoras, demorando los tr\u00e1mites, que a su vez demoran la atenci\u00f3n de nuevos turnos para el p\u00fablico, dando por resultado que personas que sacaron su turno con un mes de antelaci\u00f3n no puedan ser atendidas.<\/p>\n<p>A pesar que ATE viene reclamando a la jefatura regional de la ANSES una soluci\u00f3n a esta situaci\u00f3n, hasta el momento no se recibi\u00f3 ninguna respuesta al planteo.<\/p>\n<p>En consecuencia, a partir de ma\u00f1ana a las 7 horas se iniciar\u00e1 una asamblea para resolver los pasos a seguir de continuar esta grave situaci\u00f3n.<\/p>\n<p>El reclamo se realizar\u00e1 ma\u00f1ana en el marco del paro nacional resuelto por la CTA en todo el pa\u00eds en reclamo de un aumento salarial del 35% en una sola vez, 2500 pesos de suma fija para enero y febrero que compense la escalada inflacionaria y el 82% m\u00f3vil para los jubilados entre otros puntos.<\/p>\n<p>&nbsp;<\/p>\n","protected":false},"excerpt":{"rendered":"<p>Los problemas edificios e inform\u00e1ticos en la ANSES generan el malestar permanente de los usuarios que derivaron hoy en la agresi\u00f3n a una trabajadora. ATE realizar\u00e1 ma\u00f1ana una jornada de asamblea permanente que resentir\u00e1 la atenci\u00f3n al p\u00fablico en la UDAI de Humberto Primo y Avellaneda. En reclamo de mejoras en la condiciones de trabajo [&hellip;]<\/p>\n","protected":false},"author":1,"featured_media":19220,"comment_status":"open","ping_status":"open","sticky":false,"template":"","format":"standard","meta":{"_exactmetrics_skip_tracking":false,"_exactmetrics_sitenote_active":false,"_exactmetrics_sitenote_note":"","_exactmetrics_sitenote_category":0,"jnews-multi-image_gallery":[],"jnews_single_post":[],"jnews_primary_category":[],"jnews_social_meta":[],"jnews_review":[],"enable_review":"","type":"","name":"","summary":"","brand":"","sku":"","good":[],"bad":[],"score_override":"","override_value":"","rating":[],"price":[],"jnews_override_counter":[],"jnews_post_split":[],"footnotes":""},"categories":[18],"tags":[],"class_list":["post-3884","post","type-post","status-publish","format-standard","has-post-thumbnail","hentry","category-nacionales"],"jetpack_featured_media_url":"https:\/\/atecordoba.org\/wp-content\/uploads\/2020\/05\/logo-nuevochico-e1561581322808.png","_links":{"self":[{"href":"https:\/\/atecordoba.org\/index.php?rest_route=\/wp\/v2\/posts\/3884","targetHints":{"allow":["GET"]}}],"collection":[{"href":"https:\/\/atecordoba.org\/index.php?rest_route=\/wp\/v2\/posts"}],"about":[{"href":"https:\/\/atecordoba.org\/index.php?rest_route=\/wp\/v2\/types\/post"}],"author":[{"embeddable":true,"href":"https:\/\/atecordoba.org\/index.php?rest_route=\/wp\/v2\/users\/1"}],"replies":[{"embeddable":true,"href":"https:\/\/atecordoba.org\/index.php?rest_route=%2Fwp%2Fv2%2Fcomments&post=3884"}],"version-history":[{"count":0,"href":"https:\/\/atecordoba.org\/index.php?rest_route=\/wp\/v2\/posts\/3884\/revisions"}],"wp:featuredmedia":[{"embeddable":true,"href":"https:\/\/atecordoba.org\/index.php?rest_route=\/wp\/v2\/media\/19220"}],"wp:attachment":[{"href":"https:\/\/atecordoba.org\/index.php?rest_route=%2Fwp%2Fv2%2Fmedia&parent=3884"}],"wp:term":[{"taxonomy":"category","embeddable":true,"href":"https:\/\/atecordoba.org\/index.php?rest_route=%2Fwp%2Fv2%2Fcategories&post=3884"},{"taxonomy":"post_tag","embeddable":true,"href":"https:\/\/atecordoba.org\/index.php?rest_route=%2Fwp%2Fv2%2Ftags&post=3884"}],"curies":[{"name":"wp","href":"https:\/\/api.w.org\/{rel}","templated":true}]}}