{"id":3877,"date":"2014-03-10T17:29:09","date_gmt":"2014-03-10T20:29:09","guid":{"rendered":"http:\/\/www.atecordoba.org\/?p=3877"},"modified":"2020-06-09T15:43:04","modified_gmt":"2020-06-09T18:43:04","slug":"ate-participo-de-la-marcha-por-el-dia-internacional-de-la-mujer-en-buenos-aires","status":"publish","type":"post","link":"https:\/\/atecordoba.org\/?p=3877","title":{"rendered":"ATE particip\u00f3 de la marcha por el D\u00eda Internacional de la Mujer en Buenos Aires"},"content":{"rendered":"<p><em>En conmemoraci\u00f3n del D\u00eda Internacional de la Mujer, que se celebr\u00f3 el 8 de marzo de cada a\u00f1o, ATE y la CTA marcharon junto a un gran n\u00famero de organizaciones sociales, sindicales y pol\u00edticas a la plaza del Congreso de la Naci\u00f3n para reivindicar los derechos de la mujer y para generar consciencia en la sociedad sobre la inequidad patriarcal que atraviesa todos los niveles de la sociedad.<\/em><\/p>\n<p style=\"text-align: center;\"><a href=\"http:\/\/atecordoba.org\/wp-content\/uploads\/2020\/06\/1.jpg\"><img loading=\"lazy\" decoding=\"async\" alt=\"1\" height=\"419\" src=\"http:\/\/atecordoba.org\/wp-content\/uploads\/2020\/06\/1.jpg\" width=\"630\" class=\" wp-image-3878 aligncenter\"><\/a><\/p>\n<p>Durante la marcha, el Secretario Adjunto del Consejo Directivo Nacional de ATE, Hugo Godoy, manifest\u00f3: \u201cEl problema de la falta de equidad de g\u00e9nero en nuestro pa\u00eds se expresa en todos los \u00e1mbitos de la vida social, cultural, pol\u00edtica e institucional. Y se expresa tambi\u00e9n en el trabajo. El D\u00eda Internacional de la Mujer tiene que ver con la construcci\u00f3n de consciencias, porque esta falta de equidad en las condiciones de trabajo, en las condiciones de vida de la mujer en nuestra sociedad tiene un primer lugar de resoluci\u00f3n, que es en las consciencias de los hombres y de las mismas mujeres. En los hombres para cambiar aquellas cosas que tienen que ver con el ejercicio de un poder patriarcal que a veces nos viene incorporado y que nos cuesta cambiar. En las mujeres, para ganar consciencia de su derecho a la pelea, porque los cambios surgen de la capacidad de rebeld\u00eda y de construir nuevas formas de relaci\u00f3n entre las mujeres y los hombres. Pero tambi\u00e9n para exigir del Estado, que es un \u00e1mbito que en el d\u00eda de hoy cristaliza estas relaciones desiguales e inequitativas, que las pol\u00edticas se modifiquen\u201d.<\/p>\n<figure id=\"attachment_3879\" aria-describedby=\"caption-attachment-3879\" style=\"width: 308px\" class=\"wp-caption alignleft\"><a href=\"http:\/\/atecordoba.org\/wp-content\/uploads\/2020\/06\/cahorro-y-silvia-leon.jpg\"><img loading=\"lazy\" decoding=\"async\" alt=\"cahorro y silvia leon\" height=\"205\" src=\"http:\/\/atecordoba.org\/wp-content\/uploads\/2020\/06\/cahorro-y-silvia-leon.jpg\" width=\"308\" class=\" wp-image-3879\"><\/a><figcaption id=\"caption-attachment-3879\" class=\"wp-caption-text\">Hugo Godoy, secretario Adjunto de ATE nacional, y Silvia Leon, secretaria de Organizaci\u00f3n<\/figcaption><\/figure>\n<p>\u201cEn este sentido, la construcci\u00f3n que venimos haciendo desde ATE y desde la CTA, tiene que ver con la consciencia y con la reivindicaci\u00f3n de derechos. Por eso estamos hoy movilizados aqu\u00ed en esta marcha nacional. Por eso compa\u00f1eros y compa\u00f1eras de todo el pa\u00eds vienen realizando trabajos que tienen que ver con la relaci\u00f3n entre la mujer y el trabajo. Movilizados y debatiendo aportamos al desarrollo\u201d, agreg\u00f3 Godoy.<\/p>\n<p>Por su parte, Silvia Le\u00f3n, Secretaria de Organizaci\u00f3n del CDN de ATE, dijo: \u201cHoy nuevamente las mujeres, en todas las provincias, estamos nuevamente ocupando y tomando las calles. Reclamando por nuestros derechos y por los derechos de la clase trabajadora en un a\u00f1o en el que la inflaci\u00f3n y la devaluaci\u00f3n del peso hicieron que nuestros salarios est\u00e9n absolutamente por debajo de la canasta familiar. Para las mujeres esto impacta particularmente, siendo que en muchos hogares son las mujeres quienes son la jefa del hogar. Estamos reclamando por salarios dignos, por que se termine con la precarizaci\u00f3n laboral y por que haya un salario acorde a la canasta familiar, que estimamos que est\u00e1 en los 9.100 pesos\u201d.<\/p>\n<p>\u201cAdem\u00e1s marchamos por los derechos hist\u00f3ricos: Hoy esto tiene ver con la amenaza de reforma del C\u00f3digo Civil que de nuevo vuelve a poner en nuestro pa\u00eds el peso de la Iglesia por sobre los derechos de todas las mujeres argentinas que tenemos distintas creencias y credos. Cada vez se aleja m\u00e1s la legalizaci\u00f3n y la desprecarizaci\u00f3n del aborto, reafirmando que la vida comienza en el momento de la concepci\u00f3n. Esto va, adem\u00e1s, en contra de todos los avances que se lograron en el \u00faltimo a\u00f1o con la Ley de Fertilizaci\u00f3n Asistida\u201d, agreg\u00f3 Le\u00f3n, que adem\u00e1s indic\u00f3: \u201cVenimos a plantear la necesidad de que se efectivice la separaci\u00f3n de la Iglesia del Estado y de que el Congreso legisle para todas las mujeres y para todos los hombres de este pa\u00eds. Venimos a plantear tambi\u00e9n la importancia de que se trate de una vez por todas lo que hoy significa que el 29 por ciento de las mujeres que mueren en edad gestacional, mueren por abortos clandestinos. El derecho al aborto legal tiene que ver con la vida: Tenemos que terminar con la hipocres\u00eda de que solamente las mujeres que tenemos dinero podemos hacernos abortos seguros, mientras que las mujeres pobres seguimos muriendo por abortos clandestinos. Es imperativo que se legisle la libertad de poder elegir un aborto legal, seguro y gratuito en el hospital <a href=\"http:\/\/atecordoba.org\/wp-content\/uploads\/2020\/06\/chicas.jpg\"><img loading=\"lazy\" decoding=\"async\" alt=\"chicas\" height=\"349\" src=\"http:\/\/atecordoba.org\/wp-content\/uploads\/2020\/06\/chicas.jpg\" width=\"308\" class=\" wp-image-3880 alignright\"><\/a>p\u00fablico\u201d.<\/p>\n<p>\u201cHoy la precarizaci\u00f3n laboral y los bajos salarios afectan de forma diferencial y m\u00e1s perjudicialmente a las mujeres que a los varones trabajadores. Por eso tiene que haber legislaci\u00f3n que defienda a los derechos de la mujer para tener salarios dignos y condiciones de trabajo dignas\u201d, cerr\u00f3 Le\u00f3n.<\/p>\n<p>Marta Galante, Directora del Departamento de G\u00e9nero e Igualdad de Oportunidades del CDN de ATE, dijo: \u201cEstamos en la calle por nuestros derechos. Hemos conquistado algunos, algunos deben ser reconquistados, y hay muchos m\u00e1s por los que seguir peleando. Entre nuestras reivindicaciones resuena que nuestro cuerpo es nuestro, y que nadie debe ni puede decidir por nosotras. Nos convocamos con un mont\u00f3n de organizaciones que no est\u00e1n dentro de ATE o CTA, pero que s\u00ed tienen el mismo objetivo: Que se nos respeten esos derechos que a\u00fan no se respetan. En el campo laboral, sobre todo, el derecho a igual salario, igual remuneraci\u00f3n. Pasan los a\u00f1os y los varones siguen ganando m\u00e1s que las mujeres en funciones iguales. Todo esto debe ser puesto en discusi\u00f3n con la sociedad, y por eso estamos ac\u00e1. El D\u00eda Internacional de la Mujer es un d\u00eda para visibilizar la lucha que se lleva delante de forma diaria por much\u00edsimas organizaciones en todos los \u00e1mbitos: Pol\u00edticos, sociales, sindicales, etc\u201d.<\/p>\n<p>Finalmente, Olga Reinoso, Secretaria de G\u00e9nero de la CTA Santa Cruz, manifest\u00f3: \u201cHoy estamos ac\u00e1 todas juntas unidas en un solo grito que atraviesa el pa\u00eds. Ese grito dice que hay mucha desigualdad en Argentina. Estamos ac\u00e1 para demostrar que tenemos la determinaci\u00f3n de pelear hasta que logremos la equidad y que se nos reconozcan nuestros derechos. En ATE hay una gran participaci\u00f3n de compa\u00f1eras: Cada d\u00eda se ve m\u00e1s claramente que en los espacios donde se toman las decisiones hay cada vez m\u00e1s compa\u00f1eras. Y no s\u00f3lo van a pelear por sus propios derechos, sino tambi\u00e9n para que la sociedad sea un poco m\u00e1s justa\u201d.<\/p>\n<p style=\"text-align: center;\"><a href=\"http:\/\/atecordoba.org\/wp-content\/uploads\/2020\/06\/mas-chicas.jpg\"><img loading=\"lazy\" decoding=\"async\" alt=\"mas chicas\" height=\"293\" src=\"http:\/\/atecordoba.org\/wp-content\/uploads\/2020\/06\/mas-chicas.jpg\" width=\"440\" class=\"size-full wp-image-3881 aligncenter\"><\/a><\/p>\n","protected":false},"excerpt":{"rendered":"<p>En conmemoraci\u00f3n del D\u00eda Internacional de la Mujer, que se celebr\u00f3 el 8 de marzo de cada a\u00f1o, ATE y la CTA marcharon junto a un gran n\u00famero de organizaciones sociales, sindicales y pol\u00edticas a la plaza del Congreso de la Naci\u00f3n para reivindicar los derechos de la mujer y para generar consciencia en la [&hellip;]<\/p>\n","protected":false},"author":1,"featured_media":19220,"comment_status":"open","ping_status":"open","sticky":false,"template":"","format":"standard","meta":{"_exactmetrics_skip_tracking":false,"_exactmetrics_sitenote_active":false,"_exactmetrics_sitenote_note":"","_exactmetrics_sitenote_category":0,"jnews-multi-image_gallery":[],"jnews_single_post":[],"jnews_primary_category":[],"jnews_social_meta":[],"jnews_review":[],"enable_review":"","type":"","name":"","summary":"","brand":"","sku":"","good":[],"bad":[],"score_override":"","override_value":"","rating":[],"price":[],"jnews_override_counter":[],"jnews_post_split":[],"footnotes":""},"categories":[325,18],"tags":[],"class_list":["post-3877","post","type-post","status-publish","format-standard","has-post-thumbnail","hentry","category-generos-y-diversidades","category-nacionales"],"jetpack_featured_media_url":"https:\/\/atecordoba.org\/wp-content\/uploads\/2020\/05\/logo-nuevochico-e1561581322808.png","_links":{"self":[{"href":"https:\/\/atecordoba.org\/index.php?rest_route=\/wp\/v2\/posts\/3877","targetHints":{"allow":["GET"]}}],"collection":[{"href":"https:\/\/atecordoba.org\/index.php?rest_route=\/wp\/v2\/posts"}],"about":[{"href":"https:\/\/atecordoba.org\/index.php?rest_route=\/wp\/v2\/types\/post"}],"author":[{"embeddable":true,"href":"https:\/\/atecordoba.org\/index.php?rest_route=\/wp\/v2\/users\/1"}],"replies":[{"embeddable":true,"href":"https:\/\/atecordoba.org\/index.php?rest_route=%2Fwp%2Fv2%2Fcomments&post=3877"}],"version-history":[{"count":1,"href":"https:\/\/atecordoba.org\/index.php?rest_route=\/wp\/v2\/posts\/3877\/revisions"}],"predecessor-version":[{"id":20058,"href":"https:\/\/atecordoba.org\/index.php?rest_route=\/wp\/v2\/posts\/3877\/revisions\/20058"}],"wp:featuredmedia":[{"embeddable":true,"href":"https:\/\/atecordoba.org\/index.php?rest_route=\/wp\/v2\/media\/19220"}],"wp:attachment":[{"href":"https:\/\/atecordoba.org\/index.php?rest_route=%2Fwp%2Fv2%2Fmedia&parent=3877"}],"wp:term":[{"taxonomy":"category","embeddable":true,"href":"https:\/\/atecordoba.org\/index.php?rest_route=%2Fwp%2Fv2%2Fcategories&post=3877"},{"taxonomy":"post_tag","embeddable":true,"href":"https:\/\/atecordoba.org\/index.php?rest_route=%2Fwp%2Fv2%2Ftags&post=3877"}],"curies":[{"name":"wp","href":"https:\/\/api.w.org\/{rel}","templated":true}]}}