{"id":3871,"date":"2014-03-10T15:52:58","date_gmt":"2014-03-10T18:52:58","guid":{"rendered":"http:\/\/www.atecordoba.org\/?p=3871"},"modified":"2014-03-10T15:52:58","modified_gmt":"2014-03-10T18:52:58","slug":"salio-el-primer-boletin-2014-de-salud-laboral-de-ate-cordoba","status":"publish","type":"post","link":"https:\/\/atecordoba.org\/?p=3871","title":{"rendered":"Salio el primer bolet\u00edn 2014 de salud laboral de ATE C\u00f3rdoba"},"content":{"rendered":"<p><em>Con la coordinaci\u00f3n de los compa\u00f1eros que integran el Departamento de Condiciones de Medio Ambiente de Trabajo (CYMAT), que trata sobre la cuestiones de salud laboral en nuestros sectores de trabajo, ponemos a disposici\u00f3n de nuestro afiliados y de todos los estatales de C\u00f3rdoba este bolet\u00edn peri\u00f3dico.<\/em><\/p>\n<figure id=\"attachment_3490\" aria-describedby=\"caption-attachment-3490\" style=\"width: 400px\" class=\"wp-caption aligncenter\"><a href=\"http:\/\/www.atecordoba.org\/wp-content\/uploads\/2013\/10\/2-e1382737414972.png\"><img loading=\"lazy\" decoding=\"async\" class=\"size-full wp-image-3490 \" alt=\"2\" src=\"http:\/\/www.atecordoba.org\/wp-content\/uploads\/2013\/10\/2-e1382737414972.png\" width=\"400\" height=\"300\" \/><\/a><figcaption id=\"caption-attachment-3490\" class=\"wp-caption-text\">Orestes Beto Galeano, junto a una de las integrantes del CYMAT C\u00f3rdoba, Susana Ju\u00e1rez, durante la presentaci\u00f3n del departamento.<\/figcaption><\/figure>\n<p>El objetivo de la publicaci\u00f3n es que cada trabajador reconozca y tome conciencia de las causas y consecuencias de las condiciones laborales, respecto a nuestra salud f\u00edsica y psicol\u00f3gica, que inciden no s\u00f3lo en los individual sino en el \u00e1mbito familiar y social.<\/p>\n<p>El CYMAT fue presentado el a\u00f1o pasado en nuestra sede con la presencia del director nacional de ATE en la materia, Orestes &#8216;Beto&#8217; Galeano, que dict\u00f3 un taller con gran participaci\u00f3n de compa\u00f1eros de todos los sectores y de diversas seccionales de nuestro gremio en la provincia.<\/p>\n<p>En continuidad con ese trabajo, el equipo del CYMAT del Consejo Directivo Provincial (CDP), integrado por Susana Ju\u00e1rez, Alejandra Agnone, Daniel Fenoglio, Bernabella R\u00edos, Adriana Bustos, Santiago Beliz\u00e1n y Delicia Arce Salazar, editar\u00e1 durante este a\u00f1o sucesivos boletines para estimular el debate entre los compa\u00f1eros sobre esta problem\u00e1tica.<\/p>\n<p>Esperamos que los trabajadores cuenten con esta publicaci\u00f3n como una herramienta de trabajo en cada sector, levantando la consigna &#8220;la salud no se delega ni se vende, se defiende&#8221;.<\/p>\n<p>De esta forma, el CDP cumple con la pol\u00edtica resuelta en la mesa nacional de nuestro gremio de extender el debate sobre el medio ambiente de trabajo a todos los sectores representados por ATE.<\/p>\n<figure id=\"attachment_3872\" aria-describedby=\"caption-attachment-3872\" style=\"width: 521px\" class=\"wp-caption aligncenter\"><a href=\"http:\/\/www.atecordoba.org\/wp-content\/uploads\/2014\/03\/Boletin-ATE-CYMAT-N\u00b01_p1.jpg\"><img loading=\"lazy\" decoding=\"async\" class=\" wp-image-3872 \" alt=\"Boletin ATE-CYMAT N\u00b01_p1\" src=\"http:\/\/www.atecordoba.org\/wp-content\/uploads\/2014\/03\/Boletin-ATE-CYMAT-N\u00b01_p1.jpg\" width=\"521\" height=\"698\" \/><\/a><figcaption id=\"caption-attachment-3872\" class=\"wp-caption-text\">Hoja 1. Haga click sobre la imagen para ampliar e imprimir<\/figcaption><\/figure>\n<figure id=\"attachment_3873\" aria-describedby=\"caption-attachment-3873\" style=\"width: 520px\" class=\"wp-caption aligncenter\"><a href=\"http:\/\/www.atecordoba.org\/wp-content\/uploads\/2014\/03\/Boletin-ATE-CYMAT-N\u00b01_p2.jpg\"><img loading=\"lazy\" decoding=\"async\" class=\" wp-image-3873 \" alt=\"Boletin ATE-CYMAT N\u00b01_p2\" src=\"http:\/\/www.atecordoba.org\/wp-content\/uploads\/2014\/03\/Boletin-ATE-CYMAT-N\u00b01_p2.jpg\" width=\"520\" height=\"713\" \/><\/a><figcaption id=\"caption-attachment-3873\" class=\"wp-caption-text\">Hoja 2. Haga click sobre la imagen para ampliar e imprimir<\/figcaption><\/figure>\n<p>&nbsp;<\/p>\n","protected":false},"excerpt":{"rendered":"<p>Con la coordinaci\u00f3n de los compa\u00f1eros que integran el Departamento de Condiciones de Medio Ambiente de Trabajo (CYMAT), que trata sobre la cuestiones de salud laboral en nuestros sectores de trabajo, ponemos a disposici\u00f3n de nuestro afiliados y de todos los estatales de C\u00f3rdoba este bolet\u00edn peri\u00f3dico. El objetivo de la publicaci\u00f3n es que cada [&hellip;]<\/p>\n","protected":false},"author":1,"featured_media":19220,"comment_status":"open","ping_status":"open","sticky":false,"template":"","format":"standard","meta":{"_exactmetrics_skip_tracking":false,"_exactmetrics_sitenote_active":false,"_exactmetrics_sitenote_note":"","_exactmetrics_sitenote_category":0,"jnews-multi-image_gallery":[],"jnews_single_post":[],"jnews_primary_category":[],"jnews_social_meta":[],"jnews_review":[],"enable_review":"","type":"","name":"","summary":"","brand":"","sku":"","good":[],"bad":[],"score_override":"","override_value":"","rating":[],"price":[],"jnews_override_counter":[],"jnews_post_split":[],"footnotes":""},"categories":[94],"tags":[],"class_list":["post-3871","post","type-post","status-publish","format-standard","has-post-thumbnail","hentry","category-salud-laboral"],"jetpack_featured_media_url":"https:\/\/atecordoba.org\/wp-content\/uploads\/2020\/05\/logo-nuevochico-e1561581322808.png","_links":{"self":[{"href":"https:\/\/atecordoba.org\/index.php?rest_route=\/wp\/v2\/posts\/3871","targetHints":{"allow":["GET"]}}],"collection":[{"href":"https:\/\/atecordoba.org\/index.php?rest_route=\/wp\/v2\/posts"}],"about":[{"href":"https:\/\/atecordoba.org\/index.php?rest_route=\/wp\/v2\/types\/post"}],"author":[{"embeddable":true,"href":"https:\/\/atecordoba.org\/index.php?rest_route=\/wp\/v2\/users\/1"}],"replies":[{"embeddable":true,"href":"https:\/\/atecordoba.org\/index.php?rest_route=%2Fwp%2Fv2%2Fcomments&post=3871"}],"version-history":[{"count":0,"href":"https:\/\/atecordoba.org\/index.php?rest_route=\/wp\/v2\/posts\/3871\/revisions"}],"wp:featuredmedia":[{"embeddable":true,"href":"https:\/\/atecordoba.org\/index.php?rest_route=\/wp\/v2\/media\/19220"}],"wp:attachment":[{"href":"https:\/\/atecordoba.org\/index.php?rest_route=%2Fwp%2Fv2%2Fmedia&parent=3871"}],"wp:term":[{"taxonomy":"category","embeddable":true,"href":"https:\/\/atecordoba.org\/index.php?rest_route=%2Fwp%2Fv2%2Fcategories&post=3871"},{"taxonomy":"post_tag","embeddable":true,"href":"https:\/\/atecordoba.org\/index.php?rest_route=%2Fwp%2Fv2%2Ftags&post=3871"}],"curies":[{"name":"wp","href":"https:\/\/api.w.org\/{rel}","templated":true}]}}