{"id":38679,"date":"2023-09-06T11:23:39","date_gmt":"2023-09-06T14:23:39","guid":{"rendered":"https:\/\/atecordoba.org\/?p=38679"},"modified":"2023-09-06T11:23:40","modified_gmt":"2023-09-06T14:23:40","slug":"hoy-nuestra-salud-se-encuentra-en-manos-de-empresarios-inescrupulosos","status":"publish","type":"post","link":"https:\/\/atecordoba.org\/?p=38679","title":{"rendered":"\u201cHoy nuestra salud se encuentra en manos de empresarios inescrupulosos\u201d"},"content":{"rendered":"<div class=\"wp-block-image\">\n<figure class=\"alignleft size-full is-resized\"><img loading=\"lazy\" decoding=\"async\" src=\"https:\/\/atecordoba.org\/wp-content\/uploads\/2023\/09\/logo-cymat-horizonal-1.jpeg\" alt=\"\" class=\"wp-image-38680\" width=\"622\" height=\"272\" srcset=\"https:\/\/atecordoba.org\/wp-content\/uploads\/2023\/09\/logo-cymat-horizonal-1.jpeg 500w, https:\/\/atecordoba.org\/wp-content\/uploads\/2023\/09\/logo-cymat-horizonal-1-300x131.jpeg 300w\" sizes=\"auto, (max-width: 622px) 100vw, 622px\" \/><\/figure>\n<\/div>\n\n\n<p>El T\u00e9cnico en Higiene y Seguridad, Secretario de Condiciones de Trabajo y Medio Ambiente de la CTA Aut\u00f3noma Regional R\u00edo Cuarto y miembro del Departamento de Salud Laboral del Consejo Directivo Provincial de ATE C\u00f3rdoba, Mat\u00edas Giuliani, estuvo en \u201cUn D\u00eda M\u00e1s con Vida\u201d para hablar sobre la Seguridad en el Trabajo en cuanto a los trabajadores estatales.<\/p>\n\n\n\n<p>Giuliani comenz\u00f3 afirmando que \u201choy nuestra salud se encuentra en manos de empresarios inescrupulosos\u201d y asegurando que  \u201ctodo el arco p\u00fablico y privado de trabajadoras y trabajadores est\u00e1 atado de pies y manos ante este sistema que, a costa de producir, nos enferma y nos mata\u201d.<\/p>\n\n\n\n<p>Seguidamente agreg\u00f3: \u201cNosotros en ATE tenemos afiliados en los tres niveles del Estado; Nacional, Provincial y Municipal, por lo cual el abanico de tareas es muy amplio y en cada uno de esos niveles hay diferentes riesgos del trabajo\u201d.<\/p>\n\n\n\n<p>\u201cLas ART est\u00e1n funcionando, lo que sucede es que el actual Sistema de Riesgos del Trabajo les permite ganancias descomunales por lo que convierte a la salud de un trabajador en un negocio. Ponen topes indemnizatorios, no realizan tareas de prevenci\u00f3n y favorecen la especulaci\u00f3n de empresarios que lucran con la salud y la vida y que ponen a la salud de los trabajadores en un listado de enfermedades profesionales que es totalmente restrictivo\u201d, denunci\u00f3.<\/p>\n\n\n\n<p>El dirigente explic\u00f3 que las ART son a la Higiene y Salud Laboral lo que las AFJP lo fueron para el Sistema de Seguridad Social y remarc\u00f3 que \u201cdesde el sindicato insistimos en hacer foco en la prevenci\u00f3n mediante la formaci\u00f3n, la comunicaci\u00f3n y hacer hincapi\u00e9 en que los procesos de trabajo sean sanos y seguros, justamente para tener ambientes de trabajo saludables que no conlleve a sufrir accidentes o enfermedades profesionales\u201d.<\/p>\n\n\n\n<p>En ese sentido, apunt\u00f3 que \u201cel Sistema de Riesgos del Trabajo est\u00e1 compuesto por diferentes actores: La Superintendencia de Riesgos del Trabajo, que es la entidad rectora, las ART, los empleadores y los trabajadores. Las ART y los empleadores est\u00e1n obligados a desarrollar tareas de capacitaci\u00f3n que en general se cumplen poco y nada\u201d.<\/p>\n\n\n\n<p>\u201cNosotros desde ATE promovemos la formaci\u00f3n con cursos y talleres propios que tienen la finalidad de que los compa\u00f1eros y compa\u00f1eras se apropien del conocimiento tanto desde un punto de vista gremial como de la higiene y seguridad laboral. Tomar la salud en nuestras propias manos se vuelve clave\u201d, sentenci\u00f3.<\/p>\n","protected":false},"excerpt":{"rendered":"<p>El T\u00e9cnico en Higiene y Seguridad, Secretario de Condiciones de Trabajo y Medio Ambiente de la CTA Aut\u00f3noma Regional R\u00edo Cuarto y miembro del Departamento de Salud Laboral del Consejo Directivo Provincial de ATE C\u00f3rdoba, Mat\u00edas Giuliani, estuvo en \u201cUn D\u00eda M\u00e1s con Vida\u201d para hablar sobre la Seguridad en el Trabajo en cuanto a [&hellip;]<\/p>\n","protected":false},"author":7,"featured_media":38680,"comment_status":"open","ping_status":"open","sticky":false,"template":"","format":"standard","meta":{"_exactmetrics_skip_tracking":false,"_exactmetrics_sitenote_active":false,"_exactmetrics_sitenote_note":"","_exactmetrics_sitenote_category":0,"jnews-multi-image_gallery":[],"jnews_single_post":{"subtitle":"Las ART son a la Higiene y Salud Laboral lo que las AFJP lo fueron para el Sistema de Seguridad Social.","format":"standard","video":"","gallery":"","source_name":"","source_url":"","via_name":"","via_url":"","override_template":"0","override":[{"template":"1","single_blog_custom":"","parallax":"1","fullscreen":"1","layout":"no-sidebar-narrow","sidebar":"default-sidebar","second_sidebar":"default-sidebar","sticky_sidebar":"1","share_position":"bottom","share_float_style":"share-monocrhome","show_share_counter":"1","show_view_counter":"1","show_featured":"0","show_post_meta":"1","show_post_author":"0","show_post_author_image":"1","show_post_date":"1","post_date_format":"default","post_date_format_custom":"Y\/m\/d","show_post_category":"1","show_post_reading_time":"0","post_reading_time_wpm":"300","show_zoom_button":"0","zoom_button_out_step":"2","zoom_button_in_step":"3","show_post_tag":"1","show_prev_next_post":"0","show_popup_post":"0","number_popup_post":"1","show_author_box":"0","show_post_related":"1","show_inline_post_related":"0"}],"override_image_size":"0","image_override":[{"single_post_thumbnail_size":"crop-500","single_post_gallery_size":"crop-500"}],"trending_post":"0","trending_post_position":"meta","trending_post_label":"Trending","sponsored_post":"0","sponsored_post_label":"Sponsored by","sponsored_post_name":"","sponsored_post_url":"","sponsored_post_logo_enable":"0","sponsored_post_logo":"","sponsored_post_desc":"","disable_ad":"0"},"jnews_primary_category":{"id":"","hide":""},"jnews_social_meta":{"fb_title":"ATE CyMAT: \u201cHoy nuestra salud se encuentra en manos de empresarios inescrupolosos\u201d","fb_description":"","fb_image":"","twitter_title":"","twitter_description":"","twitter_image":""},"jnews_review":[],"enable_review":"0","type":"percentage","name":"","summary":"","brand":"","sku":"","good":[{"good_text":""}],"bad":[{"bad_text":""}],"score_override":"","override_value":"","rating":[{"rating_text":"","rating_number":"10"}],"price":[{"shop":"","price":"","link":"","icon":""}],"jnews_override_counter":{"override_view_counter":"0","view_counter_number":"0","override_share_counter":"0","share_counter_number":"0","override_like_counter":"0","like_counter_number":"0","override_dislike_counter":"0","dislike_counter_number":"0"},"jnews_post_split":{"enable_post_split":"0","post_split":[{"template":"1","tag":"h2","numbering":"asc","mode":"normal","first":"0","enable_toc":"0","toc_type":"normal"}]},"footnotes":""},"categories":[549],"tags":[],"class_list":["post-38679","post","type-post","status-publish","format-standard","has-post-thumbnail","hentry","category-cymat"],"jetpack_featured_media_url":"https:\/\/atecordoba.org\/wp-content\/uploads\/2023\/09\/logo-cymat-horizonal-1.jpeg","_links":{"self":[{"href":"https:\/\/atecordoba.org\/index.php?rest_route=\/wp\/v2\/posts\/38679","targetHints":{"allow":["GET"]}}],"collection":[{"href":"https:\/\/atecordoba.org\/index.php?rest_route=\/wp\/v2\/posts"}],"about":[{"href":"https:\/\/atecordoba.org\/index.php?rest_route=\/wp\/v2\/types\/post"}],"author":[{"embeddable":true,"href":"https:\/\/atecordoba.org\/index.php?rest_route=\/wp\/v2\/users\/7"}],"replies":[{"embeddable":true,"href":"https:\/\/atecordoba.org\/index.php?rest_route=%2Fwp%2Fv2%2Fcomments&post=38679"}],"version-history":[{"count":1,"href":"https:\/\/atecordoba.org\/index.php?rest_route=\/wp\/v2\/posts\/38679\/revisions"}],"predecessor-version":[{"id":38681,"href":"https:\/\/atecordoba.org\/index.php?rest_route=\/wp\/v2\/posts\/38679\/revisions\/38681"}],"wp:featuredmedia":[{"embeddable":true,"href":"https:\/\/atecordoba.org\/index.php?rest_route=\/wp\/v2\/media\/38680"}],"wp:attachment":[{"href":"https:\/\/atecordoba.org\/index.php?rest_route=%2Fwp%2Fv2%2Fmedia&parent=38679"}],"wp:term":[{"taxonomy":"category","embeddable":true,"href":"https:\/\/atecordoba.org\/index.php?rest_route=%2Fwp%2Fv2%2Fcategories&post=38679"},{"taxonomy":"post_tag","embeddable":true,"href":"https:\/\/atecordoba.org\/index.php?rest_route=%2Fwp%2Fv2%2Ftags&post=38679"}],"curies":[{"name":"wp","href":"https:\/\/api.w.org\/{rel}","templated":true}]}}