{"id":38648,"date":"2023-09-05T13:17:54","date_gmt":"2023-09-05T16:17:54","guid":{"rendered":"https:\/\/atecordoba.org\/?p=38648"},"modified":"2023-09-05T13:29:39","modified_gmt":"2023-09-05T16:29:39","slug":"asambleas-en-rio-primero-por-descuentos-arbitrarios","status":"publish","type":"post","link":"https:\/\/atecordoba.org\/?p=38648","title":{"rendered":"Asambleas en R\u00edo Primero por descuentos arbitrarios"},"content":{"rendered":"<div class=\"wp-block-image\">\n<figure class=\"aligncenter size-large is-resized\"><img loading=\"lazy\" decoding=\"async\" src=\"https:\/\/atecordoba.org\/wp-content\/uploads\/2023\/09\/WhatsApp-Image-2023-09-05-at-12.08.39-1-1024x576.jpeg\" alt=\"\" class=\"wp-image-38649\" width=\"768\" height=\"432\" srcset=\"https:\/\/atecordoba.org\/wp-content\/uploads\/2023\/09\/WhatsApp-Image-2023-09-05-at-12.08.39-1-1024x576.jpeg 1024w, https:\/\/atecordoba.org\/wp-content\/uploads\/2023\/09\/WhatsApp-Image-2023-09-05-at-12.08.39-1-300x169.jpeg 300w, https:\/\/atecordoba.org\/wp-content\/uploads\/2023\/09\/WhatsApp-Image-2023-09-05-at-12.08.39-1-768x432.jpeg 768w, https:\/\/atecordoba.org\/wp-content\/uploads\/2023\/09\/WhatsApp-Image-2023-09-05-at-12.08.39-1-1536x864.jpeg 1536w, https:\/\/atecordoba.org\/wp-content\/uploads\/2023\/09\/WhatsApp-Image-2023-09-05-at-12.08.39-1-750x422.jpeg 750w, https:\/\/atecordoba.org\/wp-content\/uploads\/2023\/09\/WhatsApp-Image-2023-09-05-at-12.08.39-1-1140x641.jpeg 1140w, https:\/\/atecordoba.org\/wp-content\/uploads\/2023\/09\/WhatsApp-Image-2023-09-05-at-12.08.39-1.jpeg 1599w\" sizes=\"auto, (max-width: 768px) 100vw, 768px\" \/><\/figure>\n<\/div>\n\n\n<p>Desde hoy y hasta el viernes las y los trabajadores municipales de R\u00edo Primero se encuentran realizando asambleas en todos los sectores de trabajo, en el marco de un plan de lucha en reclamo de la devoluci\u00f3n de los descuentos arbitrarios que impuso el Ejecutivo en los haberes de junio y julio, as\u00ed como en el aguinaldo. <\/p>\n\n\n\n<p>Seg\u00fan denuncia el cuerpo de delegados de ATE en la localidad, la Municipalidad se excedi\u00f3 en los descuentos de los aportes por obra social, jubilaciones y Sipa que realiza cada trabajador y trabajadora, promediando entre 6 y 12 mil pesos de retenciones arbitraria, seg\u00fan la categor\u00eda y antig\u00fcedad.<\/p>\n\n\n<div class=\"wp-block-image\">\n<figure class=\"aligncenter size-large is-resized\"><img loading=\"lazy\" decoding=\"async\" src=\"https:\/\/atecordoba.org\/wp-content\/uploads\/2023\/09\/WhatsApp-Image-2023-09-05-at-12.08.40-1-1024x576.jpeg\" alt=\"\" class=\"wp-image-38650\" width=\"768\" height=\"432\" \/><\/figure>\n<\/div>\n\n\n<p>&#8220;En el descuento previsional, en vez del 11% correspondiente nos vino un 14%, respecto al descuento por Apross en vez de 4.5% nos aplicaron el doble de descuento&#8221;, explic\u00f3 Jos\u00e9 Baigorria, delegado de ATE.<\/p>\n\n\n\n<p>En primer t\u00e9rmino, el cuerpo de delegados reclam\u00f3 por v\u00eda formal la devoluci\u00f3n de los descuentos pero pasado un mes del reclamo, aun este no se hizo efectivo, lo que motiv\u00f3 la medida de fuerza. <\/p>\n\n\n\n<p><strong>Ministerio de Trabajo<\/strong><\/p>\n\n\n\n<p>Por otro lado, el lunes pr\u00f3ximo se llevara adelante una audiencia en el Ministerio de Trabajo de la provincia, fijada por la cartera laboral para reanudar la paritaria municipal del corriente a\u00f1o. <\/p>\n\n\n\n<p>Por acta firmada en junio pasado, la Municipalidad se comprometi\u00f3 a convocar a ATE a reanudar la discusi\u00f3n paritaria para actualizar salarios tras definirse la pauta del primer semestre. No obstante, el Ejecutivo no cumpli\u00f3 con el llamado previsto por lo que nuestra organizaci\u00f3n recurri\u00f3 al Ministerio, que fijo la audiencia para el 11 de septiembre.<\/p>\n\n\n\n<p>Seg\u00fan adelant\u00f3 Baigorria, ATE reclamar\u00e1 una recomposici\u00f3n del 80% en los salarios. &#8220;Tenemos dos meses sin reajuste, m\u00e1s la devaluaci\u00f3n despu\u00e9s de las  PASO que no est\u00e1n cubiertos. Debemos mantener el poder adquisitivo de nuestros salarios y por eso definimos en asamblea llevar ese porcentaje a la mesa de negociaci\u00f3n&#8221;, complet\u00f3 Baigorria. <\/p>\n","protected":false},"excerpt":{"rendered":"<p>Desde hoy y hasta el viernes las y los trabajadores municipales de R\u00edo Primero se encuentran realizando asambleas en todos los sectores de trabajo, en el marco de un plan de lucha en reclamo de la devoluci\u00f3n de los descuentos arbitrarios que impuso el Ejecutivo en los haberes de junio y julio, as\u00ed como en [&hellip;]<\/p>\n","protected":false},"author":7,"featured_media":38650,"comment_status":"open","ping_status":"open","sticky":false,"template":"","format":"standard","meta":{"_exactmetrics_skip_tracking":false,"_exactmetrics_sitenote_active":false,"_exactmetrics_sitenote_note":"","_exactmetrics_sitenote_category":0,"jnews-multi-image_gallery":[],"jnews_single_post":{"subtitle":"Seg\u00fan denuncia el cuerpo de delegados de ATE en la localidad, la Municipalidad se excedi\u00f3 en los descuentos de los aportes por obra social, jubilaciones y Sipa que realiza cada trabajador y trabajadora, promediando entre 6 y 12 mil pesos de retenciones arbitrarias, seg\u00fan la categor\u00eda y antig\u00fcedad.","format":"standard","video":"","gallery":"","source_name":"","source_url":"","via_name":"","via_url":"","override_template":"0","override":[{"template":"1","single_blog_custom":"","parallax":"1","fullscreen":"1","layout":"no-sidebar-narrow","sidebar":"default-sidebar","second_sidebar":"default-sidebar","sticky_sidebar":"1","share_position":"bottom","share_float_style":"share-monocrhome","show_share_counter":"1","show_view_counter":"1","show_featured":"0","show_post_meta":"1","show_post_author":"0","show_post_author_image":"1","show_post_date":"1","post_date_format":"default","post_date_format_custom":"Y\/m\/d","show_post_category":"1","show_post_reading_time":"0","post_reading_time_wpm":"300","show_zoom_button":"0","zoom_button_out_step":"2","zoom_button_in_step":"3","show_post_tag":"1","show_prev_next_post":"0","show_popup_post":"0","number_popup_post":"1","show_author_box":"0","show_post_related":"1","show_inline_post_related":"0"}],"override_image_size":"0","image_override":[{"single_post_thumbnail_size":"crop-500","single_post_gallery_size":"crop-500"}],"trending_post":"0","trending_post_position":"meta","trending_post_label":"Trending","sponsored_post":"0","sponsored_post_label":"Sponsored by","sponsored_post_name":"","sponsored_post_url":"","sponsored_post_logo_enable":"0","sponsored_post_logo":"","sponsored_post_desc":"","disable_ad":"0"},"jnews_primary_category":{"id":"","hide":""},"jnews_social_meta":{"fb_title":"Municipales: Asambleas en R\u00edo Primero por descuentos arbitrarios ","fb_description":"","fb_image":"","twitter_title":"","twitter_description":"","twitter_image":""},"jnews_review":[],"enable_review":"0","type":"percentage","name":"","summary":"","brand":"","sku":"","good":[{"good_text":""}],"bad":[{"bad_text":""}],"score_override":"","override_value":"","rating":[{"rating_text":"","rating_number":"10"}],"price":[{"shop":"","price":"","link":"","icon":""}],"jnews_override_counter":{"override_view_counter":"0","view_counter_number":"0","override_share_counter":"0","share_counter_number":"0","override_like_counter":"0","like_counter_number":"0","override_dislike_counter":"0","dislike_counter_number":"0"},"jnews_post_split":{"enable_post_split":"0","post_split":[{"template":"1","tag":"h2","numbering":"asc","mode":"normal","first":"0","enable_toc":"0","toc_type":"normal"}]},"footnotes":""},"categories":[20],"tags":[],"class_list":["post-38648","post","type-post","status-publish","format-standard","has-post-thumbnail","hentry","category-municipales"],"jetpack_featured_media_url":"https:\/\/atecordoba.org\/wp-content\/uploads\/2023\/09\/WhatsApp-Image-2023-09-05-at-12.08.40-1-e1693930668235.jpeg","_links":{"self":[{"href":"https:\/\/atecordoba.org\/index.php?rest_route=\/wp\/v2\/posts\/38648","targetHints":{"allow":["GET"]}}],"collection":[{"href":"https:\/\/atecordoba.org\/index.php?rest_route=\/wp\/v2\/posts"}],"about":[{"href":"https:\/\/atecordoba.org\/index.php?rest_route=\/wp\/v2\/types\/post"}],"author":[{"embeddable":true,"href":"https:\/\/atecordoba.org\/index.php?rest_route=\/wp\/v2\/users\/7"}],"replies":[{"embeddable":true,"href":"https:\/\/atecordoba.org\/index.php?rest_route=%2Fwp%2Fv2%2Fcomments&post=38648"}],"version-history":[{"count":4,"href":"https:\/\/atecordoba.org\/index.php?rest_route=\/wp\/v2\/posts\/38648\/revisions"}],"predecessor-version":[{"id":38655,"href":"https:\/\/atecordoba.org\/index.php?rest_route=\/wp\/v2\/posts\/38648\/revisions\/38655"}],"wp:featuredmedia":[{"embeddable":true,"href":"https:\/\/atecordoba.org\/index.php?rest_route=\/wp\/v2\/media\/38650"}],"wp:attachment":[{"href":"https:\/\/atecordoba.org\/index.php?rest_route=%2Fwp%2Fv2%2Fmedia&parent=38648"}],"wp:term":[{"taxonomy":"category","embeddable":true,"href":"https:\/\/atecordoba.org\/index.php?rest_route=%2Fwp%2Fv2%2Fcategories&post=38648"},{"taxonomy":"post_tag","embeddable":true,"href":"https:\/\/atecordoba.org\/index.php?rest_route=%2Fwp%2Fv2%2Ftags&post=38648"}],"curies":[{"name":"wp","href":"https:\/\/api.w.org\/{rel}","templated":true}]}}