{"id":38644,"date":"2023-09-05T09:51:39","date_gmt":"2023-09-05T12:51:39","guid":{"rendered":"https:\/\/atecordoba.org\/?p=38644"},"modified":"2023-09-05T09:54:30","modified_gmt":"2023-09-05T12:54:30","slug":"capacitacion-de-delegados-estatales","status":"publish","type":"post","link":"https:\/\/atecordoba.org\/?p=38644","title":{"rendered":"Capacitaci\u00f3n de delegados estatales"},"content":{"rendered":"<div class=\"wp-block-image\">\n<figure class=\"aligncenter size-full\"><img loading=\"lazy\" decoding=\"async\" width=\"448\" height=\"400\" src=\"https:\/\/atecordoba.org\/wp-content\/uploads\/2023\/09\/vyv-villa-maria.jpg\" alt=\"\" class=\"wp-image-38645\" srcset=\"https:\/\/atecordoba.org\/wp-content\/uploads\/2023\/09\/vyv-villa-maria.jpg 448w, https:\/\/atecordoba.org\/wp-content\/uploads\/2023\/09\/vyv-villa-maria-300x268.jpg 300w\" sizes=\"auto, (max-width: 448px) 100vw, 448px\" \/><\/figure>\n<\/div>\n\n\n<p>La Lista Verde y Violeta \u201cGerm\u00e1n Abdala\u201d de Villa Mar\u00eda, convoca a una jornada de capacitaci\u00f3n de delegadas y delegados a cargo de C\u00e9sar Theaux, Secretario de Formaci\u00f3n del Consejo Directivo Provincial (CDP).<\/p>\n\n\n\n<p>El taller de formaci\u00f3n tendr\u00e1 lugar este mi\u00e9rcoles 6 de septiembre a las 19.30 horas en el Prado Espa\u00f1ol, calle Gonz\u00e1lez Camarero 121, Villa Nueva.<\/p>\n\n\n\n<p>Se abordar\u00e1n tem\u00e1ticas como capacitaci\u00f3n de delegados y junta interna, an\u00e1lisis del conflicto y medios de resoluci\u00f3n<\/p>\n","protected":false},"excerpt":{"rendered":"<p>La Lista Verde y Violeta \u201cGerm\u00e1n Abdala\u201d de Villa Mar\u00eda, convoca a una jornada de capacitaci\u00f3n de delegadas y delegados a cargo de C\u00e9sar Theaux, Secretario de Formaci\u00f3n del Consejo Directivo Provincial (CDP). El taller de formaci\u00f3n tendr\u00e1 lugar este mi\u00e9rcoles 6 de septiembre a las 19.30 horas en el Prado Espa\u00f1ol, calle Gonz\u00e1lez Camarero [&hellip;]<\/p>\n","protected":false},"author":7,"featured_media":38645,"comment_status":"open","ping_status":"open","sticky":false,"template":"","format":"standard","meta":{"_exactmetrics_skip_tracking":false,"_exactmetrics_sitenote_active":false,"_exactmetrics_sitenote_note":"","_exactmetrics_sitenote_category":0,"jnews-multi-image_gallery":[],"jnews_single_post":{"subtitle":"La actividad est\u00e1 a cargo del secretario de Formaci\u00f3n de ATE C\u00f3rdoba, C\u00e9sar Theaux.","format":"standard","video":"","gallery":"","source_name":"","source_url":"","via_name":"","via_url":"","override_template":"0","override":[{"template":"1","single_blog_custom":"","parallax":"1","fullscreen":"1","layout":"no-sidebar-narrow","sidebar":"default-sidebar","second_sidebar":"default-sidebar","sticky_sidebar":"1","share_position":"bottom","share_float_style":"share-monocrhome","show_share_counter":"1","show_view_counter":"1","show_featured":"0","show_post_meta":"1","show_post_author":"0","show_post_author_image":"1","show_post_date":"1","post_date_format":"default","post_date_format_custom":"Y\/m\/d","show_post_category":"1","show_post_reading_time":"0","post_reading_time_wpm":"300","show_zoom_button":"0","zoom_button_out_step":"2","zoom_button_in_step":"3","show_post_tag":"1","show_prev_next_post":"0","show_popup_post":"0","number_popup_post":"1","show_author_box":"0","show_post_related":"1","show_inline_post_related":"0"}],"override_image_size":"0","image_override":[{"single_post_thumbnail_size":"crop-500","single_post_gallery_size":"crop-500"}],"trending_post":"0","trending_post_position":"meta","trending_post_label":"Trending","sponsored_post":"0","sponsored_post_label":"Sponsored by","sponsored_post_name":"","sponsored_post_url":"","sponsored_post_logo_enable":"0","sponsored_post_logo":"","sponsored_post_desc":"","disable_ad":"0"},"jnews_primary_category":{"id":"","hide":""},"jnews_social_meta":{"fb_title":"Villa Mar\u00eda: Capacitaci\u00f3n de delegados estatales","fb_description":"","fb_image":"","twitter_title":"","twitter_description":"","twitter_image":""},"jnews_review":[],"enable_review":"0","type":"percentage","name":"","summary":"","brand":"","sku":"","good":[{"good_text":""}],"bad":[{"bad_text":""}],"score_override":"","override_value":"","rating":[{"rating_text":"","rating_number":"10"}],"price":[{"shop":"","price":"","link":"","icon":""}],"jnews_override_counter":{"override_view_counter":"0","view_counter_number":"0","override_share_counter":"0","share_counter_number":"0","override_like_counter":"0","like_counter_number":"0","override_dislike_counter":"0","dislike_counter_number":"0"},"jnews_post_split":{"enable_post_split":"0","post_split":[{"template":"1","tag":"h2","numbering":"asc","mode":"normal","first":"0","enable_toc":"0","toc_type":"normal"}]},"footnotes":""},"categories":[14],"tags":[],"class_list":["post-38644","post","type-post","status-publish","format-standard","has-post-thumbnail","hentry","category-villa-maria"],"jetpack_featured_media_url":"https:\/\/atecordoba.org\/wp-content\/uploads\/2023\/09\/vyv-villa-maria.jpg","_links":{"self":[{"href":"https:\/\/atecordoba.org\/index.php?rest_route=\/wp\/v2\/posts\/38644","targetHints":{"allow":["GET"]}}],"collection":[{"href":"https:\/\/atecordoba.org\/index.php?rest_route=\/wp\/v2\/posts"}],"about":[{"href":"https:\/\/atecordoba.org\/index.php?rest_route=\/wp\/v2\/types\/post"}],"author":[{"embeddable":true,"href":"https:\/\/atecordoba.org\/index.php?rest_route=\/wp\/v2\/users\/7"}],"replies":[{"embeddable":true,"href":"https:\/\/atecordoba.org\/index.php?rest_route=%2Fwp%2Fv2%2Fcomments&post=38644"}],"version-history":[{"count":2,"href":"https:\/\/atecordoba.org\/index.php?rest_route=\/wp\/v2\/posts\/38644\/revisions"}],"predecessor-version":[{"id":38647,"href":"https:\/\/atecordoba.org\/index.php?rest_route=\/wp\/v2\/posts\/38644\/revisions\/38647"}],"wp:featuredmedia":[{"embeddable":true,"href":"https:\/\/atecordoba.org\/index.php?rest_route=\/wp\/v2\/media\/38645"}],"wp:attachment":[{"href":"https:\/\/atecordoba.org\/index.php?rest_route=%2Fwp%2Fv2%2Fmedia&parent=38644"}],"wp:term":[{"taxonomy":"category","embeddable":true,"href":"https:\/\/atecordoba.org\/index.php?rest_route=%2Fwp%2Fv2%2Fcategories&post=38644"},{"taxonomy":"post_tag","embeddable":true,"href":"https:\/\/atecordoba.org\/index.php?rest_route=%2Fwp%2Fv2%2Ftags&post=38644"}],"curies":[{"name":"wp","href":"https:\/\/api.w.org\/{rel}","templated":true}]}}