{"id":3864,"date":"2014-03-07T15:23:49","date_gmt":"2014-03-07T18:23:49","guid":{"rendered":"http:\/\/www.atecordoba.org\/?p=3864"},"modified":"2020-06-09T15:43:04","modified_gmt":"2020-06-09T18:43:04","slug":"8-de-marzo-dia-de-la-mujer-los-dolores-que-quedan-son-las-libertades-que-faltan","status":"publish","type":"post","link":"https:\/\/atecordoba.org\/?p=3864","title":{"rendered":"8 de Marzo D\u00eda de la Mujer: &#8220;los dolores que quedan son las libertades que faltan&#8221;"},"content":{"rendered":"<p><em>En un d\u00eda como ma\u00f1ana de 1908, un \u00a0grupo de trabajadoras reclamaba la igualdad salarial, la disminuci\u00f3n de la jornada laboral a 10 horas y un tiempo para poder amamantar a sus hijos. Durante esa huelga murieron \u00a0quemadas m\u00e1s de un centenar de mujeres en una f\u00e1brica de Sirtwoot Cotton, en un incendio que se atribuy\u00f3 al due\u00f1o de la f\u00e1brica como respuesta a la huelga.<\/em><\/p>\n<p align=\"right\"><strong><i>&#8220;La mujer debe ocupar un sitio en el engranaje social y afirmar su acci\u00f3n&#8221; Evita, 27\/2\/1947<\/i><\/strong><\/p>\n<p style=\"text-align: center;\"><a href=\"http:\/\/atecordoba.org\/wp-content\/uploads\/2020\/06\/mujer-lucha.jpg\"><img loading=\"lazy\" decoding=\"async\" class=\"size-full wp-image-3865 aligncenter\" alt=\"mujer-lucha\" src=\"http:\/\/atecordoba.org\/wp-content\/uploads\/2020\/06\/mujer-lucha.jpg\" width=\"400\" height=\"365\" \/><\/a><\/p>\n<p>En 1910, durante la Segunda Conferencia Internacional de Mujeres Trabajadoras celebrada en Copenhague (Dinamarca) se aprob\u00f3 declarar el 8 de marzo como D\u00eda Internacional de la Mujer,<\/p>\n<p>UN BUEN \u00a0momento de reflexi\u00f3n sobre los progresos alcanzados, un llamado al cambio, y una celebraci\u00f3n de los\u00a0actos de valor y determinaci\u00f3n tomados por mujeres corrientes\u00a0que han tenido un papel extraordinario en la historia de conquistas laborales.<\/p>\n<p>&nbsp;<\/p>\n<p align=\"center\"><b>En nuestra \u00a0ATE SABEMOS QUE TODAVIA QUEDAN MUCHOS MAS DE ALCANZAR, \u00a0por lo que no abandonaremos ese camino de lucha \u00a1Jam\u00e1s!<\/b><\/p>\n<p align=\"center\"><b>FELIZ D\u00cdA A TODAS LAS COMPA\u00d1ERAS<\/b><\/p>\n<p align=\"right\">\n<p align=\"right\">Mar\u00eda Teresa Romero<\/p>\n<p align=\"right\">Secretaria General<\/p>\n<p align=\"right\">ATE C\u00f3rdoba<\/p>\n","protected":false},"excerpt":{"rendered":"<p>En un d\u00eda como ma\u00f1ana de 1908, un \u00a0grupo de trabajadoras reclamaba la igualdad salarial, la disminuci\u00f3n de la jornada laboral a 10 horas y un tiempo para poder amamantar a sus hijos. Durante esa huelga murieron \u00a0quemadas m\u00e1s de un centenar de mujeres en una f\u00e1brica de Sirtwoot Cotton, en un incendio que se [&hellip;]<\/p>\n","protected":false},"author":1,"featured_media":19220,"comment_status":"open","ping_status":"open","sticky":false,"template":"","format":"standard","meta":{"_exactmetrics_skip_tracking":false,"_exactmetrics_sitenote_active":false,"_exactmetrics_sitenote_note":"","_exactmetrics_sitenote_category":0,"jnews-multi-image_gallery":[],"jnews_single_post":[],"jnews_primary_category":[],"jnews_social_meta":[],"jnews_review":[],"enable_review":"","type":"","name":"","summary":"","brand":"","sku":"","good":[],"bad":[],"score_override":"","override_value":"","rating":[],"price":[],"jnews_override_counter":[],"jnews_post_split":[],"footnotes":""},"categories":[325],"tags":[],"class_list":["post-3864","post","type-post","status-publish","format-standard","has-post-thumbnail","hentry","category-generos-y-diversidades"],"jetpack_featured_media_url":"https:\/\/atecordoba.org\/wp-content\/uploads\/2020\/05\/logo-nuevochico-e1561581322808.png","_links":{"self":[{"href":"https:\/\/atecordoba.org\/index.php?rest_route=\/wp\/v2\/posts\/3864","targetHints":{"allow":["GET"]}}],"collection":[{"href":"https:\/\/atecordoba.org\/index.php?rest_route=\/wp\/v2\/posts"}],"about":[{"href":"https:\/\/atecordoba.org\/index.php?rest_route=\/wp\/v2\/types\/post"}],"author":[{"embeddable":true,"href":"https:\/\/atecordoba.org\/index.php?rest_route=\/wp\/v2\/users\/1"}],"replies":[{"embeddable":true,"href":"https:\/\/atecordoba.org\/index.php?rest_route=%2Fwp%2Fv2%2Fcomments&post=3864"}],"version-history":[{"count":1,"href":"https:\/\/atecordoba.org\/index.php?rest_route=\/wp\/v2\/posts\/3864\/revisions"}],"predecessor-version":[{"id":20060,"href":"https:\/\/atecordoba.org\/index.php?rest_route=\/wp\/v2\/posts\/3864\/revisions\/20060"}],"wp:featuredmedia":[{"embeddable":true,"href":"https:\/\/atecordoba.org\/index.php?rest_route=\/wp\/v2\/media\/19220"}],"wp:attachment":[{"href":"https:\/\/atecordoba.org\/index.php?rest_route=%2Fwp%2Fv2%2Fmedia&parent=3864"}],"wp:term":[{"taxonomy":"category","embeddable":true,"href":"https:\/\/atecordoba.org\/index.php?rest_route=%2Fwp%2Fv2%2Fcategories&post=3864"},{"taxonomy":"post_tag","embeddable":true,"href":"https:\/\/atecordoba.org\/index.php?rest_route=%2Fwp%2Fv2%2Ftags&post=3864"}],"curies":[{"name":"wp","href":"https:\/\/api.w.org\/{rel}","templated":true}]}}