{"id":38586,"date":"2023-09-01T10:33:24","date_gmt":"2023-09-01T13:33:24","guid":{"rendered":"https:\/\/atecordoba.org\/?p=38586"},"modified":"2023-09-01T10:33:24","modified_gmt":"2023-09-01T13:33:24","slug":"trabajadoras-del-ministerio-de-genero-y-diversidades-se-organizan-en-ate-rio-cuarto","status":"publish","type":"post","link":"https:\/\/atecordoba.org\/?p=38586","title":{"rendered":"Trabajadoras del Ministerio de G\u00e9nero y Diversidades se organizan en ATE R\u00edo Cuarto"},"content":{"rendered":"<div class=\"wp-block-image\">\n<figure class=\"aligncenter size-full is-resized\"><img loading=\"lazy\" decoding=\"async\" src=\"https:\/\/atecordoba.org\/wp-content\/uploads\/2023\/09\/genero-rio4.jpg\" alt=\"\" class=\"wp-image-38587\" width=\"540\" height=\"401\" \/><\/figure>\n<\/div>\n\n\n<p>Con la presencia de la secretaria General de ATE y la CTA Aut\u00f3noma R\u00edo Cuarto, Rafaela Alcoba, y la secretaria Adjunta electa del Consejo Directivo Provincial (CDP), Gabriela Alcoba, se realiz\u00f3 una reuni\u00f3n de trabajo al cabo de la cual se anunci\u00f3 que se incorporan al sindicato trabajadoras del Ministerio de las Mujeres, G\u00e9nero y Diversidades de la Naci\u00f3n.<\/p>\n\n\n\n<p>\u201cLes dimos la bienvenida a las compa\u00f1eras que se desempe\u00f1an en ese organismo en R\u00edo Cuarto, a la vez que reafirmamos que ATE es el cauce para la organizaci\u00f3n de las y los trabajadores del Estado Nacional, Provincial y Municipal\u201d, avis\u00f3 Rafaela Alcoba.<\/p>\n\n\n\n<p><\/p>\n","protected":false},"excerpt":{"rendered":"<p>Con la presencia de la secretaria General de ATE y la CTA Aut\u00f3noma R\u00edo Cuarto, Rafaela Alcoba, y la secretaria Adjunta electa del Consejo Directivo Provincial (CDP), Gabriela Alcoba, se realiz\u00f3 una reuni\u00f3n de trabajo al cabo de la cual se anunci\u00f3 que se incorporan al sindicato trabajadoras del Ministerio de las Mujeres, G\u00e9nero y [&hellip;]<\/p>\n","protected":false},"author":7,"featured_media":38587,"comment_status":"open","ping_status":"open","sticky":false,"template":"","format":"standard","meta":{"_exactmetrics_skip_tracking":false,"_exactmetrics_sitenote_active":false,"_exactmetrics_sitenote_note":"","_exactmetrics_sitenote_category":0,"jnews-multi-image_gallery":[],"jnews_single_post":{"subtitle":"\u201cLes dimos la bienvenida a las compa\u00f1eras que se desempe\u00f1an en ese organismo en R\u00edo Cuarto, a la vez que reafirmamos que ATE es el cauce para la organizaci\u00f3n de las y los trabajadores del Estado Nacional, Provincial y Municipal\u201d, avis\u00f3 la secretaria General de ATE R\u00edo Cuarto, Rafaela Alcoba.","format":"standard","video":"","gallery":"","source_name":"","source_url":"","via_name":"","via_url":"","override_template":"0","override":[{"template":"1","single_blog_custom":"","parallax":"1","fullscreen":"1","layout":"no-sidebar-narrow","sidebar":"default-sidebar","second_sidebar":"default-sidebar","sticky_sidebar":"1","share_position":"bottom","share_float_style":"share-monocrhome","show_share_counter":"1","show_view_counter":"1","show_featured":"0","show_post_meta":"1","show_post_author":"0","show_post_author_image":"1","show_post_date":"1","post_date_format":"default","post_date_format_custom":"Y\/m\/d","show_post_category":"1","show_post_reading_time":"0","post_reading_time_wpm":"300","show_zoom_button":"0","zoom_button_out_step":"2","zoom_button_in_step":"3","show_post_tag":"1","show_prev_next_post":"0","show_popup_post":"0","number_popup_post":"1","show_author_box":"0","show_post_related":"1","show_inline_post_related":"0"}],"override_image_size":"0","image_override":[{"single_post_thumbnail_size":"crop-500","single_post_gallery_size":"crop-500"}],"trending_post":"0","trending_post_position":"meta","trending_post_label":"Trending","sponsored_post":"0","sponsored_post_label":"Sponsored by","sponsored_post_name":"","sponsored_post_url":"","sponsored_post_logo_enable":"0","sponsored_post_logo":"","sponsored_post_desc":"","disable_ad":"0"},"jnews_primary_category":{"id":"","hide":""},"jnews_social_meta":{"fb_title":"","fb_description":"","fb_image":"","twitter_title":"","twitter_description":"","twitter_image":""},"jnews_review":[],"enable_review":"0","type":"percentage","name":"","summary":"","brand":"","sku":"","good":[{"good_text":""}],"bad":[{"bad_text":""}],"score_override":"","override_value":"","rating":[{"rating_text":"","rating_number":"10"}],"price":[{"shop":"","price":"","link":"","icon":""}],"jnews_override_counter":{"override_view_counter":"0","view_counter_number":"0","override_share_counter":"0","share_counter_number":"0","override_like_counter":"0","like_counter_number":"0","override_dislike_counter":"0","dislike_counter_number":"0"},"jnews_post_split":{"enable_post_split":"0","post_split":[{"template":"1","tag":"h2","numbering":"asc","mode":"normal","first":"0","enable_toc":"0","toc_type":"normal"}]},"footnotes":""},"categories":[18,12],"tags":[],"class_list":["post-38586","post","type-post","status-publish","format-standard","has-post-thumbnail","hentry","category-nacionales","category-rio-cuarto"],"jetpack_featured_media_url":"https:\/\/atecordoba.org\/wp-content\/uploads\/2023\/09\/genero-rio4-e1693575198379.jpg","_links":{"self":[{"href":"https:\/\/atecordoba.org\/index.php?rest_route=\/wp\/v2\/posts\/38586","targetHints":{"allow":["GET"]}}],"collection":[{"href":"https:\/\/atecordoba.org\/index.php?rest_route=\/wp\/v2\/posts"}],"about":[{"href":"https:\/\/atecordoba.org\/index.php?rest_route=\/wp\/v2\/types\/post"}],"author":[{"embeddable":true,"href":"https:\/\/atecordoba.org\/index.php?rest_route=\/wp\/v2\/users\/7"}],"replies":[{"embeddable":true,"href":"https:\/\/atecordoba.org\/index.php?rest_route=%2Fwp%2Fv2%2Fcomments&post=38586"}],"version-history":[{"count":1,"href":"https:\/\/atecordoba.org\/index.php?rest_route=\/wp\/v2\/posts\/38586\/revisions"}],"predecessor-version":[{"id":38588,"href":"https:\/\/atecordoba.org\/index.php?rest_route=\/wp\/v2\/posts\/38586\/revisions\/38588"}],"wp:featuredmedia":[{"embeddable":true,"href":"https:\/\/atecordoba.org\/index.php?rest_route=\/wp\/v2\/media\/38587"}],"wp:attachment":[{"href":"https:\/\/atecordoba.org\/index.php?rest_route=%2Fwp%2Fv2%2Fmedia&parent=38586"}],"wp:term":[{"taxonomy":"category","embeddable":true,"href":"https:\/\/atecordoba.org\/index.php?rest_route=%2Fwp%2Fv2%2Fcategories&post=38586"},{"taxonomy":"post_tag","embeddable":true,"href":"https:\/\/atecordoba.org\/index.php?rest_route=%2Fwp%2Fv2%2Ftags&post=38586"}],"curies":[{"name":"wp","href":"https:\/\/api.w.org\/{rel}","templated":true}]}}