{"id":3857,"date":"2014-03-05T16:18:42","date_gmt":"2014-03-05T19:18:42","guid":{"rendered":"http:\/\/www.atecordoba.org\/?p=3857"},"modified":"2014-03-05T16:18:42","modified_gmt":"2014-03-05T19:18:42","slug":"cordoba-cumplio-el-paro-nacional-y-movilizo-al-ministerio-de-trabajo","status":"publish","type":"post","link":"https:\/\/atecordoba.org\/?p=3857","title":{"rendered":"C\u00f3rdoba cumpli\u00f3 el paro nacional y moviliz\u00f3 al Ministerio de Trabajo"},"content":{"rendered":"<p><em>Una nutrida columna parti\u00f3 desde la sede de nuestro gremio en le marco de la medida de fuerza dispuesta para todo el pa\u00eds. Compa\u00f1eros de Villa Mar\u00eda y R\u00edo Tercero llegaron hasta C\u00f3rdoba. Solidaridad de los docentes.<\/em><\/p>\n<p style=\"text-align: center;\"><img loading=\"lazy\" decoding=\"async\" class=\"ngg-singlepic ngg-center aligncenter\" alt=\"img_5901\" src=\"http:\/\/www.atecordoba.org\/wp-content\/gallery\/paro-nacional-5-de-marzo-de-2014\/img_5901.jpg\" width=\"576\" height=\"432\" \/><\/p>\n<p>&#8220;Nosotros vamos a pelear porque nuestro gremio es una herramienta para que todos los trabajadores se organicen. Miren compa\u00f1eros: vamos a tener que organizarnos mucho mejor para los tiempos que vienen porque va a ser un a\u00f1o dif\u00edcil&#8221;, resumi\u00f3, al finalizar el acto de hoy, Mar\u00eda Teresa Romero el esp\u00edritu del paro de ATE en C\u00f3rdoba.<\/p>\n<p>Desde las 9 horas compa\u00f1eros de diversas reparticiones nacionales y hospitales provinciales confluyeron en nuestro gremio para marchar en cumplimiento del paro que en todo el pa\u00eds dispuso el Concejo Directivo Nacional. La ruidosa manifestaci\u00f3n compuesta \u00a0por alrededor de un millar<img loading=\"lazy\" decoding=\"async\" class=\"ngg-singlepic ngg-right alignright\" alt=\"img_5894\" src=\"http:\/\/www.atecordoba.org\/wp-content\/gallery\/paro-nacional-5-de-marzo-de-2014\/img_5894.jpg\" width=\"384\" height=\"288\" \/> de trabajadores atraves\u00f3 el centro de C\u00f3rdoba Capital para finalizar en un acto frente a la delegaci\u00f3n del Ministerio de Trabajo.<\/p>\n<p>Compa\u00f1eros de Fabricaciones Militares, Anses, Pami, Dioxitek, ANAC, IOSE, Ministerio de Desarrollo Social, Universidad Nacional de C\u00f3rdoba (con trabajadores de sus diversas dependencias), Senasa, INTI, IUA, Personal Civil de las Fuerzas Armadas, entre otros sectores, junto a trabajadores de los distintos hospitales provinciales que vienen desarrollando el plan de lucha contra el gobierno provincial, se movilizaron mancomunadamente en reclamo de paritarias semestrales, 35% de aumento de una sola vez y 2500 pesos como sumas fijas retroactivo a enero, como forma de compensar la escalada inflacionaria.<\/p>\n<p>Ya frente a la cartera laboral, Cristian Colman, secretario General de ATE R\u00edo Tercero, aclar\u00f3 que la movilizaci\u00f3n &#8220;es el primer escal\u00f3n de un fuerte plan de lucha contra el ajuste. Estamos orgullosos de la respuesta de los compa\u00f1eros cada vez que los convoca el gremio&#8221;.<\/p>\n<p>Una columna de docentes que cumpl\u00edan el paro decretado por la CTERA se acerc\u00f3 al lugar para solidarizarse y confluir en el reclamo. Diversos delegados docentes criticaron a la conducci\u00f3n del gremio local y rechazaron el techo a las paritarias que pretende imponer el gobierno nacional.<\/p>\n<p>El acto cont\u00f3 con la presencia de la secretaria General Adjunta de la CTA C\u00f3rdoba, Soledad Garc\u00eda, que celebr\u00f3 esta jornada de lucha donde confluyeron estatales y docentes. &#8220;Eso tiene que seguir compa\u00f1eros. Por eso estamos convocando para el paro nacional de la CTA del pr\u00f3ximo 12 de marzo. Al ajuste lo paramos con movilizaci\u00f3n en la calle&#8221;, afirm\u00f3.<\/p>\n<p><img loading=\"lazy\" decoding=\"async\" class=\"ngg-singlepic ngg-left alignleft\" alt=\"img_5884\" src=\"http:\/\/www.atecordoba.org\/wp-content\/gallery\/paro-nacional-5-de-marzo-de-2014\/img_5884.jpg\" width=\"410\" height=\"307\" \/>En igual sentido se expres\u00f3 Walter Secondino, secretario General de Villa Mar\u00eda, al se\u00f1alar que &#8220;los estatales y los docentes no tenemos paritaria, esa es la verdad. Pero encima algunos p\u00edcaros nos quieren hacer creer que los trabajadores vamos a soportar una rebaja de nuestros salarios. Esto nos hace acordar a la d\u00e9cada del &#8217;90. Nosotros ya lo vivimos y lo tenemos presente porque ATE fue de los pocos gremios que enfrent\u00f3 el ajuste, junto con la CTA verde, y lo vamos a volver a hacer. Compa\u00f1eros tenemos que debatir mucho en este tiempo para definir el proyecto de pa\u00eds que queremos para los pr\u00f3ximos 10 a\u00f1os&#8221;.<\/p>\n<p>A su turno los compa\u00f1eros del INTI remarcaron el plan de lucha que vienen sosteniendo en el sector en reclamo del cumplimiento de los pases a planta de los trabajadores precarizados, que el gobierno nacional se comprometi\u00f3 a regularizar el a\u00f1o pasado. El delegado Julian Jones denunci\u00f3 a las autoridades del organismo por la situaci\u00f3n, que se suma a la falta de personal, insumos y herramientas de trabajo.<\/p>\n<p>El cierre del acto estuvo a cargo de Mar\u00eda Teresa Romero. La Secretaria General inicio su discurso se\u00f1alando que &#8220;es momento para estar en las calles, ac\u00e1 en C\u00f3rdoba no hubo ning\u00fan aumento salarial porque apenas llega a una recomposici\u00f3n de lo que perdimos. O alguien ignora la inflaci\u00f3n que seguimos soportando.\u00a0 Los compa\u00f1eros de salud dieron una lucha ejemplar desde septiembre del a\u00f1o pasado, el conflicto sigui\u00f3 en el verano porque la salud no se tom\u00f3 vacaciones.\u00a0El acuerdo que se cerr\u00f3 es absolutamente insuficiente y nada se dijo de la precarizaci\u00f3n laboral, inserta en todo el pa\u00eds y en todos los niveles del Estado. Hip\u00f3critas, sabemos muy bien que en los \u201990 se dict\u00f3 la ley de flexibilizaci\u00f3n laboral y a pesar de los a\u00f1os que pasaron ning\u00fan gobierno de estos tan democr\u00e1ticos que se dicen han cambiado esa ley. \u00a0Esas leyes generan que nuestros compa\u00f1eros no tengan proyecto de vida. As\u00ed consiguen los acuerdos de los trabajadores&#8221;.<\/p>\n<p style=\"text-align: center;\"><img loading=\"lazy\" decoding=\"async\" class=\"ngg-singlepic ngg-center aligncenter\" alt=\"img_5957\" src=\"http:\/\/www.atecordoba.org\/wp-content\/gallery\/paro-nacional-5-de-marzo-de-2014\/img_5957.jpg\" width=\"480\" height=\"640\" \/><\/p>\n<p>La dirigente agreg\u00f3 que &#8220;en todo el pa\u00eds, ATE y miles de trabajadores de otras organizaciones est\u00e1n luchando y diciendo al gobierno que el pueblo no va a tolerar otra vez que caiga sobre nuestras espaldas un nuevo ajuste cuando se termina la fiesta. Jam\u00e1s nos hacen parte de los festejos pero siempre nos meten los ajustes&#8221;.<\/p>\n<p>&#8220;Las corporaciones econ\u00f3micas -afirm\u00f3- est\u00e1n apretando para ganar beneficios pero los trabajadores tenemos que seguir en la \u00fanica que conocemos: en la calle y luchando&#8221;.<\/p>\n<p>Por \u00faltimo, Romero reafirm\u00f3 el compromiso de ATE por &#8220;seguir dando la pelea. A lo largo y ancho estamos en la calle, presentes con un plan de lucha, por eso convocamos a todos los compa\u00f1eros. Estamos aca porque queremos mirarle la cara a nuestros hijos sin sentir verg\u00fcenza porque nunca nos alcanza para \u00a0las zapatillas o lo que sea. Felicito a los docentes de todo el pa\u00eds que llevan a cabo su paro. El enemigo nos ha quitado muchos compa\u00f1eros pero nunca logr\u00f3 cambiarnos la cabeza. Por nuestros hijos, nuestras familias y nuestra patria, los convoco, orgullosa del gremio que represento&#8221;.<\/p>\n<p style=\"text-align: center;\"><img loading=\"lazy\" decoding=\"async\" class=\"ngg-singlepic ngg-center aligncenter\" alt=\"img_5870\" src=\"http:\/\/www.atecordoba.org\/wp-content\/gallery\/paro-nacional-5-de-marzo-de-2014\/img_5870.jpg\" width=\"512\" height=\"384\" \/><\/p>\n<p style=\"text-align: center;\"><img decoding=\"async\" class=\"ngg-singlepic ngg-center\" alt=\"img_5940\" src=\"http:\/\/www.atecordoba.org\/wp-content\/gallery\/paro-nacional-5-de-marzo-de-2014\/img_5940.jpg\" \/><\/p>\n<p style=\"text-align: center;\"><img loading=\"lazy\" decoding=\"async\" class=\"ngg-singlepic ngg-center aligncenter\" alt=\"img_5860\" src=\"http:\/\/www.atecordoba.org\/wp-content\/gallery\/paro-nacional-5-de-marzo-de-2014\/img_5860.jpg\" width=\"512\" height=\"384\" \/><\/p>\n<p style=\"text-align: center;\"><img loading=\"lazy\" decoding=\"async\" class=\"ngg-singlepic ngg-center aligncenter\" alt=\"img_5843\" src=\"http:\/\/www.atecordoba.org\/wp-content\/gallery\/paro-nacional-5-de-marzo-de-2014\/img_5843.jpg\" width=\"512\" height=\"384\" \/><\/p>\n","protected":false},"excerpt":{"rendered":"<p>Una nutrida columna parti\u00f3 desde la sede de nuestro gremio en le marco de la medida de fuerza dispuesta para todo el pa\u00eds. Compa\u00f1eros de Villa Mar\u00eda y R\u00edo Tercero llegaron hasta C\u00f3rdoba. Solidaridad de los docentes. &#8220;Nosotros vamos a pelear porque nuestro gremio es una herramienta para que todos los trabajadores se organicen. Miren [&hellip;]<\/p>\n","protected":false},"author":1,"featured_media":19220,"comment_status":"open","ping_status":"open","sticky":false,"template":"","format":"standard","meta":{"_exactmetrics_skip_tracking":false,"_exactmetrics_sitenote_active":false,"_exactmetrics_sitenote_note":"","_exactmetrics_sitenote_category":0,"jnews-multi-image_gallery":[],"jnews_single_post":[],"jnews_primary_category":[],"jnews_social_meta":[],"jnews_review":[],"enable_review":"","type":"","name":"","summary":"","brand":"","sku":"","good":[],"bad":[],"score_override":"","override_value":"","rating":[],"price":[],"jnews_override_counter":[],"jnews_post_split":[],"footnotes":""},"categories":[18,13,34,14],"tags":[],"class_list":["post-3857","post","type-post","status-publish","format-standard","has-post-thumbnail","hentry","category-nacionales","category-rio-tercero","category-seccionales","category-villa-maria"],"jetpack_featured_media_url":"https:\/\/atecordoba.org\/wp-content\/uploads\/2020\/05\/logo-nuevochico-e1561581322808.png","_links":{"self":[{"href":"https:\/\/atecordoba.org\/index.php?rest_route=\/wp\/v2\/posts\/3857","targetHints":{"allow":["GET"]}}],"collection":[{"href":"https:\/\/atecordoba.org\/index.php?rest_route=\/wp\/v2\/posts"}],"about":[{"href":"https:\/\/atecordoba.org\/index.php?rest_route=\/wp\/v2\/types\/post"}],"author":[{"embeddable":true,"href":"https:\/\/atecordoba.org\/index.php?rest_route=\/wp\/v2\/users\/1"}],"replies":[{"embeddable":true,"href":"https:\/\/atecordoba.org\/index.php?rest_route=%2Fwp%2Fv2%2Fcomments&post=3857"}],"version-history":[{"count":0,"href":"https:\/\/atecordoba.org\/index.php?rest_route=\/wp\/v2\/posts\/3857\/revisions"}],"wp:featuredmedia":[{"embeddable":true,"href":"https:\/\/atecordoba.org\/index.php?rest_route=\/wp\/v2\/media\/19220"}],"wp:attachment":[{"href":"https:\/\/atecordoba.org\/index.php?rest_route=%2Fwp%2Fv2%2Fmedia&parent=3857"}],"wp:term":[{"taxonomy":"category","embeddable":true,"href":"https:\/\/atecordoba.org\/index.php?rest_route=%2Fwp%2Fv2%2Fcategories&post=3857"},{"taxonomy":"post_tag","embeddable":true,"href":"https:\/\/atecordoba.org\/index.php?rest_route=%2Fwp%2Fv2%2Ftags&post=3857"}],"curies":[{"name":"wp","href":"https:\/\/api.w.org\/{rel}","templated":true}]}}