{"id":38566,"date":"2023-08-31T13:39:11","date_gmt":"2023-08-31T16:39:11","guid":{"rendered":"https:\/\/atecordoba.org\/?p=38566"},"modified":"2023-08-31T13:39:12","modified_gmt":"2023-08-31T16:39:12","slug":"mina-clavero-ate-acuerda-con-el-ejecutivo-aumento-y-blanqueo-de-haberes","status":"publish","type":"post","link":"https:\/\/atecordoba.org\/?p=38566","title":{"rendered":"Mina Clavero: ATE acuerda con el Ejecutivo aumento y blanqueo de haberes"},"content":{"rendered":"<div class=\"wp-block-image\">\n<figure class=\"aligncenter size-large is-resized\"><img loading=\"lazy\" decoding=\"async\" src=\"https:\/\/atecordoba.org\/wp-content\/uploads\/2023\/08\/WhatsApp-Image-2023-08-31-at-08.27.01-1024x768.jpeg\" alt=\"\" class=\"wp-image-38567\" width=\"768\" height=\"576\" srcset=\"https:\/\/atecordoba.org\/wp-content\/uploads\/2023\/08\/WhatsApp-Image-2023-08-31-at-08.27.01-1024x768.jpeg 1024w, https:\/\/atecordoba.org\/wp-content\/uploads\/2023\/08\/WhatsApp-Image-2023-08-31-at-08.27.01-300x225.jpeg 300w, https:\/\/atecordoba.org\/wp-content\/uploads\/2023\/08\/WhatsApp-Image-2023-08-31-at-08.27.01-768x576.jpeg 768w, https:\/\/atecordoba.org\/wp-content\/uploads\/2023\/08\/WhatsApp-Image-2023-08-31-at-08.27.01-1536x1152.jpeg 1536w, https:\/\/atecordoba.org\/wp-content\/uploads\/2023\/08\/WhatsApp-Image-2023-08-31-at-08.27.01-750x563.jpeg 750w, https:\/\/atecordoba.org\/wp-content\/uploads\/2023\/08\/WhatsApp-Image-2023-08-31-at-08.27.01-1140x855.jpeg 1140w, https:\/\/atecordoba.org\/wp-content\/uploads\/2023\/08\/WhatsApp-Image-2023-08-31-at-08.27.01.jpeg 1600w\" sizes=\"auto, (max-width: 768px) 100vw, 768px\" \/><\/figure>\n<\/div>\n\n\n<p>En una audiencia mantenido hoy con el Ejecutivo municipal, ATE y la Municipalidad de Mina Clavero alcanzaron un acuerdo para comenzar el blanqueo progresivo de parte de los salarios que las y los compa\u00f1eros de la localidad viene cobrando de forma irregular. <\/p>\n\n\n\n<p>De esta forma, el secretario Gremial electo de ATE C\u00f3rdoba, Jorge Chalup, encabez\u00f3 la negociaci\u00f3n en al Mesa de Relaciones Laborales de Mina Clavero, junto a delegadas y delegados del sector y referentes de ATE Traslasierra, as\u00ed como el secretario de Organizaci\u00f3n del CDP, Javier Bracamonte.<\/p>\n\n\n\n<p>El acuerdo incluye el traspaso al blanco del 40% de lo que la Municipalidad paga en negro  y para que no tenga impacto negativo (por las cargas que se pagan en el salario una vez pasado en blanco) se va realizar un aumento de un 33% para equiparar las cargas del salario en bruto. <\/p>\n\n\n\n<p>En la ocasi\u00f3n se plante\u00f3 tambi\u00e9n al necesidad de una recomposici\u00f3n salarial para el sector salud, que seguir\u00e1 negoci\u00e1ndose en la pr\u00f3xima audiencia, a realizarse el mi\u00e9rcoles 6 de septiembre.<\/p>\n\n\n\n<p>Chalup confirm\u00f3 que el Ejecutivo va a evaluar la situaci\u00f3n de un compa\u00f1ero municipal despedido, que de no tener causa fehaciente ser\u00e1 reincorporado. <\/p>\n","protected":false},"excerpt":{"rendered":"<p>En una audiencia mantenido hoy con el Ejecutivo municipal, ATE y la Municipalidad de Mina Clavero alcanzaron un acuerdo para comenzar el blanqueo progresivo de parte de los salarios que las y los compa\u00f1eros de la localidad viene cobrando de forma irregular. De esta forma, el secretario Gremial electo de ATE C\u00f3rdoba, Jorge Chalup, encabez\u00f3 [&hellip;]<\/p>\n","protected":false},"author":7,"featured_media":38567,"comment_status":"open","ping_status":"open","sticky":false,"template":"","format":"standard","meta":{"_exactmetrics_skip_tracking":false,"_exactmetrics_sitenote_active":false,"_exactmetrics_sitenote_note":"","_exactmetrics_sitenote_category":0,"jnews-multi-image_gallery":[],"jnews_single_post":{"subtitle":"El acuerdo incluye el traspaso al blanco del 40% de lo que la Municipalidad paga en negro. En el mismo acto, se va realizar un aumento de un 33% para equiparar las cargas del salario en bruto.","format":"standard","video":"","gallery":"","source_name":"","source_url":"","via_name":"","via_url":"","override_template":"0","override":[{"template":"1","single_blog_custom":"","parallax":"1","fullscreen":"1","layout":"no-sidebar-narrow","sidebar":"default-sidebar","second_sidebar":"default-sidebar","sticky_sidebar":"1","share_position":"bottom","share_float_style":"share-monocrhome","show_share_counter":"1","show_view_counter":"1","show_featured":"0","show_post_meta":"1","show_post_author":"0","show_post_author_image":"1","show_post_date":"1","post_date_format":"default","post_date_format_custom":"Y\/m\/d","show_post_category":"1","show_post_reading_time":"0","post_reading_time_wpm":"300","show_zoom_button":"0","zoom_button_out_step":"2","zoom_button_in_step":"3","show_post_tag":"1","show_prev_next_post":"0","show_popup_post":"0","number_popup_post":"1","show_author_box":"0","show_post_related":"1","show_inline_post_related":"0"}],"override_image_size":"0","image_override":[{"single_post_thumbnail_size":"crop-500","single_post_gallery_size":"crop-500"}],"trending_post":"0","trending_post_position":"meta","trending_post_label":"Trending","sponsored_post":"0","sponsored_post_label":"Sponsored by","sponsored_post_name":"","sponsored_post_url":"","sponsored_post_logo_enable":"0","sponsored_post_logo":"","sponsored_post_desc":"","disable_ad":"0"},"jnews_primary_category":{"id":"","hide":""},"jnews_social_meta":{"fb_title":"","fb_description":"","fb_image":"","twitter_title":"","twitter_description":"","twitter_image":""},"jnews_review":[],"enable_review":"0","type":"percentage","name":"","summary":"","brand":"","sku":"","good":[{"good_text":""}],"bad":[{"bad_text":""}],"score_override":"","override_value":"","rating":[{"rating_text":"","rating_number":"10"}],"price":[{"shop":"","price":"","link":"","icon":""}],"jnews_override_counter":{"override_view_counter":"0","view_counter_number":"0","override_share_counter":"0","share_counter_number":"0","override_like_counter":"0","like_counter_number":"0","override_dislike_counter":"0","dislike_counter_number":"0"},"jnews_post_split":{"enable_post_split":"0","post_split":[{"template":"1","tag":"h2","numbering":"asc","mode":"normal","first":"0","enable_toc":"0","toc_type":"normal"}]},"footnotes":""},"categories":[20],"tags":[],"class_list":["post-38566","post","type-post","status-publish","format-standard","has-post-thumbnail","hentry","category-municipales"],"jetpack_featured_media_url":"https:\/\/atecordoba.org\/wp-content\/uploads\/2023\/08\/WhatsApp-Image-2023-08-31-at-08.27.01.jpeg","_links":{"self":[{"href":"https:\/\/atecordoba.org\/index.php?rest_route=\/wp\/v2\/posts\/38566","targetHints":{"allow":["GET"]}}],"collection":[{"href":"https:\/\/atecordoba.org\/index.php?rest_route=\/wp\/v2\/posts"}],"about":[{"href":"https:\/\/atecordoba.org\/index.php?rest_route=\/wp\/v2\/types\/post"}],"author":[{"embeddable":true,"href":"https:\/\/atecordoba.org\/index.php?rest_route=\/wp\/v2\/users\/7"}],"replies":[{"embeddable":true,"href":"https:\/\/atecordoba.org\/index.php?rest_route=%2Fwp%2Fv2%2Fcomments&post=38566"}],"version-history":[{"count":1,"href":"https:\/\/atecordoba.org\/index.php?rest_route=\/wp\/v2\/posts\/38566\/revisions"}],"predecessor-version":[{"id":38568,"href":"https:\/\/atecordoba.org\/index.php?rest_route=\/wp\/v2\/posts\/38566\/revisions\/38568"}],"wp:featuredmedia":[{"embeddable":true,"href":"https:\/\/atecordoba.org\/index.php?rest_route=\/wp\/v2\/media\/38567"}],"wp:attachment":[{"href":"https:\/\/atecordoba.org\/index.php?rest_route=%2Fwp%2Fv2%2Fmedia&parent=38566"}],"wp:term":[{"taxonomy":"category","embeddable":true,"href":"https:\/\/atecordoba.org\/index.php?rest_route=%2Fwp%2Fv2%2Fcategories&post=38566"},{"taxonomy":"post_tag","embeddable":true,"href":"https:\/\/atecordoba.org\/index.php?rest_route=%2Fwp%2Fv2%2Ftags&post=38566"}],"curies":[{"name":"wp","href":"https:\/\/api.w.org\/{rel}","templated":true}]}}