{"id":38562,"date":"2023-08-31T13:24:06","date_gmt":"2023-08-31T16:24:06","guid":{"rendered":"https:\/\/atecordoba.org\/?p=38562"},"modified":"2023-09-18T10:32:16","modified_gmt":"2023-09-18T13:32:16","slug":"comienza-la-convocatoria-para-el-ciclo-lectivo-2023-venia-terminar-el-secundario-con-modalidad-a-distancia","status":"publish","type":"post","link":"https:\/\/atecordoba.org\/?p=38562","title":{"rendered":"Comienza la convocatoria para el ciclo lectivo 2023 &#8220;Ven\u00eda terminar el secundario&#8221; con modalidad a distancia"},"content":{"rendered":"<div class=\"wp-block-image\">\n<figure class=\"aligncenter size-large is-resized\"><img loading=\"lazy\" decoding=\"async\" src=\"https:\/\/atecordoba.org\/wp-content\/uploads\/2023\/08\/WhatsApp-Image-2023-08-31-at-10.44.02-1024x1024.jpeg\" alt=\"\" class=\"wp-image-38563\" width=\"768\" height=\"768\" srcset=\"https:\/\/atecordoba.org\/wp-content\/uploads\/2023\/08\/WhatsApp-Image-2023-08-31-at-10.44.02-1024x1024.jpeg 1024w, https:\/\/atecordoba.org\/wp-content\/uploads\/2023\/08\/WhatsApp-Image-2023-08-31-at-10.44.02-300x300.jpeg 300w, https:\/\/atecordoba.org\/wp-content\/uploads\/2023\/08\/WhatsApp-Image-2023-08-31-at-10.44.02-150x150.jpeg 150w, https:\/\/atecordoba.org\/wp-content\/uploads\/2023\/08\/WhatsApp-Image-2023-08-31-at-10.44.02-768x768.jpeg 768w, https:\/\/atecordoba.org\/wp-content\/uploads\/2023\/08\/WhatsApp-Image-2023-08-31-at-10.44.02-1536x1536.jpeg 1536w, https:\/\/atecordoba.org\/wp-content\/uploads\/2023\/08\/WhatsApp-Image-2023-08-31-at-10.44.02-560x560.jpeg 560w, https:\/\/atecordoba.org\/wp-content\/uploads\/2023\/08\/WhatsApp-Image-2023-08-31-at-10.44.02-75x75.jpeg 75w, https:\/\/atecordoba.org\/wp-content\/uploads\/2023\/08\/WhatsApp-Image-2023-08-31-at-10.44.02-350x350.jpeg 350w, https:\/\/atecordoba.org\/wp-content\/uploads\/2023\/08\/WhatsApp-Image-2023-08-31-at-10.44.02-750x750.jpeg 750w, https:\/\/atecordoba.org\/wp-content\/uploads\/2023\/08\/WhatsApp-Image-2023-08-31-at-10.44.02-1140x1140.jpeg 1140w, https:\/\/atecordoba.org\/wp-content\/uploads\/2023\/08\/WhatsApp-Image-2023-08-31-at-10.44.02.jpeg 1600w\" sizes=\"auto, (max-width: 768px) 100vw, 768px\" \/><\/figure>\n<\/div>\n\n\n<p>Con una convocatoria p\u00fablica a las y los afiliados y no afiliados, la escuela para adultos CENMA 107, sede N\u00ba2, llama a las y los interesados a inscribirse en la nueva modalidad semipresencial y a distancia del ciclo &#8220;Ven\u00ed a terminar el secundario&#8221;.  <\/p>\n\n\n\n<p>Orgullo de la gesti\u00f3n de formaci\u00f3n, capacitaci\u00f3n y extensi\u00f3n de nuestra ATE C\u00f3rdoba, esta experiencia educativa con importante recepci\u00f3n desde que comenzara el a\u00f1o pasado, ahora incorpora nuevas modalidades de cursado para facilitar el acceso general. <\/p>\n\n\n\n<p>El referente de ATE Educaci\u00f3n y docente Marcelo Mambrin explica que &#8220;la idea de &#8216;Ven\u00ed a terminar el secundario&#8217; es hacer hincapi\u00e9 en que podes iniciar las clases en cualquier momento del a\u00f1o, no necesariamente en marzo&#8221;.<\/p>\n\n\n\n<p>El docente agrega que &#8220;la modalidad es a distancia, cursando lunes, martes y mi\u00e9rcoles desde las 14 a las 18.30 horas. Desde el interior hay posibilidad de utilizar un formato nuevo que es el semipresencial a distancia, donde lo presencial es solo para las evaluaciones, con asistencia de tutor\u00edas de los docentes, Se puede hacer una preinscripci\u00f3n a distancia&#8221;.<\/p>\n\n\n\n<p>Y aclara que la cursada est\u00e1 abierta a los afligidos de ATE y CTA pero tambi\u00e9n pueden acceder las personas no afiliadas. &#8220;La sede de la escuela es la sede ATE, Entre R\u00edos 450 tercer piso. Aquellos adultos que no terminaron la primaria tambi\u00e9n puede hacerlo all\u00ed&#8221;, concluye.<\/p>\n\n\n\n<p>De esta forma, ATE agrega nuevos formatos de estudio para facilitar el acceso a los cursos, cumpliendo con le mandato de los estatales para formar y fortalecer las pol\u00edticas de acci\u00f3n social y cultura en nuestra sede.<\/p>\n\n\n\n<p><\/p>\n\n\n\n<p><\/p>\n","protected":false},"excerpt":{"rendered":"<p>Con una convocatoria p\u00fablica a las y los afiliados y no afiliados, la escuela para adultos CENMA 107, sede N\u00ba2, llama a las y los interesados a inscribirse en la nueva modalidad semipresencial y a distancia del ciclo &#8220;Ven\u00ed a terminar el secundario&#8221;. Orgullo de la gesti\u00f3n de formaci\u00f3n, capacitaci\u00f3n y extensi\u00f3n de nuestra ATE [&hellip;]<\/p>\n","protected":false},"author":7,"featured_media":38979,"comment_status":"open","ping_status":"open","sticky":false,"template":"","format":"standard","meta":{"_exactmetrics_skip_tracking":false,"_exactmetrics_sitenote_active":false,"_exactmetrics_sitenote_note":"","_exactmetrics_sitenote_category":0,"jnews-multi-image_gallery":[],"jnews_single_post":{"subtitle":"Orgullo de la gesti\u00f3n de formaci\u00f3n, capacitaci\u00f3n y extensi\u00f3n de nuestra ATE C\u00f3rdoba, esta experiencia educativa con importante recepci\u00f3n desde que comenzara el a\u00f1o pasado, ahora incorpora nuevas modalidades de cursado para facilitar el acceso general. ","format":"standard","video":"","gallery":"","source_name":"","source_url":"","via_name":"","via_url":"","override_template":"0","override":[{"template":"1","single_blog_custom":"","parallax":"1","fullscreen":"1","layout":"no-sidebar-narrow","sidebar":"default-sidebar","second_sidebar":"default-sidebar","sticky_sidebar":"1","share_position":"bottom","share_float_style":"share-monocrhome","show_share_counter":"1","show_view_counter":"1","show_featured":"0","show_post_meta":"1","show_post_author":"0","show_post_author_image":"1","show_post_date":"1","post_date_format":"default","post_date_format_custom":"Y\/m\/d","show_post_category":"1","show_post_reading_time":"0","post_reading_time_wpm":"300","show_zoom_button":"0","zoom_button_out_step":"2","zoom_button_in_step":"3","show_post_tag":"1","show_prev_next_post":"0","show_popup_post":"0","number_popup_post":"1","show_author_box":"0","show_post_related":"1","show_inline_post_related":"0"}],"override_image_size":"0","image_override":[{"single_post_thumbnail_size":"crop-500","single_post_gallery_size":"crop-500"}],"trending_post":"0","trending_post_position":"meta","trending_post_label":"Trending","sponsored_post":"0","sponsored_post_label":"Sponsored by","sponsored_post_name":"","sponsored_post_url":"","sponsored_post_logo_enable":"0","sponsored_post_logo":"","sponsored_post_desc":"","disable_ad":"0"},"jnews_primary_category":{"id":"","hide":""},"jnews_social_meta":{"fb_title":"","fb_description":"","fb_image":"","twitter_title":"","twitter_description":"","twitter_image":""},"jnews_review":[],"enable_review":"0","type":"percentage","name":"","summary":"","brand":"","sku":"","good":[{"good_text":""}],"bad":[{"bad_text":""}],"score_override":"","override_value":"","rating":[{"rating_text":"","rating_number":"10"}],"price":[{"shop":"","price":"","link":"","icon":""}],"jnews_override_counter":{"override_view_counter":"0","view_counter_number":"0","override_share_counter":"0","share_counter_number":"0","override_like_counter":"0","like_counter_number":"0","override_dislike_counter":"0","dislike_counter_number":"0"},"jnews_post_split":{"enable_post_split":"0","post_split":[{"template":"1","tag":"h2","numbering":"asc","mode":"normal","first":"0","enable_toc":"0","toc_type":"normal"}]},"footnotes":""},"categories":[1],"tags":[],"class_list":["post-38562","post","type-post","status-publish","format-standard","has-post-thumbnail","hentry","category-sin-categoria"],"jetpack_featured_media_url":"https:\/\/atecordoba.org\/wp-content\/uploads\/2023\/08\/secundario.jpeg","_links":{"self":[{"href":"https:\/\/atecordoba.org\/index.php?rest_route=\/wp\/v2\/posts\/38562","targetHints":{"allow":["GET"]}}],"collection":[{"href":"https:\/\/atecordoba.org\/index.php?rest_route=\/wp\/v2\/posts"}],"about":[{"href":"https:\/\/atecordoba.org\/index.php?rest_route=\/wp\/v2\/types\/post"}],"author":[{"embeddable":true,"href":"https:\/\/atecordoba.org\/index.php?rest_route=\/wp\/v2\/users\/7"}],"replies":[{"embeddable":true,"href":"https:\/\/atecordoba.org\/index.php?rest_route=%2Fwp%2Fv2%2Fcomments&post=38562"}],"version-history":[{"count":2,"href":"https:\/\/atecordoba.org\/index.php?rest_route=\/wp\/v2\/posts\/38562\/revisions"}],"predecessor-version":[{"id":38565,"href":"https:\/\/atecordoba.org\/index.php?rest_route=\/wp\/v2\/posts\/38562\/revisions\/38565"}],"wp:featuredmedia":[{"embeddable":true,"href":"https:\/\/atecordoba.org\/index.php?rest_route=\/wp\/v2\/media\/38979"}],"wp:attachment":[{"href":"https:\/\/atecordoba.org\/index.php?rest_route=%2Fwp%2Fv2%2Fmedia&parent=38562"}],"wp:term":[{"taxonomy":"category","embeddable":true,"href":"https:\/\/atecordoba.org\/index.php?rest_route=%2Fwp%2Fv2%2Fcategories&post=38562"},{"taxonomy":"post_tag","embeddable":true,"href":"https:\/\/atecordoba.org\/index.php?rest_route=%2Fwp%2Fv2%2Ftags&post=38562"}],"curies":[{"name":"wp","href":"https:\/\/api.w.org\/{rel}","templated":true}]}}