{"id":38553,"date":"2023-08-31T10:41:20","date_gmt":"2023-08-31T13:41:20","guid":{"rendered":"https:\/\/atecordoba.org\/?p=38553"},"modified":"2023-08-31T13:01:21","modified_gmt":"2023-08-31T16:01:21","slug":"con-fuentes-y-giuliani-la-clate-presente-en-historico-congreso-extraordinario-de-la-la-confederacion-de-servidores-publicos-de-brasil","status":"publish","type":"post","link":"https:\/\/atecordoba.org\/?p=38553","title":{"rendered":"Con Fuentes y Giuliani, la CLATE participa como invitada en el hist\u00f3rico Congreso Extraordinario de la Confederaci\u00f3n de Servidores P\u00fablicos de Brasil"},"content":{"rendered":"<div class=\"wp-block-image\">\n<figure class=\"aligncenter size-full\"><img decoding=\"async\" src=\"https:\/\/atecordoba.org\/wp-content\/uploads\/2023\/08\/fuentesfederico.jpg\" alt=\"\" class=\"wp-image-38554\" \/><\/figure>\n<\/div>\n\n\n<p>Este martes se inaugur\u00f3 en la ciudad de Brasilia el 1\u00ba Congreso Extraordinario de la Confederaci\u00f3n de Servidores P\u00fablicos de Brasil (CSPB), convocado exclusivamente para debatir el proyecto de Marco Regulatorio del Sector P\u00fablico. El presidente de CLATE, Julio Fuentes, y el secretario general de ATE C\u00f3rdoba, Federico Giuliani, participan del encuentro.<\/p>\n\n\n\n<p>El evento comenz\u00f3 este 29 de agosto con la presentaci\u00f3n del texto base del Marco Regulatorio del Sector P\u00fablico, que tiene como objetivo regular las relaciones laborales y ampliar el conjunto de leyes destinadas a fortalecer y proteger los servicios p\u00fablicos brasile\u00f1os, reduciendo su vulnerabilidad pol\u00edtica y jur\u00eddica.<\/p>\n\n\n\n<p>El evento reuni\u00f3 a destacadas figuras pol\u00edticas, jur\u00eddicas y sindicales. Tambi\u00e9n se llev\u00f3 a cabo la apertura solemne y una ceremonia de celebraci\u00f3n por los 64 a\u00f1os de la entidad.<\/p>\n\n\n\n<p>Este tan esperado Congreso se inaugur\u00f3 un d\u00eda despu\u00e9s de la publicaci\u00f3n del Decreto Presidencial que establece un Grupo de Trabajo Interministerial para elaborar una propuesta de reglamentaci\u00f3n de la negociaci\u00f3n de las relaciones laborales en el \u00e1mbito de la administraci\u00f3n p\u00fablica federal, reglamentando los principios establecidos en el Convenio 151 de la OIT, una de las banderas hist\u00f3ricas de la CSPB.<\/p>\n\n\n<div class=\"wp-block-image\">\n<figure class=\"aligncenter size-large is-resized\"><img loading=\"lazy\" decoding=\"async\" src=\"https:\/\/atecordoba.org\/wp-content\/uploads\/2023\/08\/CONGRESO-CSPB-1024x690.jpeg\" alt=\"\" class=\"wp-image-38555\" width=\"768\" height=\"518\" srcset=\"https:\/\/atecordoba.org\/wp-content\/uploads\/2023\/08\/CONGRESO-CSPB-1024x690.jpeg 1024w, https:\/\/atecordoba.org\/wp-content\/uploads\/2023\/08\/CONGRESO-CSPB-300x202.jpeg 300w, https:\/\/atecordoba.org\/wp-content\/uploads\/2023\/08\/CONGRESO-CSPB-768x518.jpeg 768w, https:\/\/atecordoba.org\/wp-content\/uploads\/2023\/08\/CONGRESO-CSPB-750x505.jpeg 750w, https:\/\/atecordoba.org\/wp-content\/uploads\/2023\/08\/CONGRESO-CSPB-1140x768.jpeg 1140w, https:\/\/atecordoba.org\/wp-content\/uploads\/2023\/08\/CONGRESO-CSPB.jpeg 1187w\" sizes=\"auto, (max-width: 768px) 100vw, 768px\" \/><\/figure>\n<\/div>\n\n\n<p>\u00abEl 1er Congreso Extraordinario de la CSPB marca un hito hist\u00f3rico para la entidad. Este encuentro in\u00e9dito se lleva a cabo en un per\u00edodo de recuperaci\u00f3n de los valores y la institucionalidad democr\u00e1tica, despu\u00e9s de sucesivos ataques a los servicios p\u00fablicos brasile\u00f1os y a sus ramas profesionales. Con la reapertura del di\u00e1logo con las representaciones sindicales, el gobierno abre la posibilidad de dejar un gran legado a los servicios p\u00fablicos brasile\u00f1os y a sus trabajadores, fortaleci\u00e9ndolos y protegi\u00e9ndolos de actores pol\u00edticos ocasionales que act\u00faan deliberadamente para destruirlo\u00bb, afirm\u00f3 el presidente de la CSPB y vicepresidente 1\u00ba de CLATE, Jo\u00e3o Domingos Gomes dos Santos.<\/p>\n\n\n\n<p>All\u00ed, el presidente de la CLATE transmiti\u00f3 su saludo en nombre de la Confederaci\u00f3n y afirm\u00f3: \u201cEste evento es trascendente por la dimensi\u00f3n que tiene el Brasil al animarse, el gobierno y las organizaciones sindicales, a asumir este tremendo desaf\u00edo que es la reglamentaci\u00f3n de la convenci\u00f3n colectiva de trabajo en el sector p\u00fablico m\u00e1s grande de nuestro continente. Vayan todos los deseos de \u00e9xito. Todas nuestras organizaciones, de distintos pa\u00edses de la regi\u00f3n est\u00e1n siguiendo este importante Congreso, palpitando esta posibilidad de que se logre concretar este tema tan importante\u201d, expres\u00f3 Julio Fuentes.<\/p>\n\n\n\n<p>\u201cJorge Acedo, un l\u00edder sindical argentino, dec\u00eda que el \u2018convenio colectivo es la continuidad de la lucha\u2019\u00bb, record\u00f3 el dirigente. &#8220;Quien no luche, no tendr\u00e1 convenci\u00f3n colectiva de trabajo. Quien no luche, no tendr\u00e1 derechos. Y este es un pueblo de lucha y este gobierno que se anima tambi\u00e9n es un gobierno de lucha\u201d, agreg\u00f3.<\/p>\n\n\n\n<p>\u201cCuando nos emancipamos de las monarqu\u00edas europeas nos dejaron como herencia el modelo del Estado autoritario. La convenci\u00f3n colectiva de trabajo es el instrumento que va a romper ese autoritarismo, va a democratizar el Estado para hacerlo mejor, no solo para los trabajadores, hacerlo mejor para la poblaci\u00f3n y para tener servicios de calidad. Solo hay democracia en el Estado, si hay derechos para las trabajadoras y los trabajadores de los servicios p\u00fablicos\u201d, manifest\u00f3 el titular de la CLATE.<\/p>\n","protected":false},"excerpt":{"rendered":"<p>Este martes se inaugur\u00f3 en la ciudad de Brasilia el 1\u00ba Congreso Extraordinario de la Confederaci\u00f3n de Servidores P\u00fablicos de Brasil (CSPB), convocado exclusivamente para debatir el proyecto de Marco Regulatorio del Sector P\u00fablico. El presidente de CLATE, Julio Fuentes, y el secretario general de ATE C\u00f3rdoba, Federico Giuliani, participan del encuentro. El evento comenz\u00f3 [&hellip;]<\/p>\n","protected":false},"author":7,"featured_media":38554,"comment_status":"open","ping_status":"open","sticky":false,"template":"","format":"standard","meta":{"_exactmetrics_skip_tracking":false,"_exactmetrics_sitenote_active":false,"_exactmetrics_sitenote_note":"","_exactmetrics_sitenote_category":0,"jnews-multi-image_gallery":[],"jnews_single_post":{"subtitle":"El encuentro aborda el dise\u00f1o del Convenio Colectivo de Trabajo del Estado brasilero, el m\u00e1s extenso de Sudam\u00e9rica, en base a la aplicaci\u00f3n del Convenio 151\u00ba de la Organizaci\u00f3n Internacional del Trabajo. ","format":"standard","video":"","gallery":"","source_name":"","source_url":"","via_name":"","via_url":"","override_template":"0","override":[{"template":"1","single_blog_custom":"","parallax":"1","fullscreen":"1","layout":"no-sidebar-narrow","sidebar":"default-sidebar","second_sidebar":"default-sidebar","sticky_sidebar":"1","share_position":"bottom","share_float_style":"share-monocrhome","show_share_counter":"1","show_view_counter":"1","show_featured":"0","show_post_meta":"1","show_post_author":"0","show_post_author_image":"1","show_post_date":"1","post_date_format":"default","post_date_format_custom":"Y\/m\/d","show_post_category":"1","show_post_reading_time":"0","post_reading_time_wpm":"300","show_zoom_button":"0","zoom_button_out_step":"2","zoom_button_in_step":"3","show_post_tag":"1","show_prev_next_post":"0","show_popup_post":"0","number_popup_post":"1","show_author_box":"0","show_post_related":"1","show_inline_post_related":"0"}],"override_image_size":"0","image_override":[{"single_post_thumbnail_size":"crop-500","single_post_gallery_size":"crop-500"}],"trending_post":"0","trending_post_position":"meta","trending_post_label":"Trending","sponsored_post":"0","sponsored_post_label":"Sponsored by","sponsored_post_name":"","sponsored_post_url":"","sponsored_post_logo_enable":"0","sponsored_post_logo":"","sponsored_post_desc":"","disable_ad":"0"},"jnews_primary_category":{"id":"","hide":""},"jnews_social_meta":{"fb_title":"","fb_description":"","fb_image":"","twitter_title":"","twitter_description":"","twitter_image":""},"jnews_review":[],"enable_review":"0","type":"percentage","name":"","summary":"","brand":"","sku":"","good":[{"good_text":""}],"bad":[{"bad_text":""}],"score_override":"","override_value":"","rating":[{"rating_text":"","rating_number":"10"}],"price":[{"shop":"","price":"","link":"","icon":""}],"jnews_override_counter":{"override_view_counter":"0","view_counter_number":"0","override_share_counter":"0","share_counter_number":"0","override_like_counter":"0","like_counter_number":"0","override_dislike_counter":"0","dislike_counter_number":"0"},"jnews_post_split":{"enable_post_split":"0","post_split":[{"template":"1","tag":"h2","numbering":"asc","mode":"normal","first":"0","enable_toc":"0","toc_type":"normal"}]},"footnotes":""},"categories":[108],"tags":[],"class_list":["post-38553","post","type-post","status-publish","format-standard","has-post-thumbnail","hentry","category-internacional"],"jetpack_featured_media_url":"https:\/\/atecordoba.org\/wp-content\/uploads\/2023\/08\/fuentesfederico-e1693489272510.jpg","_links":{"self":[{"href":"https:\/\/atecordoba.org\/index.php?rest_route=\/wp\/v2\/posts\/38553","targetHints":{"allow":["GET"]}}],"collection":[{"href":"https:\/\/atecordoba.org\/index.php?rest_route=\/wp\/v2\/posts"}],"about":[{"href":"https:\/\/atecordoba.org\/index.php?rest_route=\/wp\/v2\/types\/post"}],"author":[{"embeddable":true,"href":"https:\/\/atecordoba.org\/index.php?rest_route=\/wp\/v2\/users\/7"}],"replies":[{"embeddable":true,"href":"https:\/\/atecordoba.org\/index.php?rest_route=%2Fwp%2Fv2%2Fcomments&post=38553"}],"version-history":[{"count":3,"href":"https:\/\/atecordoba.org\/index.php?rest_route=\/wp\/v2\/posts\/38553\/revisions"}],"predecessor-version":[{"id":38559,"href":"https:\/\/atecordoba.org\/index.php?rest_route=\/wp\/v2\/posts\/38553\/revisions\/38559"}],"wp:featuredmedia":[{"embeddable":true,"href":"https:\/\/atecordoba.org\/index.php?rest_route=\/wp\/v2\/media\/38554"}],"wp:attachment":[{"href":"https:\/\/atecordoba.org\/index.php?rest_route=%2Fwp%2Fv2%2Fmedia&parent=38553"}],"wp:term":[{"taxonomy":"category","embeddable":true,"href":"https:\/\/atecordoba.org\/index.php?rest_route=%2Fwp%2Fv2%2Fcategories&post=38553"},{"taxonomy":"post_tag","embeddable":true,"href":"https:\/\/atecordoba.org\/index.php?rest_route=%2Fwp%2Fv2%2Ftags&post=38553"}],"curies":[{"name":"wp","href":"https:\/\/api.w.org\/{rel}","templated":true}]}}