{"id":38491,"date":"2023-08-29T13:11:21","date_gmt":"2023-08-29T16:11:21","guid":{"rendered":"https:\/\/atecordoba.org\/?p=38491"},"modified":"2023-08-29T13:16:36","modified_gmt":"2023-08-29T16:16:36","slug":"giuliani-en-el-congreso-de-trabajadores-estatales-de-brasil","status":"publish","type":"post","link":"https:\/\/atecordoba.org\/?p=38491","title":{"rendered":"Giuliani, en el Congreso de Trabajadores Estatales de Brasil"},"content":{"rendered":"<div class=\"wp-block-image\">\n<figure class=\"aligncenter size-full\"><img loading=\"lazy\" decoding=\"async\" width=\"604\" height=\"229\" src=\"https:\/\/atecordoba.org\/wp-content\/uploads\/2023\/08\/FEDEFUENTES.jpg\" alt=\"\" class=\"wp-image-38493\" srcset=\"https:\/\/atecordoba.org\/wp-content\/uploads\/2023\/08\/FEDEFUENTES.jpg 604w, https:\/\/atecordoba.org\/wp-content\/uploads\/2023\/08\/FEDEFUENTES-300x114.jpg 300w\" sizes=\"auto, (max-width: 604px) 100vw, 604px\" \/><\/figure>\n<\/div>\n\n\n<p>El Secretario General de ATE y la CTA Aut\u00f3noma C\u00f3rdoba, Federico Giuliani, junto al Presidente de la Confederaci\u00f3n Latinoamericana y del Caribe de Trabajadores Estatales (CLATE), Julio Fuentes, se encuentran en Brasilia participando desde hoy y hasta el jueves del Congreso Extraordinario de la Confederaci\u00f3n de Servidores P\u00fablicos de Brasil (CSPB).<\/p>\n\n\n\n<p>El titular de la Confederaci\u00f3n de Servidores P\u00fablicos de Brasil y Vicepresidente 1\u00b0 de CLATE, Jo\u00e3o Domingos Gomes dos Santos, plante\u00f3 el importante rol que cumple la Confederaci\u00f3n en la discusi\u00f3n sobre el modelo de Estado en la actual coyuntura regional.<\/p>\n\n\n<div class=\"wp-block-image\">\n<figure class=\"aligncenter size-full\"><img loading=\"lazy\" decoding=\"async\" width=\"600\" height=\"338\" src=\"https:\/\/atecordoba.org\/wp-content\/uploads\/2023\/08\/CSPB.jpg\" alt=\"\" class=\"wp-image-38492\" srcset=\"https:\/\/atecordoba.org\/wp-content\/uploads\/2023\/08\/CSPB.jpg 600w, https:\/\/atecordoba.org\/wp-content\/uploads\/2023\/08\/CSPB-300x169.jpg 300w\" sizes=\"auto, (max-width: 600px) 100vw, 600px\" \/><\/figure>\n<\/div>\n\n\n<p>El dirigente tambi\u00e9n anunci\u00f3 que el Congreso del CSPB, que se realiza desde el 29 al 31 de agosto en la ciudad de Brasilia, re\u00fane cerca de 450 delegados y delegadas, representantes de las federaciones afiliadas a la Confederaci\u00f3n brasile\u00f1a.<\/p>\n\n\n\n<p>Este encuentro in\u00e9dito -al que concurre nuestro secretario General- fue convocado exclusivamente para discutir el Marco Regulatorio de Relaciones Laborales del Sector P\u00fablico. Se trata de un proyecto hist\u00f3rico presentado por las seis centrales sindicales de Brasil y coordinado por la CSPB, que busca reglamentar las relaciones de trabajo para las servidoras y servidores p\u00fablicos brasile\u00f1os de todos los niveles y \u00e1mbitos del Estado.<\/p>\n\n\n\n<figure class=\"wp-block-video\"><video height=\"864\" style=\"aspect-ratio: 640 \/ 864;\" width=\"640\" controls src=\"https:\/\/atecordoba.org\/wp-content\/uploads\/2023\/08\/WhatsApp-Video-2023-08-29-at-12.45.53.mp4\"><\/video><\/figure>\n","protected":false},"excerpt":{"rendered":"<p>El Secretario General de ATE y la CTA Aut\u00f3noma C\u00f3rdoba, Federico Giuliani, junto al Presidente de la Confederaci\u00f3n Latinoamericana y del Caribe de Trabajadores Estatales (CLATE), Julio Fuentes, se encuentran en Brasilia participando desde hoy y hasta el jueves del Congreso Extraordinario de la Confederaci\u00f3n de Servidores P\u00fablicos de Brasil (CSPB). El titular de la [&hellip;]<\/p>\n","protected":false},"author":7,"featured_media":38496,"comment_status":"open","ping_status":"open","sticky":false,"template":"","format":"standard","meta":{"_exactmetrics_skip_tracking":false,"_exactmetrics_sitenote_active":false,"_exactmetrics_sitenote_note":"","_exactmetrics_sitenote_category":0,"jnews-multi-image_gallery":[],"jnews_single_post":{"subtitle":"El Congreso del CSPB, que se realiza desde el 29 al 31 de agosto en la ciudad de Brasilia, re\u00fane cerca de 450 delegados y delegadas, representantes de las federaciones afiliadas a la Confederaci\u00f3n brasile\u00f1a.","format":"standard","video":"","gallery":"","source_name":"","source_url":"","via_name":"","via_url":"","override_template":"0","override":[{"template":"1","single_blog_custom":"","parallax":"1","fullscreen":"1","layout":"no-sidebar-narrow","sidebar":"default-sidebar","second_sidebar":"default-sidebar","sticky_sidebar":"1","share_position":"bottom","share_float_style":"share-monocrhome","show_share_counter":"1","show_view_counter":"1","show_featured":"0","show_post_meta":"1","show_post_author":"0","show_post_author_image":"1","show_post_date":"1","post_date_format":"default","post_date_format_custom":"Y\/m\/d","show_post_category":"1","show_post_reading_time":"0","post_reading_time_wpm":"300","show_zoom_button":"0","zoom_button_out_step":"2","zoom_button_in_step":"3","show_post_tag":"1","show_prev_next_post":"0","show_popup_post":"0","number_popup_post":"1","show_author_box":"0","show_post_related":"1","show_inline_post_related":"0"}],"override_image_size":"0","image_override":[{"single_post_thumbnail_size":"crop-500","single_post_gallery_size":"crop-500"}],"trending_post":"0","trending_post_position":"meta","trending_post_label":"Trending","sponsored_post":"0","sponsored_post_label":"Sponsored by","sponsored_post_name":"","sponsored_post_url":"","sponsored_post_logo_enable":"0","sponsored_post_logo":"","sponsored_post_desc":"","disable_ad":"0"},"jnews_primary_category":{"id":"","hide":""},"jnews_social_meta":{"fb_title":"","fb_description":"","fb_image":"","twitter_title":"","twitter_description":"","twitter_image":""},"jnews_review":[],"enable_review":"0","type":"percentage","name":"","summary":"","brand":"","sku":"","good":[{"good_text":""}],"bad":[{"bad_text":""}],"score_override":"","override_value":"","rating":[{"rating_text":"","rating_number":"10"}],"price":[{"shop":"","price":"","link":"","icon":""}],"jnews_override_counter":{"override_view_counter":"0","view_counter_number":"0","override_share_counter":"0","share_counter_number":"0","override_like_counter":"0","like_counter_number":"0","override_dislike_counter":"0","dislike_counter_number":"0"},"jnews_post_split":{"enable_post_split":"0","post_split":[{"template":"1","tag":"h2","numbering":"asc","mode":"normal","first":"0","enable_toc":"0","toc_type":"normal"}]},"footnotes":""},"categories":[108],"tags":[],"class_list":["post-38491","post","type-post","status-publish","format-standard","has-post-thumbnail","hentry","category-internacional"],"jetpack_featured_media_url":"https:\/\/atecordoba.org\/wp-content\/uploads\/2023\/08\/fede-al-amigo-e1693325617410.jpg","_links":{"self":[{"href":"https:\/\/atecordoba.org\/index.php?rest_route=\/wp\/v2\/posts\/38491","targetHints":{"allow":["GET"]}}],"collection":[{"href":"https:\/\/atecordoba.org\/index.php?rest_route=\/wp\/v2\/posts"}],"about":[{"href":"https:\/\/atecordoba.org\/index.php?rest_route=\/wp\/v2\/types\/post"}],"author":[{"embeddable":true,"href":"https:\/\/atecordoba.org\/index.php?rest_route=\/wp\/v2\/users\/7"}],"replies":[{"embeddable":true,"href":"https:\/\/atecordoba.org\/index.php?rest_route=%2Fwp%2Fv2%2Fcomments&post=38491"}],"version-history":[{"count":2,"href":"https:\/\/atecordoba.org\/index.php?rest_route=\/wp\/v2\/posts\/38491\/revisions"}],"predecessor-version":[{"id":38498,"href":"https:\/\/atecordoba.org\/index.php?rest_route=\/wp\/v2\/posts\/38491\/revisions\/38498"}],"wp:featuredmedia":[{"embeddable":true,"href":"https:\/\/atecordoba.org\/index.php?rest_route=\/wp\/v2\/media\/38496"}],"wp:attachment":[{"href":"https:\/\/atecordoba.org\/index.php?rest_route=%2Fwp%2Fv2%2Fmedia&parent=38491"}],"wp:term":[{"taxonomy":"category","embeddable":true,"href":"https:\/\/atecordoba.org\/index.php?rest_route=%2Fwp%2Fv2%2Fcategories&post=38491"},{"taxonomy":"post_tag","embeddable":true,"href":"https:\/\/atecordoba.org\/index.php?rest_route=%2Fwp%2Fv2%2Ftags&post=38491"}],"curies":[{"name":"wp","href":"https:\/\/api.w.org\/{rel}","templated":true}]}}