{"id":38486,"date":"2023-08-28T16:14:05","date_gmt":"2023-08-28T19:14:05","guid":{"rendered":"https:\/\/atecordoba.org\/?p=38486"},"modified":"2023-08-28T16:14:06","modified_gmt":"2023-08-28T19:14:06","slug":"cura-brochero-ate-logro-dos-reincorporaciones-y-va-por-mas","status":"publish","type":"post","link":"https:\/\/atecordoba.org\/?p=38486","title":{"rendered":"Cura Brochero: ATE logr\u00f3 dos reincorporaciones y va por m\u00e1s"},"content":{"rendered":"<div class=\"wp-block-image\">\n<figure class=\"aligncenter size-large is-resized\"><img loading=\"lazy\" decoding=\"async\" src=\"https:\/\/atecordoba.org\/wp-content\/uploads\/2023\/08\/WhatsApp-Image-2023-08-28-at-15.12.11-1024x771.jpeg\" alt=\"\" class=\"wp-image-38488\" width=\"768\" height=\"578\" srcset=\"https:\/\/atecordoba.org\/wp-content\/uploads\/2023\/08\/WhatsApp-Image-2023-08-28-at-15.12.11-1024x771.jpeg 1024w, https:\/\/atecordoba.org\/wp-content\/uploads\/2023\/08\/WhatsApp-Image-2023-08-28-at-15.12.11-300x226.jpeg 300w, https:\/\/atecordoba.org\/wp-content\/uploads\/2023\/08\/WhatsApp-Image-2023-08-28-at-15.12.11-768x578.jpeg 768w, https:\/\/atecordoba.org\/wp-content\/uploads\/2023\/08\/WhatsApp-Image-2023-08-28-at-15.12.11-1536x1156.jpeg 1536w, https:\/\/atecordoba.org\/wp-content\/uploads\/2023\/08\/WhatsApp-Image-2023-08-28-at-15.12.11-750x564.jpeg 750w, https:\/\/atecordoba.org\/wp-content\/uploads\/2023\/08\/WhatsApp-Image-2023-08-28-at-15.12.11-1140x858.jpeg 1140w, https:\/\/atecordoba.org\/wp-content\/uploads\/2023\/08\/WhatsApp-Image-2023-08-28-at-15.12.11.jpeg 1600w\" sizes=\"auto, (max-width: 768px) 100vw, 768px\" \/><\/figure>\n<\/div>\n\n\n<p>En una audiencia mantenida el viernes pasado con el intendente Carlos Oviedo, ATE C\u00f3rdoba logr\u00f3 la reincorporaci\u00f3n de dos afiliados municipales que hab\u00edan sido despedidos en julio. <\/p>\n\n\n\n<p>Se trata de Juan Tapia, del \u00e1rea de Servicios P\u00fablicos, y Mar\u00eda Andrea Villarreal, de Salas Cunas, que recuperan sus puestos de trabajo tras una negociaci\u00f3n, donde el intendente Oviedo acept\u00f3 que retomen tareas en primer t\u00e9rmino, por tratarse de un compa\u00f1ero discapacitado y una compa\u00f1era con una grave enfermedad.<\/p>\n\n\n\n<p>La delegaci\u00f3n de ATE estuvo encabezada por el secretario Gremial electo de ATE C\u00f3rdoba, Jorge Chalup, junto a su par de Organizaci\u00f3n, Javier Bracamonte, y dirigentes de ATE Traslasierra.<\/p>\n\n\n\n<p>De esta forma comienza a recuperarse puestos de trabajo de las y los afiliados de ATE que sufrieron despidos arbitrarios y sin causa en Villa Cura Brochero.<\/p>\n\n\n\n<p>El pr\u00f3ximo jueves 31 de agosto seguir\u00e1n las negociaci\u00f3n para tratar la reincorporaci\u00f3n del resto de las y los trabajadores despedidos.<\/p>\n","protected":false},"excerpt":{"rendered":"<p>En una audiencia mantenida el viernes pasado con el intendente Carlos Oviedo, ATE C\u00f3rdoba logr\u00f3 la reincorporaci\u00f3n de dos afiliados municipales que hab\u00edan sido despedidos en julio. Se trata de Juan Tapia, del \u00e1rea de Servicios P\u00fablicos, y Mar\u00eda Andrea Villarreal, de Salas Cunas, que recuperan sus puestos de trabajo tras una negociaci\u00f3n, donde el [&hellip;]<\/p>\n","protected":false},"author":7,"featured_media":38489,"comment_status":"open","ping_status":"open","sticky":false,"template":"","format":"standard","meta":{"_exactmetrics_skip_tracking":false,"_exactmetrics_sitenote_active":false,"_exactmetrics_sitenote_note":"","_exactmetrics_sitenote_category":0,"jnews-multi-image_gallery":[],"jnews_single_post":{"subtitle":"Se trata de Juan Tapia, del \u00e1rea de Servicios P\u00fablicos, y Mar\u00eda Andrea Villarreal, de Salas Cunas, que recuperan sus puestos de trabajo tras una negociaci\u00f3n, donde el intendente Oviedo acept\u00f3 que retomen tareas en primer t\u00e9rmino, por tratarse de un compa\u00f1ero discapacitado y una compa\u00f1era con una grave enfermedad.","format":"standard","video":"","gallery":"","source_name":"","source_url":"","via_name":"","via_url":"","override_template":"0","override":[{"template":"1","single_blog_custom":"","parallax":"1","fullscreen":"1","layout":"no-sidebar-narrow","sidebar":"default-sidebar","second_sidebar":"default-sidebar","sticky_sidebar":"1","share_position":"bottom","share_float_style":"share-monocrhome","show_share_counter":"1","show_view_counter":"1","show_featured":"0","show_post_meta":"1","show_post_author":"0","show_post_author_image":"1","show_post_date":"1","post_date_format":"default","post_date_format_custom":"Y\/m\/d","show_post_category":"1","show_post_reading_time":"0","post_reading_time_wpm":"300","show_zoom_button":"0","zoom_button_out_step":"2","zoom_button_in_step":"3","show_post_tag":"1","show_prev_next_post":"0","show_popup_post":"0","number_popup_post":"1","show_author_box":"0","show_post_related":"1","show_inline_post_related":"0"}],"override_image_size":"0","image_override":[{"single_post_thumbnail_size":"crop-500","single_post_gallery_size":"crop-500"}],"trending_post":"0","trending_post_position":"meta","trending_post_label":"Trending","sponsored_post":"0","sponsored_post_label":"Sponsored by","sponsored_post_name":"","sponsored_post_url":"","sponsored_post_logo_enable":"0","sponsored_post_logo":"","sponsored_post_desc":"","disable_ad":"0"},"jnews_primary_category":{"id":"","hide":""},"jnews_social_meta":{"fb_title":"","fb_description":"","fb_image":"","twitter_title":"","twitter_description":"","twitter_image":""},"jnews_review":[],"enable_review":"0","type":"percentage","name":"","summary":"","brand":"","sku":"","good":[{"good_text":""}],"bad":[{"bad_text":""}],"score_override":"","override_value":"","rating":[{"rating_text":"","rating_number":"10"}],"price":[{"shop":"","price":"","link":"","icon":""}],"jnews_override_counter":{"override_view_counter":"0","view_counter_number":"0","override_share_counter":"0","share_counter_number":"0","override_like_counter":"0","like_counter_number":"0","override_dislike_counter":"0","dislike_counter_number":"0"},"jnews_post_split":{"enable_post_split":"0","post_split":[{"template":"1","tag":"h2","numbering":"asc","mode":"normal","first":"0","enable_toc":"0","toc_type":"normal"}]},"footnotes":""},"categories":[20],"tags":[],"class_list":["post-38486","post","type-post","status-publish","format-standard","has-post-thumbnail","hentry","category-municipales"],"jetpack_featured_media_url":"https:\/\/atecordoba.org\/wp-content\/uploads\/2023\/08\/brocheroportada.jpeg","_links":{"self":[{"href":"https:\/\/atecordoba.org\/index.php?rest_route=\/wp\/v2\/posts\/38486","targetHints":{"allow":["GET"]}}],"collection":[{"href":"https:\/\/atecordoba.org\/index.php?rest_route=\/wp\/v2\/posts"}],"about":[{"href":"https:\/\/atecordoba.org\/index.php?rest_route=\/wp\/v2\/types\/post"}],"author":[{"embeddable":true,"href":"https:\/\/atecordoba.org\/index.php?rest_route=\/wp\/v2\/users\/7"}],"replies":[{"embeddable":true,"href":"https:\/\/atecordoba.org\/index.php?rest_route=%2Fwp%2Fv2%2Fcomments&post=38486"}],"version-history":[{"count":1,"href":"https:\/\/atecordoba.org\/index.php?rest_route=\/wp\/v2\/posts\/38486\/revisions"}],"predecessor-version":[{"id":38490,"href":"https:\/\/atecordoba.org\/index.php?rest_route=\/wp\/v2\/posts\/38486\/revisions\/38490"}],"wp:featuredmedia":[{"embeddable":true,"href":"https:\/\/atecordoba.org\/index.php?rest_route=\/wp\/v2\/media\/38489"}],"wp:attachment":[{"href":"https:\/\/atecordoba.org\/index.php?rest_route=%2Fwp%2Fv2%2Fmedia&parent=38486"}],"wp:term":[{"taxonomy":"category","embeddable":true,"href":"https:\/\/atecordoba.org\/index.php?rest_route=%2Fwp%2Fv2%2Fcategories&post=38486"},{"taxonomy":"post_tag","embeddable":true,"href":"https:\/\/atecordoba.org\/index.php?rest_route=%2Fwp%2Fv2%2Ftags&post=38486"}],"curies":[{"name":"wp","href":"https:\/\/api.w.org\/{rel}","templated":true}]}}