{"id":3845,"date":"2014-02-28T16:11:43","date_gmt":"2014-02-28T19:11:43","guid":{"rendered":"http:\/\/www.atecordoba.org\/?p=3845"},"modified":"2014-02-28T16:11:43","modified_gmt":"2014-02-28T19:11:43","slug":"hospitales-rechazaron-en-asamblea-la-recomposicion-salarial-por-insuficiente","status":"publish","type":"post","link":"https:\/\/atecordoba.org\/?p=3845","title":{"rendered":"Hospitales rechazaron en asamblea la recomposici\u00f3n salarial por insuficiente"},"content":{"rendered":"<p><em>En una numerosa asamblea realizada ayer, delegados de diversos hospitales declararon insuficiente la oferta salarial que firmaron otros gremios estatales y dieron mandato a ATE para continuar reclamando un salario digno. Los delegados ratificaron la\u00a0adhesi\u00f3n\u00a0al paro nacional de ATE del 5 de\u00a0marzo.<\/em><\/p>\n<p style=\"text-align: center;\"><a href=\"http:\/\/www.atecordoba.org\/wp-content\/uploads\/2014\/02\/asamblea-1.png\"><img loading=\"lazy\" decoding=\"async\" class=\"aligncenter size-full wp-image-3846\" alt=\"asamblea 1\" src=\"http:\/\/www.atecordoba.org\/wp-content\/uploads\/2014\/02\/asamblea-1.png\" width=\"639\" height=\"422\" \/><\/a><\/p>\n<p>La asamblea se inicio alrededor de las 11 horas en el Polo Sanitario, frente al hospital San Roque. Al hacer uso de la palabra, los delegados de los distintos hospitales detallaron como reaccionaron las asambleas de cada lugar de trabajo, rechazando por insuficiente la recomposici\u00f3n salarial firmada por el gobierno provincial con otros gremios con representaci\u00f3n en el Estado provincial.<\/p>\n<p>&#8220;Si no cubrimos la canasta familiar no alcanza&#8221;, fue el grito generalizado.<\/p>\n<p>En ese marco, la secretaria General de ATE C\u00f3rdoba, Mar\u00eda Teresa Romero, dio cuenta de la posici\u00f3n de nuestra conducci\u00f3n, que anteayer ya se <a href=\"http:\/\/www.atecordoba.org\/wp-content\/uploads\/2014\/02\/asamblea-2.png\"><img loading=\"lazy\" decoding=\"async\" class=\"aligncenter size-full wp-image-3848\" alt=\"asamblea 2\" src=\"http:\/\/www.atecordoba.org\/wp-content\/uploads\/2014\/02\/asamblea-2.png\" width=\"639\" height=\"336\" \/><\/a>hab\u00eda expresado en contra de la oferta, pero supeditando la decisi\u00f3n final a la opini\u00f3n de los compa\u00f1eros de cada hospital.<\/p>\n<p>De todas formas, Romero no dej\u00f3 de reconocer que el aumento ha tenido aceptaci\u00f3n en una gran parte de los trabajadores provinciales y que la tarea ahora es &#8220;mantener la organizaci\u00f3n y acrecentar el contacto con los trabajadores para tener la fuerza necesaria cuando volvamos a poner los reclamos en la calle. Hemos tenido la posici\u00f3n correcta porque luchamos por un sueldo digno en un de las provincias mas caras del pa\u00eds&#8221;.<\/p>\n<p>Y agreg\u00f3: &#8220;en poco tiempo vamos a ver como la inflaci\u00f3n se comi\u00f3 esta magra recomposici\u00f3n, para eso tenemos que estar m\u00e1s preparados que nunca&#8221;.<\/p>\n<p>Todos los presentes valoraron el avance de nuestro gremio en estos meses de lucha que dieron por resultado el reconocimiento institucional a ATE de parte del gobierno provincial, al punto que fue convocado a la discusi\u00f3n salarial de este a\u00f1o. Esto tambi\u00e9n se expresa en el crecimiento acelerado de las afiliaciones entre los provinciales.<\/p>\n<h2>Paro nacional el 5 de marzo<\/h2>\n<p>Por otro lado, los compa\u00f1eros presentes avalaron masivamente el paro nacional del pr\u00f3ximo 5 de marzo. \u00a0La medida de protesta se lleva a cabo en el marco de un plan de lucha establecido por nuestra conducci\u00f3n nacional, en reclamo de:<\/p>\n<ul>\n<li>35% aumento salarial en un solo pago.<\/li>\n<li>pago de $2500 para recomposici\u00f3n salarial hasta que se haga la paritaria nacional.<\/li>\n<li>paritarias libres semestrales.<\/li>\n<li>pase a planta de todos los contratados (becarios, voluntarios rentados, monotributistas, pasantes, contratados bajo el art. 9 del cct).<\/li>\n<li>convenios sectoriales por organismos.<\/li>\n<li>sueldo inicial igual a canasta familiar $9780.<\/li>\n<li>82% m\u00f3vil para todos los jubilados.<\/li>\n<li>derogaci\u00f3n del impuesto a las ganancias.<\/li>\n<\/ul>\n<p>El paro se llevar\u00e1 a cabo a partir de las 0 horas del mi\u00e9rcoles, con abandono de tareas a las 9 y concentraci\u00f3n de nuestra sede, Paran\u00e1 140.<\/p>\n<p style=\"text-align: center;\"><a href=\"http:\/\/www.atecordoba.org\/wp-content\/uploads\/2014\/02\/paro-nacional-5-de-marzo.jpg\"><img loading=\"lazy\" decoding=\"async\" class=\"aligncenter  wp-image-3849\" alt=\"paro nacional 5 de marzo\" src=\"http:\/\/www.atecordoba.org\/wp-content\/uploads\/2014\/02\/paro-nacional-5-de-marzo.jpg\" width=\"662\" height=\"439\" \/><\/a><\/p>\n","protected":false},"excerpt":{"rendered":"<p>En una numerosa asamblea realizada ayer, delegados de diversos hospitales declararon insuficiente la oferta salarial que firmaron otros gremios estatales y dieron mandato a ATE para continuar reclamando un salario digno. Los delegados ratificaron la\u00a0adhesi\u00f3n\u00a0al paro nacional de ATE del 5 de\u00a0marzo. La asamblea se inicio alrededor de las 11 horas en el Polo Sanitario, [&hellip;]<\/p>\n","protected":false},"author":1,"featured_media":19220,"comment_status":"open","ping_status":"open","sticky":false,"template":"","format":"standard","meta":{"_exactmetrics_skip_tracking":false,"_exactmetrics_sitenote_active":false,"_exactmetrics_sitenote_note":"","_exactmetrics_sitenote_category":0,"jnews-multi-image_gallery":[],"jnews_single_post":[],"jnews_primary_category":[],"jnews_social_meta":[],"jnews_review":[],"enable_review":"","type":"","name":"","summary":"","brand":"","sku":"","good":[],"bad":[],"score_override":"","override_value":"","rating":[],"price":[],"jnews_override_counter":[],"jnews_post_split":[],"footnotes":""},"categories":[7,8],"tags":[],"class_list":["post-3845","post","type-post","status-publish","format-standard","has-post-thumbnail","hentry","category-hospitales","category-provinciales"],"jetpack_featured_media_url":"https:\/\/atecordoba.org\/wp-content\/uploads\/2020\/05\/logo-nuevochico-e1561581322808.png","_links":{"self":[{"href":"https:\/\/atecordoba.org\/index.php?rest_route=\/wp\/v2\/posts\/3845","targetHints":{"allow":["GET"]}}],"collection":[{"href":"https:\/\/atecordoba.org\/index.php?rest_route=\/wp\/v2\/posts"}],"about":[{"href":"https:\/\/atecordoba.org\/index.php?rest_route=\/wp\/v2\/types\/post"}],"author":[{"embeddable":true,"href":"https:\/\/atecordoba.org\/index.php?rest_route=\/wp\/v2\/users\/1"}],"replies":[{"embeddable":true,"href":"https:\/\/atecordoba.org\/index.php?rest_route=%2Fwp%2Fv2%2Fcomments&post=3845"}],"version-history":[{"count":0,"href":"https:\/\/atecordoba.org\/index.php?rest_route=\/wp\/v2\/posts\/3845\/revisions"}],"wp:featuredmedia":[{"embeddable":true,"href":"https:\/\/atecordoba.org\/index.php?rest_route=\/wp\/v2\/media\/19220"}],"wp:attachment":[{"href":"https:\/\/atecordoba.org\/index.php?rest_route=%2Fwp%2Fv2%2Fmedia&parent=3845"}],"wp:term":[{"taxonomy":"category","embeddable":true,"href":"https:\/\/atecordoba.org\/index.php?rest_route=%2Fwp%2Fv2%2Fcategories&post=3845"},{"taxonomy":"post_tag","embeddable":true,"href":"https:\/\/atecordoba.org\/index.php?rest_route=%2Fwp%2Fv2%2Ftags&post=3845"}],"curies":[{"name":"wp","href":"https:\/\/api.w.org\/{rel}","templated":true}]}}