{"id":38448,"date":"2023-08-28T10:16:34","date_gmt":"2023-08-28T13:16:34","guid":{"rendered":"https:\/\/atecordoba.org\/?p=38448"},"modified":"2023-08-28T10:16:34","modified_gmt":"2023-08-28T13:16:34","slug":"aguiar-el-bono-de-60-000-es-insuficiente-para-compensar-la-devaluacion","status":"publish","type":"post","link":"https:\/\/atecordoba.org\/?p=38448","title":{"rendered":"Aguiar: \u201cel Bono de $60.000 es insuficiente para compensar la devaluaci\u00f3n\u201d"},"content":{"rendered":"<div class=\"wp-block-image\">\n<figure class=\"alignleft size-large is-resized\"><img loading=\"lazy\" decoding=\"async\" src=\"https:\/\/atecordoba.org\/wp-content\/uploads\/2023\/08\/rodyaguiar-1024x683.jpg\" alt=\"\" class=\"wp-image-38449\" width=\"512\" height=\"342\" \/><\/figure>\n<\/div>\n\n\n<p>El Secretario General electo de ATE,&nbsp;Rodolfo Aguiar, evalu\u00f3 que la suma fija de $60.000&nbsp;anunciada por el Ministro de Econom\u00eda, Sergio Massa, para trabajadores de la Administraci\u00f3n P\u00fablica Nacional&nbsp;resulta \u201cinsuficiente para restituir el poder de compra perdido a partir de la devaluaci\u00f3n\u201d&nbsp;y dispar\u00f3:&nbsp;\u201cEstamos frente a un parche y no una decisi\u00f3n que permita mejorar las condiciones de vida de todos los trabajadores que se encuentran debajo de la L\u00ednea de la Pobreza\u201d.<\/p>\n\n\n\n<p>\u201cNo repara lo perdido hasta aqu\u00ed por la inflaci\u00f3n. Que sea por \u00fanica vez, se pague en cuotas y se excluya a un universo importante de trabajadores, lo convierte en un fuerte condicionamiento para todas las negociaciones salariales. Reclamamos la urgente reapertura de las paritarias. Seguimos exigiendo una suma fija de car\u00e1cter permanente que garantice que ning\u00fan estatal quede por debajo de la l\u00ednea de la pobreza\u201d, indic\u00f3 el dirigente en referencia a los condicionantes de la medida: A entregarse en los meses de septiembre y octubre, s\u00f3lo para los ingresos menores a $400.000 y absorbible por las paritarias.<\/p>\n\n\n\n<p>En este sentido, Aguiar consider\u00f3 que&nbsp;\u201cesta suma se ver\u00e1 r\u00e1pidamente licuada frente a un proceso inflacionario en alza y precios de productos, bienes y servicios que no paran de aumentar\u201d.<\/p>\n\n\n\n<p>Cabe destacar que la medida s\u00f3lo alcanza a la Administraci\u00f3n P\u00fablica Nacional, por lo que Aguiar apunt\u00f3: \u201cLa situaci\u00f3n de los asalariados es grave y el nivel de endeudamiento de las familias trabajadoras preocupante. Aunque se trate de un anuncio que no satisface las expectativas que nos hab\u00edamos generado, las provincias y los municipios deben instrumentarlo. Los empleados municipales est\u00e1n dentro de los m\u00e1s postergados y podr\u00eda funcionar como un alivio moment\u00e1neo\u201d.<\/p>\n","protected":false},"excerpt":{"rendered":"<p>El Secretario General electo de ATE,&nbsp;Rodolfo Aguiar, evalu\u00f3 que la suma fija de $60.000&nbsp;anunciada por el Ministro de Econom\u00eda, Sergio Massa, para trabajadores de la Administraci\u00f3n P\u00fablica Nacional&nbsp;resulta \u201cinsuficiente para restituir el poder de compra perdido a partir de la devaluaci\u00f3n\u201d&nbsp;y dispar\u00f3:&nbsp;\u201cEstamos frente a un parche y no una decisi\u00f3n que permita mejorar las condiciones [&hellip;]<\/p>\n","protected":false},"author":7,"featured_media":38449,"comment_status":"open","ping_status":"open","sticky":false,"template":"","format":"standard","meta":{"_exactmetrics_skip_tracking":false,"_exactmetrics_sitenote_active":false,"_exactmetrics_sitenote_note":"","_exactmetrics_sitenote_category":0,"jnews-multi-image_gallery":[],"jnews_single_post":{"subtitle":"Aguiar consider\u00f3 que\u00a0\u201cesta suma se ver\u00e1 r\u00e1pidamente licuada frente a un proceso inflacionario en alza y precios de productos, bienes y servicios que no paran de aumentar\u201d.","format":"standard","video":"","gallery":"","source_name":"","source_url":"","via_name":"","via_url":"","override_template":"0","override":[{"template":"1","single_blog_custom":"","parallax":"1","fullscreen":"1","layout":"no-sidebar-narrow","sidebar":"default-sidebar","second_sidebar":"default-sidebar","sticky_sidebar":"1","share_position":"bottom","share_float_style":"share-monocrhome","show_share_counter":"1","show_view_counter":"1","show_featured":"0","show_post_meta":"1","show_post_author":"0","show_post_author_image":"1","show_post_date":"1","post_date_format":"default","post_date_format_custom":"Y\/m\/d","show_post_category":"1","show_post_reading_time":"0","post_reading_time_wpm":"300","show_zoom_button":"0","zoom_button_out_step":"2","zoom_button_in_step":"3","show_post_tag":"1","show_prev_next_post":"0","show_popup_post":"0","number_popup_post":"1","show_author_box":"0","show_post_related":"1","show_inline_post_related":"0"}],"override_image_size":"0","image_override":[{"single_post_thumbnail_size":"crop-500","single_post_gallery_size":"crop-500"}],"trending_post":"0","trending_post_position":"meta","trending_post_label":"Trending","sponsored_post":"0","sponsored_post_label":"Sponsored by","sponsored_post_name":"","sponsored_post_url":"","sponsored_post_logo_enable":"0","sponsored_post_logo":"","sponsored_post_desc":"","disable_ad":"0"},"jnews_primary_category":{"id":"","hide":""},"jnews_social_meta":{"fb_title":"","fb_description":"","fb_image":"","twitter_title":"","twitter_description":"","twitter_image":""},"jnews_review":[],"enable_review":"0","type":"percentage","name":"","summary":"","brand":"","sku":"","good":[{"good_text":""}],"bad":[{"bad_text":""}],"score_override":"","override_value":"","rating":[{"rating_text":"","rating_number":"10"}],"price":[{"shop":"","price":"","link":"","icon":""}],"jnews_override_counter":{"override_view_counter":"0","view_counter_number":"0","override_share_counter":"0","share_counter_number":"0","override_like_counter":"0","like_counter_number":"0","override_dislike_counter":"0","dislike_counter_number":"0"},"jnews_post_split":{"enable_post_split":"0","post_split":[{"template":"1","tag":"h2","numbering":"asc","mode":"normal","first":"0","enable_toc":"0","toc_type":"normal"}]},"footnotes":""},"categories":[756],"tags":[],"class_list":["post-38448","post","type-post","status-publish","format-standard","has-post-thumbnail","hentry","category-consejo-directivo-nacional-cdn"],"jetpack_featured_media_url":"https:\/\/atecordoba.org\/wp-content\/uploads\/2023\/08\/rodyaguiar-e1693228589679.jpg","_links":{"self":[{"href":"https:\/\/atecordoba.org\/index.php?rest_route=\/wp\/v2\/posts\/38448","targetHints":{"allow":["GET"]}}],"collection":[{"href":"https:\/\/atecordoba.org\/index.php?rest_route=\/wp\/v2\/posts"}],"about":[{"href":"https:\/\/atecordoba.org\/index.php?rest_route=\/wp\/v2\/types\/post"}],"author":[{"embeddable":true,"href":"https:\/\/atecordoba.org\/index.php?rest_route=\/wp\/v2\/users\/7"}],"replies":[{"embeddable":true,"href":"https:\/\/atecordoba.org\/index.php?rest_route=%2Fwp%2Fv2%2Fcomments&post=38448"}],"version-history":[{"count":1,"href":"https:\/\/atecordoba.org\/index.php?rest_route=\/wp\/v2\/posts\/38448\/revisions"}],"predecessor-version":[{"id":38450,"href":"https:\/\/atecordoba.org\/index.php?rest_route=\/wp\/v2\/posts\/38448\/revisions\/38450"}],"wp:featuredmedia":[{"embeddable":true,"href":"https:\/\/atecordoba.org\/index.php?rest_route=\/wp\/v2\/media\/38449"}],"wp:attachment":[{"href":"https:\/\/atecordoba.org\/index.php?rest_route=%2Fwp%2Fv2%2Fmedia&parent=38448"}],"wp:term":[{"taxonomy":"category","embeddable":true,"href":"https:\/\/atecordoba.org\/index.php?rest_route=%2Fwp%2Fv2%2Fcategories&post=38448"},{"taxonomy":"post_tag","embeddable":true,"href":"https:\/\/atecordoba.org\/index.php?rest_route=%2Fwp%2Fv2%2Ftags&post=38448"}],"curies":[{"name":"wp","href":"https:\/\/api.w.org\/{rel}","templated":true}]}}