{"id":3841,"date":"2014-02-26T18:13:00","date_gmt":"2014-02-26T21:13:00","guid":{"rendered":"http:\/\/www.atecordoba.org\/?p=3841"},"modified":"2014-02-26T18:13:00","modified_gmt":"2014-02-26T21:13:00","slug":"delegados-de-sectores-nacionales-ratificaron-hoy-en-un-plenario-el-paro-nacional-del-5-de-marzo","status":"publish","type":"post","link":"https:\/\/atecordoba.org\/?p=3841","title":{"rendered":"Delegados de sectores nacionales ratificaron hoy en un plenario el paro nacional del 5 de marzo"},"content":{"rendered":"<p><em>En la ma\u00f1ana de hoy delegados de las distintas reparticiones del Estado nacional realizaron un plenario donde ratificaron el paro dispuesto por el Concejo Directivo Nacional para el pr\u00f3ximo 5 de marzo. Paritarias sin techo semestrales y una recomposici\u00f3n de 2500 pesos retroactivo a enero al tope de los reclamos.<\/em><\/p>\n<p><a href=\"http:\/\/www.atecordoba.org\/wp-content\/uploads\/2013\/09\/IOSE-2-e1381870441875.jpg\"><img loading=\"lazy\" decoding=\"async\" class=\"aligncenter size-full wp-image-3342\" alt=\"IOSE 2\" src=\"http:\/\/www.atecordoba.org\/wp-content\/uploads\/2013\/09\/IOSE-2-e1381870441875.jpg\" width=\"400\" height=\"300\" \/><\/a><\/p>\n<p>&nbsp;<\/p>\n<p>En la ocasi\u00f3n estuvieron presentes compa\u00f1eros\u00a0representantes de: ANSES, PAMI, ANAC, SENASA, INTI, CNC, PARQUES NACIONALES, IOSE, PERSONAL CIVIL DE FFAA, ESCUELA SUBOFICIALES, DESARROLLO SOCIAL, DIOXITEX, IUA y UNC.<\/p>\n<p>Se inici\u00f3 el plenario con la palabra de nuestra secretaria General del CDP, Mar\u00eda Teresa Romero, que hizo un resumen sobre el estado de precarizaci\u00f3n laboral en el Estado Nacional, con cerca de 80.000 compa\u00f1eros en todo el pa\u00eds que carecen de estabilidad laboral, de salarios y condiciones de trabajo conforme la legislaci\u00f3n vigente.<\/p>\n<p>Acto seguido, Romero se rifiri\u00f3 a la situaci\u00f3n pol\u00edtica nacional y provincial, donde qued\u00f3 claro que m\u00e1s all\u00e1 de las diferencias entre las administraciones tienen un acuerdo respecto al trato de dan a los trabajadores. &#8220;ATE mantendr\u00e1 la postura en defensa del salario y las condiciones <a href=\"http:\/\/www.atecordoba.org\/wp-content\/uploads\/2014\/02\/IMG_5706.jpg\"><img loading=\"lazy\" decoding=\"async\" class=\" wp-image-3842 alignright\" alt=\"IMG_5706\" src=\"http:\/\/www.atecordoba.org\/wp-content\/uploads\/2014\/02\/IMG_5706.jpg\" width=\"384\" height=\"288\" \/><\/a>de trabajo como exigen nuestros afiliados&#8221;, se\u00f1al\u00f3 la dirigente.<\/p>\n<p>Seguidamente el plenario abord\u00f3 el Paro Nacional del 5 de Marzo, analizando la necesidad de plegarse a distintos sectores docentes para hacer una sola movilizaci\u00f3n convocante, y la conveniencia de posicionarse con propuesta de los trabajadores antes de las paritarias nacionales.<\/p>\n<p>Luego se hizo un an\u00e1lisis de los distintos sectores participantes encarando las discusiones respecto de la pauta salarial para este a\u00f1o y la modalidad para la medida de fuerza.<\/p>\n<p>En la misma l\u00ednea,\u00a0un plenario de delegados provinciales realizado ayer, adhiri\u00f3 a la medida en consonancia con los reclamos que ATE viene realizando al gobierno provincial.<\/p>\n<p><strong>Conclusiones del plenario:<\/strong><\/p>\n<ul>\n<li>adherir al paro nacional de ate con paro activo con abandono de tareas y concentracion a partir de las 9hs en el sindicato, con las siguientes consignas:<\/li>\n<li>35% aumento salarial en un solo pago.<\/li>\n<li>pago de $2500 para recomposici\u00f3n salarial hasta que se haga la paritaria nacional.<\/li>\n<li>paritarias libres semestrales.<\/li>\n<li>pase a planta de todos los contratados (becarios, voluntarios rentados, monotributistas, pasantes, contratados bajo el art. 9 del cct).<\/li>\n<li>convenios sectoriales por organismos.<\/li>\n<li>sueldo inicial igual a canasta familiar $9780.<\/li>\n<li>82% m\u00f3vil para todos los jubilados.<\/li>\n<li>derogaci\u00f3n del impuesto a las ganancias.<\/li>\n<\/ul>\n","protected":false},"excerpt":{"rendered":"<p>En la ma\u00f1ana de hoy delegados de las distintas reparticiones del Estado nacional realizaron un plenario donde ratificaron el paro dispuesto por el Concejo Directivo Nacional para el pr\u00f3ximo 5 de marzo. Paritarias sin techo semestrales y una recomposici\u00f3n de 2500 pesos retroactivo a enero al tope de los reclamos. &nbsp; En la ocasi\u00f3n estuvieron [&hellip;]<\/p>\n","protected":false},"author":1,"featured_media":19220,"comment_status":"open","ping_status":"open","sticky":false,"template":"","format":"standard","meta":{"_exactmetrics_skip_tracking":false,"_exactmetrics_sitenote_active":false,"_exactmetrics_sitenote_note":"","_exactmetrics_sitenote_category":0,"jnews-multi-image_gallery":[],"jnews_single_post":[],"jnews_primary_category":[],"jnews_social_meta":[],"jnews_review":[],"enable_review":"","type":"","name":"","summary":"","brand":"","sku":"","good":[],"bad":[],"score_override":"","override_value":"","rating":[],"price":[],"jnews_override_counter":[],"jnews_post_split":[],"footnotes":""},"categories":[18],"tags":[],"class_list":["post-3841","post","type-post","status-publish","format-standard","has-post-thumbnail","hentry","category-nacionales"],"jetpack_featured_media_url":"https:\/\/atecordoba.org\/wp-content\/uploads\/2020\/05\/logo-nuevochico-e1561581322808.png","_links":{"self":[{"href":"https:\/\/atecordoba.org\/index.php?rest_route=\/wp\/v2\/posts\/3841","targetHints":{"allow":["GET"]}}],"collection":[{"href":"https:\/\/atecordoba.org\/index.php?rest_route=\/wp\/v2\/posts"}],"about":[{"href":"https:\/\/atecordoba.org\/index.php?rest_route=\/wp\/v2\/types\/post"}],"author":[{"embeddable":true,"href":"https:\/\/atecordoba.org\/index.php?rest_route=\/wp\/v2\/users\/1"}],"replies":[{"embeddable":true,"href":"https:\/\/atecordoba.org\/index.php?rest_route=%2Fwp%2Fv2%2Fcomments&post=3841"}],"version-history":[{"count":0,"href":"https:\/\/atecordoba.org\/index.php?rest_route=\/wp\/v2\/posts\/3841\/revisions"}],"wp:featuredmedia":[{"embeddable":true,"href":"https:\/\/atecordoba.org\/index.php?rest_route=\/wp\/v2\/media\/19220"}],"wp:attachment":[{"href":"https:\/\/atecordoba.org\/index.php?rest_route=%2Fwp%2Fv2%2Fmedia&parent=3841"}],"wp:term":[{"taxonomy":"category","embeddable":true,"href":"https:\/\/atecordoba.org\/index.php?rest_route=%2Fwp%2Fv2%2Fcategories&post=3841"},{"taxonomy":"post_tag","embeddable":true,"href":"https:\/\/atecordoba.org\/index.php?rest_route=%2Fwp%2Fv2%2Ftags&post=3841"}],"curies":[{"name":"wp","href":"https:\/\/api.w.org\/{rel}","templated":true}]}}