{"id":3839,"date":"2014-02-26T17:47:02","date_gmt":"2014-02-26T20:47:02","guid":{"rendered":"http:\/\/www.atecordoba.org\/?p=3839"},"modified":"2014-02-26T17:47:02","modified_gmt":"2014-02-26T20:47:02","slug":"rechazo-de-la-oferta-salarial-de-la-provincia-por-insuficiente","status":"publish","type":"post","link":"https:\/\/atecordoba.org\/?p=3839","title":{"rendered":"Rechazo de la oferta salarial de la provincia por insuficiente"},"content":{"rendered":"<p style=\"text-align: left;\" align=\"center\"><em>El Concejo Directivo Provincial de ATE resolvi\u00f3 rechazar por insuficiente la propuesta de recomposici\u00f3n salarial brindada esta ma\u00f1ana en Casa de Gobierno por el ministro de Administraci\u00f3n Manuel Calvo.<\/em><\/p>\n<p style=\"text-align: center;\" align=\"center\"><a href=\"http:\/\/www.atecordoba.org\/wp-content\/uploads\/2014\/01\/cuerpo-delegados-salud-9-1.png\"><img loading=\"lazy\" decoding=\"async\" class=\"aligncenter  wp-image-3766\" alt=\"cuerpo delegados salud 9-1\" src=\"http:\/\/www.atecordoba.org\/wp-content\/uploads\/2014\/01\/cuerpo-delegados-salud-9-1.png\" width=\"560\" height=\"315\" \/><\/a><\/p>\n<p style=\"text-align: center;\" align=\"center\">\n<p>Esta postura ser\u00e1 trasladada ma\u00f1ana a las asambleas de los hospitales a los efectos que los compa\u00f1eros de cada sector aprueben o no esta postura, que busca defender el salario de los provinciales en medio de la escalada de precios que sufrimos los trabajadores en la actualidad.<\/p>\n<p>Sostenemos que, tal como lo venimos haciendo desde el inicio del conflicto del sector hospitalario, el b\u00e1sico inicial debe equipararse con la canasta familiar estimado hoy en $9780, con el fin de cubrir las necesidades del trabajador y su familia.<\/p>\n<p>Vale se\u00f1alar que la oferta oficial lleva al conjunto de los\u00a0 trabajadores a un promedio de $7000 de bolsillo, monto que se encuentra muy lejos del costo de vida de C\u00f3rdoba en la actualidad.<\/p>\n<p>En consecuencia, ma\u00f1ana se realizar\u00e1 una jornada de protesta, con concentraci\u00f3n en el Polo Sanitario, a partir de las 10.30 hs.<\/p>\n<p>Reclamamos al gobierno provincial:<\/p>\n<ul>\n<li>$2000 de urgencia que se incorporen al salario b\u00e1sico de todas las categor\u00edas, de las dos leyes vigentes en el sector hospitalario, con los salarios de febrero.<\/li>\n<li>Apertura de discusi\u00f3n paritaria trimestral.<\/li>\n<li>Pase a planta permanente del personal precarizado.<\/li>\n<li>Relevamiento para la designaci\u00f3n de dotaciones que completen los planteles b\u00e1sicos.<\/li>\n<li>Boleto sanitario en el transporte p\u00fablico para los trabajadores del sector.<\/li>\n<li>Insumos, medicamentos y aparatolog\u00eda en condiciones de funcionamiento.<\/li>\n<li>Cumplimiento de la inversi\u00f3n presupuestaria en salud para el corriente a\u00f1o.<\/li>\n<\/ul>\n","protected":false},"excerpt":{"rendered":"<p>El Concejo Directivo Provincial de ATE resolvi\u00f3 rechazar por insuficiente la propuesta de recomposici\u00f3n salarial brindada esta ma\u00f1ana en Casa de Gobierno por el ministro de Administraci\u00f3n Manuel Calvo. Esta postura ser\u00e1 trasladada ma\u00f1ana a las asambleas de los hospitales a los efectos que los compa\u00f1eros de cada sector aprueben o no esta postura, que [&hellip;]<\/p>\n","protected":false},"author":1,"featured_media":19220,"comment_status":"open","ping_status":"open","sticky":false,"template":"","format":"standard","meta":{"_exactmetrics_skip_tracking":false,"_exactmetrics_sitenote_active":false,"_exactmetrics_sitenote_note":"","_exactmetrics_sitenote_category":0,"jnews-multi-image_gallery":[],"jnews_single_post":[],"jnews_primary_category":[],"jnews_social_meta":[],"jnews_review":[],"enable_review":"","type":"","name":"","summary":"","brand":"","sku":"","good":[],"bad":[],"score_override":"","override_value":"","rating":[],"price":[],"jnews_override_counter":[],"jnews_post_split":[],"footnotes":""},"categories":[7,8],"tags":[],"class_list":["post-3839","post","type-post","status-publish","format-standard","has-post-thumbnail","hentry","category-hospitales","category-provinciales"],"jetpack_featured_media_url":"https:\/\/atecordoba.org\/wp-content\/uploads\/2020\/05\/logo-nuevochico-e1561581322808.png","_links":{"self":[{"href":"https:\/\/atecordoba.org\/index.php?rest_route=\/wp\/v2\/posts\/3839","targetHints":{"allow":["GET"]}}],"collection":[{"href":"https:\/\/atecordoba.org\/index.php?rest_route=\/wp\/v2\/posts"}],"about":[{"href":"https:\/\/atecordoba.org\/index.php?rest_route=\/wp\/v2\/types\/post"}],"author":[{"embeddable":true,"href":"https:\/\/atecordoba.org\/index.php?rest_route=\/wp\/v2\/users\/1"}],"replies":[{"embeddable":true,"href":"https:\/\/atecordoba.org\/index.php?rest_route=%2Fwp%2Fv2%2Fcomments&post=3839"}],"version-history":[{"count":0,"href":"https:\/\/atecordoba.org\/index.php?rest_route=\/wp\/v2\/posts\/3839\/revisions"}],"wp:featuredmedia":[{"embeddable":true,"href":"https:\/\/atecordoba.org\/index.php?rest_route=\/wp\/v2\/media\/19220"}],"wp:attachment":[{"href":"https:\/\/atecordoba.org\/index.php?rest_route=%2Fwp%2Fv2%2Fmedia&parent=3839"}],"wp:term":[{"taxonomy":"category","embeddable":true,"href":"https:\/\/atecordoba.org\/index.php?rest_route=%2Fwp%2Fv2%2Fcategories&post=3839"},{"taxonomy":"post_tag","embeddable":true,"href":"https:\/\/atecordoba.org\/index.php?rest_route=%2Fwp%2Fv2%2Ftags&post=3839"}],"curies":[{"name":"wp","href":"https:\/\/api.w.org\/{rel}","templated":true}]}}