{"id":38374,"date":"2023-08-23T12:36:32","date_gmt":"2023-08-23T15:36:32","guid":{"rendered":"https:\/\/atecordoba.org\/?p=38374"},"modified":"2023-08-28T11:01:17","modified_gmt":"2023-08-28T14:01:17","slug":"diputados-trata-el-proyecto-que-iguala-las-licencias-de-cuidado-entre-madres-y-padres","status":"publish","type":"post","link":"https:\/\/atecordoba.org\/?p=38374","title":{"rendered":"Diputados trata el proyecto que iguala las licencias de cuidado entre madres y padres"},"content":{"rendered":"<div class=\"wp-block-image\">\n<figure class=\"alignleft size-large is-resized\"><img loading=\"lazy\" decoding=\"async\" src=\"https:\/\/atecordoba.org\/wp-content\/uploads\/2023\/08\/Baja-maternidad-paternidad-1024x682.jpg\" alt=\"\" class=\"wp-image-38375\" width=\"512\" height=\"341\" srcset=\"https:\/\/atecordoba.org\/wp-content\/uploads\/2023\/08\/Baja-maternidad-paternidad-1024x682.jpg 1024w, https:\/\/atecordoba.org\/wp-content\/uploads\/2023\/08\/Baja-maternidad-paternidad-300x200.jpg 300w, https:\/\/atecordoba.org\/wp-content\/uploads\/2023\/08\/Baja-maternidad-paternidad-768x512.jpg 768w, https:\/\/atecordoba.org\/wp-content\/uploads\/2023\/08\/Baja-maternidad-paternidad-750x500.jpg 750w, https:\/\/atecordoba.org\/wp-content\/uploads\/2023\/08\/Baja-maternidad-paternidad-1140x760.jpg 1140w, https:\/\/atecordoba.org\/wp-content\/uploads\/2023\/08\/Baja-maternidad-paternidad.jpg 1280w\" sizes=\"auto, (max-width: 512px) 100vw, 512px\" \/><\/figure>\n<\/div>\n\n\n<p>(fuente:<a href=\"http:\/\/feminacida.com\" data-type=\"URL\" data-id=\"feminacida.com\"> feminacida.com.ar<\/a>)<\/p>\n\n\n\n<p>Con el tratamiento en Comisiones se avanz\u00f3 ayer el proyecto para igualar la licencias laborales por cuidado. La Ley \u201cCuidar en Igualdad\u201d plantea una reforma en relaci\u00f3n a las licencias por nacimiento y adopci\u00f3n, y reconoce el cuidado como una necesidad, un trabajo y un derecho. El proyecto se origina en el Poder Ejecutivo Nacional y cuenta con el apoyo de ATE, as\u00ed como de las redes de feminismo sindical de todo el pa\u00eds.<\/p>\n\n\n\n<p>Adem\u00e1s, propone la creaci\u00f3n de un Sistema de Cuidados para ampliar pol\u00edticas p\u00fablicas en la materia, extiende la licencia para varones y personas no gestantes de 2 a 90 d\u00edas, a aplicarse progresivamente durante los pr\u00f3ximos ocho a\u00f1os en ocho a\u00f1os. Para personas gestantes pasa a ser 126 d\u00edas, y por primera vez, habr\u00eda licencia para adoptantes por 90 d\u00edas.<\/p>\n\n\n\n<p>De aprobarse el proyecto en la C\u00e1mara, tras obtener el dictamen de las comisiones de Legislaci\u00f3n Laboral y Mujeres y Diversidad, 6 millones de trabajadoras y trabajadores van a ver extendidas sus licencias y 2 millones de personas la obtendr\u00e1n por primera vez. En caso de monotributistas, monotributistas sociales y aut\u00f3nomos, cobrar\u00e1n una asignaci\u00f3n por maternidad, paternidad y adopci\u00f3n: se trata de un salario m\u00ednimo por cada mes en el que est\u00e9n cuidando. En el caso de las trabajadoras de casas particulares, se asegurar\u00e1 un m\u00ednimo en la licencia del salario m\u00ednimo vital y m\u00f3vil.<\/p>\n\n\n\n<p>&#8220;Esto implica una reforma de la ley n\u00famero 20.744 de Contrato de Trabajo (LCT) que rige muchos organismos y empresas estatales. La ley es la columna vertebral que establece principios generales del derecho del trabajo, que tambi\u00e9n afectan al empleado estatal pero no implica una reforma de leyes del empleado p\u00fablico. Esta \u00faltima normativa se dicta de forma aut\u00f3noma, sean nacionales, provinciales o municipales. Incluso a nivel del Estado nacional ya hay normas que ven\u00edan avanzando en este mismo sentido&#8221;, aclar\u00f3 la abogada de ATE, Mar\u00eda Terragno.<\/p>\n\n\n\n<p>Pero consider\u00f3 que &#8220;esta reforma supondr\u00e1 un cambio de paradigma las normas, sobre los cuidados y sobre la familia diversa, las cuestiones relacionadas con el tiempo de cuidado y la reproducci\u00f3n social que hasta ahora no est\u00e1n reconocidas, sin perjuicio que haya compa\u00f1eras y compa\u00f1eros que siendo empelados estatales tiene la regulaci\u00f3n de la LCT&#8221;.<\/p>\n\n\n\n<p>La letrada tambi\u00e9n remarc\u00f3 que &#8220;La Provincia dicta su\u00a0 propia regulaci\u00f3n pero deber\u00eda adecuarse. Si bien esta ley nacional no es de orden p\u00fablico, y por lo tanto obligatoria, es necesario que se ampl\u00eden las licencias de cuidado. De todas formas la ley provincial es m\u00e1s avanzada que la LCT, con lo cual hay que determinar cu\u00e1les son los puntos aun no regulados para avanzar en estos derechos&#8221;.<\/p>\n\n\n\n<p><strong>Rol fundamental<\/strong><\/p>\n\n\n\n<p>Las licencias por progenitores cumplen un rol fundamental a la hora de construir una sociedad m\u00e1s equitativa. En primer lugar, por el hecho de que as\u00ed se coloca en igualdad de condiciones a ambos progenitores y, segundo, porque es una forma de armonizar la vida productiva con la reproductiva. Adem\u00e1s, protege los derechos de las infancias garantizando su cuidado desde los primeros momentos de su vida como est\u00e1 establecido a nivel internacional en convenciones como la de los Derechos del Ni\u00f1o (art. 18) o en la Observaci\u00f3n General n\u00famero 7 (art. 29) y a nivel nacional en la ley 26. 061 de Protecci\u00f3n Integral de los Derechos de las \u00d1i\u00f1as, \u00d1i\u00f1os y Adolescentes, donde tambi\u00e9n se establece que ambos progenitores tienen las mismas responsabilidades a la hora de los cuidados.<\/p>\n\n\n<div class=\"wp-block-image\">\n<figure class=\"alignright size-full is-resized\"><img loading=\"lazy\" decoding=\"async\" src=\"https:\/\/atecordoba.org\/wp-content\/uploads\/2023\/08\/licencia.jpg\" alt=\"\" class=\"wp-image-38376\" width=\"512\" height=\"386\" \/><\/figure>\n<\/div>\n\n\n<p>En Argentina la legislaci\u00f3n a nivel nacional y estatal que indica cu\u00e1nto tiempo el progenitor no gestante puede estar presente. La LCT otorga dos d\u00edas de corrido con licencia paga (a cargo del empleador), una normativa con 48 a\u00f1os de vigencia y una de las m\u00e1s atrasadas del mundo, ya que no contempla la paternidad por adopci\u00f3n, los nacimientos m\u00faltiples, nacimientos pret\u00e9rmino o nacimiento de hijas\/os con discapacidad.\u00a0<\/p>\n\n\n\n<p>Encima, se dificulta su aplicaci\u00f3n en el \u00e1mbito privado porque no todas las empresas del pa\u00eds respetan lo que establece la ley. \u201cEn algunos casos, se incumplen las normas legales restringiendo el acceso a estos derechos mientras que en otros (pocos) casos las empresas privadas han extendido los tiempos de licencias m\u00e1s all\u00e1 de lo que requiere la ley\u201d, seg\u00fan detalla el informe de Unicef&nbsp;<a rel=\"noreferrer noopener\" href=\"https:\/\/www.unicef.org\/argentina\/sites\/unicef.org.argentina\/files\/2020-03\/Apuntes-para-repensar-el_esquema-de-licencias-de-cuidado.pdf\" target=\"_blank\">\u201cApuntes para repensar el esquema de licencias de cuidado\u201d<\/a>.<\/p>\n\n\n\n<p>Hay urgencia de entender un problema que causa que la divisi\u00f3n de las tareas cuidado impacten, por el momento negativamente, en el acceso al empleo de las mujeres y las condiciones laborales y econ\u00f3micas en las que estas pueden desempe\u00f1arse. Seg\u00fan la Encuesta Permanente de Hogares (EPH, Segundo Trimestre, 2020), las mujeres a pesar de tener mejores niveles educativos se incorporan mucho m\u00e1s lento al mercado laboral que los varones y en la franja de 20 a 39 a\u00f1os, considerada la \u201cedad f\u00e9rtil\u201d, su inactividad es mayor que las del g\u00e9nero opuesto. En cambio, la inactividad de los hombres desciende a medida que aumentan su edad.<\/p>\n\n\n\n<p>Seg\u00fan el&nbsp;<a rel=\"noreferrer noopener\" href=\"https:\/\/www.indec.gob.ar\/ftp\/cuadros\/publicaciones\/dosier_estadistico_8M_2021.pdf\" target=\"_blank\">INDEC<\/a>, en las edades centrales (30-64 a\u00f1os) mientras 8 de cada 10 varones participa en el mercado laboral, solo 5 de cada 10 mujeres lo hacen y mientras 5 de cada 10 varones realizan tareas del hogar, m\u00e1s de 8 de cada 10 mujeres lo hacen.&nbsp;<\/p>\n\n\n\n<p><\/p>\n","protected":false},"excerpt":{"rendered":"<p>(fuente: feminacida.com.ar) Con el tratamiento en Comisiones se avanz\u00f3 ayer el proyecto para igualar la licencias laborales por cuidado. La Ley \u201cCuidar en Igualdad\u201d plantea una reforma en relaci\u00f3n a las licencias por nacimiento y adopci\u00f3n, y reconoce el cuidado como una necesidad, un trabajo y un derecho. El proyecto se origina en el Poder [&hellip;]<\/p>\n","protected":false},"author":7,"featured_media":38376,"comment_status":"open","ping_status":"open","sticky":false,"template":"","format":"standard","meta":{"_exactmetrics_skip_tracking":false,"_exactmetrics_sitenote_active":false,"_exactmetrics_sitenote_note":"","_exactmetrics_sitenote_category":0,"jnews-multi-image_gallery":[],"jnews_single_post":{"subtitle":"De aprobarse la ley 6 millones de trabajadoras y trabajadores van a ver extendidas sus licencias y 2 millones de personas la obtendr\u00e1n por primera vez. En caso de monotributistas, monotributistas sociales y aut\u00f3nomos, cobrar\u00e1n una asignaci\u00f3n por maternidad, paternidad y adopci\u00f3n: se trata de un salario m\u00ednimo por cada mes en el que est\u00e9n cuidando. En el caso de las trabajadoras de casas particulares, se asegurar\u00e1 un m\u00ednimo en la licencia del salario m\u00ednimo vital y m\u00f3vil.","format":"standard","video":"","gallery":"","source_name":"","source_url":"","via_name":"","via_url":"","override_template":"0","override":[{"template":"1","single_blog_custom":"","parallax":"1","fullscreen":"1","layout":"no-sidebar-narrow","sidebar":"default-sidebar","second_sidebar":"default-sidebar","sticky_sidebar":"1","share_position":"bottom","share_float_style":"share-monocrhome","show_share_counter":"1","show_view_counter":"1","show_featured":"0","show_post_meta":"1","show_post_author":"0","show_post_author_image":"1","show_post_date":"1","post_date_format":"default","post_date_format_custom":"Y\/m\/d","show_post_category":"1","show_post_reading_time":"0","post_reading_time_wpm":"300","show_zoom_button":"0","zoom_button_out_step":"2","zoom_button_in_step":"3","show_post_tag":"1","show_prev_next_post":"0","show_popup_post":"0","number_popup_post":"1","show_author_box":"0","show_post_related":"1","show_inline_post_related":"0"}],"override_image_size":"0","image_override":[{"single_post_thumbnail_size":"crop-500","single_post_gallery_size":"crop-500"}],"trending_post":"0","trending_post_position":"meta","trending_post_label":"Trending","sponsored_post":"0","sponsored_post_label":"Sponsored by","sponsored_post_name":"","sponsored_post_url":"","sponsored_post_logo_enable":"0","sponsored_post_logo":"","sponsored_post_desc":"","disable_ad":"0"},"jnews_primary_category":{"id":"","hide":""},"jnews_social_meta":{"fb_title":"","fb_description":"","fb_image":"","twitter_title":"","twitter_description":"","twitter_image":""},"jnews_review":[],"enable_review":"0","type":"percentage","name":"","summary":"","brand":"","sku":"","good":[{"good_text":""}],"bad":[{"bad_text":""}],"score_override":"","override_value":"","rating":[{"rating_text":"","rating_number":"10"}],"price":[{"shop":"","price":"","link":"","icon":""}],"jnews_override_counter":{"override_view_counter":"0","view_counter_number":"0","override_share_counter":"0","share_counter_number":"0","override_like_counter":"0","like_counter_number":"0","override_dislike_counter":"0","dislike_counter_number":"0"},"jnews_post_split":{"enable_post_split":"0","post_split":[{"template":"1","tag":"h2","numbering":"asc","mode":"normal","first":"0","enable_toc":"0","toc_type":"normal"}]},"footnotes":""},"categories":[325],"tags":[],"class_list":["post-38374","post","type-post","status-publish","format-standard","has-post-thumbnail","hentry","category-generos-y-diversidades"],"jetpack_featured_media_url":"https:\/\/atecordoba.org\/wp-content\/uploads\/2023\/08\/licencia-e1692804826644.jpg","_links":{"self":[{"href":"https:\/\/atecordoba.org\/index.php?rest_route=\/wp\/v2\/posts\/38374","targetHints":{"allow":["GET"]}}],"collection":[{"href":"https:\/\/atecordoba.org\/index.php?rest_route=\/wp\/v2\/posts"}],"about":[{"href":"https:\/\/atecordoba.org\/index.php?rest_route=\/wp\/v2\/types\/post"}],"author":[{"embeddable":true,"href":"https:\/\/atecordoba.org\/index.php?rest_route=\/wp\/v2\/users\/7"}],"replies":[{"embeddable":true,"href":"https:\/\/atecordoba.org\/index.php?rest_route=%2Fwp%2Fv2%2Fcomments&post=38374"}],"version-history":[{"count":3,"href":"https:\/\/atecordoba.org\/index.php?rest_route=\/wp\/v2\/posts\/38374\/revisions"}],"predecessor-version":[{"id":38452,"href":"https:\/\/atecordoba.org\/index.php?rest_route=\/wp\/v2\/posts\/38374\/revisions\/38452"}],"wp:featuredmedia":[{"embeddable":true,"href":"https:\/\/atecordoba.org\/index.php?rest_route=\/wp\/v2\/media\/38376"}],"wp:attachment":[{"href":"https:\/\/atecordoba.org\/index.php?rest_route=%2Fwp%2Fv2%2Fmedia&parent=38374"}],"wp:term":[{"taxonomy":"category","embeddable":true,"href":"https:\/\/atecordoba.org\/index.php?rest_route=%2Fwp%2Fv2%2Fcategories&post=38374"},{"taxonomy":"post_tag","embeddable":true,"href":"https:\/\/atecordoba.org\/index.php?rest_route=%2Fwp%2Fv2%2Ftags&post=38374"}],"curies":[{"name":"wp","href":"https:\/\/api.w.org\/{rel}","templated":true}]}}