{"id":38368,"date":"2023-08-23T10:32:06","date_gmt":"2023-08-23T13:32:06","guid":{"rendered":"https:\/\/atecordoba.org\/?p=38368"},"modified":"2023-08-23T10:45:35","modified_gmt":"2023-08-23T13:45:35","slug":"mina-clavero-ate-presento-ayer-al-ejecutivo-los-delegados-normalizadores-en-el-municipio","status":"publish","type":"post","link":"https:\/\/atecordoba.org\/?p=38368","title":{"rendered":"Mina Clavero: ATE present\u00f3 ayer al Ejecutivo los delegados normalizadores"},"content":{"rendered":"<div class=\"wp-block-image\">\n<figure class=\"aligncenter size-large is-resized\"><img loading=\"lazy\" decoding=\"async\" src=\"https:\/\/atecordoba.org\/wp-content\/uploads\/2023\/08\/WhatsApp-Image-2023-08-23-at-07.54.28-1024x461.jpeg\" alt=\"\" class=\"wp-image-38369\" width=\"768\" height=\"346\" srcset=\"https:\/\/atecordoba.org\/wp-content\/uploads\/2023\/08\/WhatsApp-Image-2023-08-23-at-07.54.28-1024x461.jpeg 1024w, https:\/\/atecordoba.org\/wp-content\/uploads\/2023\/08\/WhatsApp-Image-2023-08-23-at-07.54.28-300x135.jpeg 300w, https:\/\/atecordoba.org\/wp-content\/uploads\/2023\/08\/WhatsApp-Image-2023-08-23-at-07.54.28-768x346.jpeg 768w, https:\/\/atecordoba.org\/wp-content\/uploads\/2023\/08\/WhatsApp-Image-2023-08-23-at-07.54.28-1536x691.jpeg 1536w, https:\/\/atecordoba.org\/wp-content\/uploads\/2023\/08\/WhatsApp-Image-2023-08-23-at-07.54.28-750x338.jpeg 750w, https:\/\/atecordoba.org\/wp-content\/uploads\/2023\/08\/WhatsApp-Image-2023-08-23-at-07.54.28-1140x513.jpeg 1140w, https:\/\/atecordoba.org\/wp-content\/uploads\/2023\/08\/WhatsApp-Image-2023-08-23-at-07.54.28.jpeg 1600w\" sizes=\"auto, (max-width: 768px) 100vw, 768px\" \/><\/figure>\n<\/div>\n\n\n<p>En una audiencia mantenida ayer, el Consejo Directivo Provincial (CDP) y ATE Traslasierra presentaron ante el intendente Claudio Manzanelli los delegados normalizadores designados por nuestro sindicato para avanzar en el proceso organizativo de las y los municipales de la localidad de Mina Clavero. <\/p>\n\n\n\n<p>Se trat\u00f3 de una reuni\u00f3n de car\u00e1cter institucional que concreta conversaciones previas con el Ejecutivo a los fines de garantizar la representaci\u00f3n de las y los afiliados de ATE en el sector. <\/p>\n\n\n<div class=\"wp-block-image\">\n<figure class=\"alignright size-large is-resized\"><img loading=\"lazy\" decoding=\"async\" src=\"https:\/\/atecordoba.org\/wp-content\/uploads\/2023\/08\/WhatsApp-Image-2023-08-23-at-07.54.28-1-1024x771.jpeg\" alt=\"\" class=\"wp-image-38370\" width=\"512\" height=\"386\" \/><\/figure>\n<\/div>\n\n\n<p>En la audiencia con Manzanelli estuvieron presentes los nuevos delegados normalizadores Mat\u00edas Santa Mar\u00eda y Jorge Pereyra, junto a secretario Gremial de la nueva conducci\u00f3n provincial de ATE C\u00f3rdoba, Jorge Chalup, su par de Interior, Diego Ch\u00e1vez, la vocal electa y trabajadora del Hospital Mina Clavero, Milagros Sozzi, y el delegado regional de ATE Traslasierra, Hugo Galaburri.<\/p>\n\n\n\n<p>La oportunidad dio pie a la apertura de conversaciones de la agenda gremial que ATE viene a plantear a la comuna, en base a una<a href=\"https:\/\/atecordoba.org\/?p=38281\" target=\"_blank\" rel=\"noreferrer noopener\"> serie de asambleas realizadas la semana pasada. <\/a><\/p>\n\n\n\n<p>En primer punto se abord\u00f3 la posibilidad de avanzar con incrementos salariales y blanqueo de haberes en negro. <\/p>\n\n\n\n<p>Adem\u00e1s, se plante\u00f3 la necesidad de actualizar contratos en funci\u00f3n de la categorizaci\u00f3n real de las y los trabajadores y la situaci\u00f3n de la cobertura de ART con que goza el personal. <\/p>\n\n\n\n<p>Vale se\u00f1alar que al entablarse un canal de di\u00e1logo y la presentaci\u00f3n de&nbsp;delegados normalizadores, se acord\u00f3 un cronograma de reuniones que continuar\u00e1 el pr\u00f3ximo mi\u00e9rcoles 29 del corriente.<\/p>\n\n\n\n<p>De esta manera, ATE contin\u00faa creciendo y organizando a las y los municipales de Traslasierra y el interior provincial. <\/p>\n","protected":false},"excerpt":{"rendered":"<p>En una audiencia mantenida ayer, el Consejo Directivo Provincial (CDP) y ATE Traslasierra presentaron ante el intendente Claudio Manzanelli los delegados normalizadores designados por nuestro sindicato para avanzar en el proceso organizativo de las y los municipales de la localidad de Mina Clavero. Se trat\u00f3 de una reuni\u00f3n de car\u00e1cter institucional que concreta conversaciones previas [&hellip;]<\/p>\n","protected":false},"author":7,"featured_media":38370,"comment_status":"open","ping_status":"open","sticky":false,"template":"","format":"standard","meta":{"_exactmetrics_skip_tracking":false,"_exactmetrics_sitenote_active":false,"_exactmetrics_sitenote_note":"","_exactmetrics_sitenote_category":0,"jnews-multi-image_gallery":[],"jnews_single_post":{"subtitle":"La oportunidad dio pie a la apertura de conversaciones de la agenda gremial que ATE viene a plantear a la comuna, en base a una serie de asambleas realizada las semana pasada. Qued\u00f3 firme una pr\u00f3xima reuni\u00f3n pra el mi\u00e9rcoles 29 de agosto.  ","format":"standard","video":"","gallery":"","source_name":"","source_url":"","via_name":"","via_url":"","override_template":"0","override":[{"template":"1","single_blog_custom":"","parallax":"1","fullscreen":"1","layout":"no-sidebar-narrow","sidebar":"default-sidebar","second_sidebar":"default-sidebar","sticky_sidebar":"1","share_position":"bottom","share_float_style":"share-monocrhome","show_share_counter":"1","show_view_counter":"1","show_featured":"0","show_post_meta":"1","show_post_author":"0","show_post_author_image":"1","show_post_date":"1","post_date_format":"default","post_date_format_custom":"Y\/m\/d","show_post_category":"1","show_post_reading_time":"0","post_reading_time_wpm":"300","show_zoom_button":"0","zoom_button_out_step":"2","zoom_button_in_step":"3","show_post_tag":"1","show_prev_next_post":"0","show_popup_post":"0","number_popup_post":"1","show_author_box":"0","show_post_related":"1","show_inline_post_related":"0"}],"override_image_size":"0","image_override":[{"single_post_thumbnail_size":"crop-500","single_post_gallery_size":"crop-500"}],"trending_post":"0","trending_post_position":"meta","trending_post_label":"Trending","sponsored_post":"0","sponsored_post_label":"Sponsored by","sponsored_post_name":"","sponsored_post_url":"","sponsored_post_logo_enable":"0","sponsored_post_logo":"","sponsored_post_desc":"","disable_ad":"0"},"jnews_primary_category":{"id":"","hide":""},"jnews_social_meta":{"fb_title":"","fb_description":"","fb_image":"","twitter_title":"","twitter_description":"","twitter_image":""},"jnews_review":[],"enable_review":"0","type":"percentage","name":"","summary":"","brand":"","sku":"","good":[{"good_text":""}],"bad":[{"bad_text":""}],"score_override":"","override_value":"","rating":[{"rating_text":"","rating_number":"10"}],"price":[{"shop":"","price":"","link":"","icon":""}],"jnews_override_counter":{"override_view_counter":"0","view_counter_number":"0","override_share_counter":"0","share_counter_number":"0","override_like_counter":"0","like_counter_number":"0","override_dislike_counter":"0","dislike_counter_number":"0"},"jnews_post_split":{"enable_post_split":"0","post_split":[{"template":"1","tag":"h2","numbering":"asc","mode":"normal","first":"0","enable_toc":"0","toc_type":"normal"}]},"footnotes":""},"categories":[20],"tags":[],"class_list":["post-38368","post","type-post","status-publish","format-standard","has-post-thumbnail","hentry","category-municipales"],"jetpack_featured_media_url":"https:\/\/atecordoba.org\/wp-content\/uploads\/2023\/08\/WhatsApp-Image-2023-08-23-at-07.54.28-1-e1692797445551.jpeg","_links":{"self":[{"href":"https:\/\/atecordoba.org\/index.php?rest_route=\/wp\/v2\/posts\/38368","targetHints":{"allow":["GET"]}}],"collection":[{"href":"https:\/\/atecordoba.org\/index.php?rest_route=\/wp\/v2\/posts"}],"about":[{"href":"https:\/\/atecordoba.org\/index.php?rest_route=\/wp\/v2\/types\/post"}],"author":[{"embeddable":true,"href":"https:\/\/atecordoba.org\/index.php?rest_route=\/wp\/v2\/users\/7"}],"replies":[{"embeddable":true,"href":"https:\/\/atecordoba.org\/index.php?rest_route=%2Fwp%2Fv2%2Fcomments&post=38368"}],"version-history":[{"count":2,"href":"https:\/\/atecordoba.org\/index.php?rest_route=\/wp\/v2\/posts\/38368\/revisions"}],"predecessor-version":[{"id":38373,"href":"https:\/\/atecordoba.org\/index.php?rest_route=\/wp\/v2\/posts\/38368\/revisions\/38373"}],"wp:featuredmedia":[{"embeddable":true,"href":"https:\/\/atecordoba.org\/index.php?rest_route=\/wp\/v2\/media\/38370"}],"wp:attachment":[{"href":"https:\/\/atecordoba.org\/index.php?rest_route=%2Fwp%2Fv2%2Fmedia&parent=38368"}],"wp:term":[{"taxonomy":"category","embeddable":true,"href":"https:\/\/atecordoba.org\/index.php?rest_route=%2Fwp%2Fv2%2Fcategories&post=38368"},{"taxonomy":"post_tag","embeddable":true,"href":"https:\/\/atecordoba.org\/index.php?rest_route=%2Fwp%2Fv2%2Ftags&post=38368"}],"curies":[{"name":"wp","href":"https:\/\/api.w.org\/{rel}","templated":true}]}}