{"id":38345,"date":"2023-08-22T14:12:07","date_gmt":"2023-08-22T17:12:07","guid":{"rendered":"https:\/\/atecordoba.org\/?p=38345"},"modified":"2023-08-22T15:50:26","modified_gmt":"2023-08-22T18:50:26","slug":"anisacate-asamblea-reclamo-el-reconocimiento-de-ate-en-el-municipio","status":"publish","type":"post","link":"https:\/\/atecordoba.org\/?p=38345","title":{"rendered":"Anisacate: audiencia con el Ejecutivo y asamblea"},"content":{"rendered":"\n<figure class=\"wp-block-image size-large\"><img loading=\"lazy\" decoding=\"async\" width=\"1024\" height=\"461\" src=\"https:\/\/atecordoba.org\/wp-content\/uploads\/2023\/08\/WhatsApp-Image-2023-08-22-at-12.52.35-1024x461.jpeg\" alt=\"\" class=\"wp-image-38346\" srcset=\"https:\/\/atecordoba.org\/wp-content\/uploads\/2023\/08\/WhatsApp-Image-2023-08-22-at-12.52.35-1024x461.jpeg 1024w, https:\/\/atecordoba.org\/wp-content\/uploads\/2023\/08\/WhatsApp-Image-2023-08-22-at-12.52.35-300x135.jpeg 300w, https:\/\/atecordoba.org\/wp-content\/uploads\/2023\/08\/WhatsApp-Image-2023-08-22-at-12.52.35-768x346.jpeg 768w, https:\/\/atecordoba.org\/wp-content\/uploads\/2023\/08\/WhatsApp-Image-2023-08-22-at-12.52.35-1536x691.jpeg 1536w, https:\/\/atecordoba.org\/wp-content\/uploads\/2023\/08\/WhatsApp-Image-2023-08-22-at-12.52.35-750x338.jpeg 750w, https:\/\/atecordoba.org\/wp-content\/uploads\/2023\/08\/WhatsApp-Image-2023-08-22-at-12.52.35-1140x513.jpeg 1140w, https:\/\/atecordoba.org\/wp-content\/uploads\/2023\/08\/WhatsApp-Image-2023-08-22-at-12.52.35.jpeg 1600w\" sizes=\"auto, (max-width: 1024px) 100vw, 1024px\" \/><\/figure>\n\n\n\n<p>En una asamblea realizada hoy decenas de trabajadores y trabajadoras municipales de la localidad de Anisacate afiliados en ATE celebraron la audiencia que la Municipalidad concedi\u00f3 a ATE, en el marco de la institucionalizaci\u00f3n de nuestro gremio y avance en el reconocimiento de nuestra legalidad, atento a que con 80 afiliados y afiliadas somo la organizaci\u00f3n mayoritaria entre los municipales de la localidad.<\/p>\n\n\n\n<p>En tal sentido, en la reuni\u00f3n con el intendente Ram\u00f3n Zalazar, el secretario General Federico Giuliani, plante\u00f3 al Ejecutivo que ejecute los descuentos por planilla de la cuota sindical, entre otros puntos.<\/p>\n\n\n\n<p>El dirigente le traslad\u00f3 a Zalazar la necesidad de activar la Mesa de Relaciones Laborales de la comuna, tanto que dar inicio a la negociaci\u00f3n por un aumento salarial de emergencia como para &#8220;discutir un convenio colectivo de trabajo para el sector&#8221;. <\/p>\n\n\n\n<p>A su vez, en la asamblea, Giuliani dijo a las y los compa\u00f1eros que otro punto abordado fue la necesidad de avanzar en la mejora de las condiciones contractuales en el Municipio, dado el nivel de precarizaci\u00f3n existente. <\/p>\n\n\n\n<figure class=\"wp-block-gallery has-nested-images columns-default is-cropped wp-block-gallery-1 is-layout-flex wp-block-gallery-is-layout-flex\">\n<figure class=\"wp-block-image size-large\"><img loading=\"lazy\" decoding=\"async\" width=\"1024\" height=\"461\" data-id=\"38353\" src=\"https:\/\/atecordoba.org\/wp-content\/uploads\/2023\/08\/WhatsApp-Image-2023-08-22-at-12.52.26-1-1024x461.jpeg\" alt=\"\" class=\"wp-image-38353\" srcset=\"https:\/\/atecordoba.org\/wp-content\/uploads\/2023\/08\/WhatsApp-Image-2023-08-22-at-12.52.26-1-1024x461.jpeg 1024w, https:\/\/atecordoba.org\/wp-content\/uploads\/2023\/08\/WhatsApp-Image-2023-08-22-at-12.52.26-1-300x135.jpeg 300w, https:\/\/atecordoba.org\/wp-content\/uploads\/2023\/08\/WhatsApp-Image-2023-08-22-at-12.52.26-1-768x346.jpeg 768w, https:\/\/atecordoba.org\/wp-content\/uploads\/2023\/08\/WhatsApp-Image-2023-08-22-at-12.52.26-1-1536x691.jpeg 1536w, https:\/\/atecordoba.org\/wp-content\/uploads\/2023\/08\/WhatsApp-Image-2023-08-22-at-12.52.26-1-750x338.jpeg 750w, https:\/\/atecordoba.org\/wp-content\/uploads\/2023\/08\/WhatsApp-Image-2023-08-22-at-12.52.26-1-1140x513.jpeg 1140w, https:\/\/atecordoba.org\/wp-content\/uploads\/2023\/08\/WhatsApp-Image-2023-08-22-at-12.52.26-1.jpeg 1600w\" sizes=\"auto, (max-width: 1024px) 100vw, 1024px\" \/><\/figure>\n\n\n\n<figure class=\"wp-block-image size-large\"><img loading=\"lazy\" decoding=\"async\" width=\"1024\" height=\"461\" data-id=\"38354\" src=\"https:\/\/atecordoba.org\/wp-content\/uploads\/2023\/08\/WhatsApp-Image-2023-08-22-at-12.52.32-1-1024x461.jpeg\" alt=\"\" class=\"wp-image-38354\" \/><\/figure>\n\n\n\n<figure class=\"wp-block-image size-large\"><img loading=\"lazy\" decoding=\"async\" width=\"1024\" height=\"461\" data-id=\"38355\" src=\"https:\/\/atecordoba.org\/wp-content\/uploads\/2023\/08\/WhatsApp-Image-2023-08-22-at-12.52.30-1-1024x461.jpeg\" alt=\"\" class=\"wp-image-38355\" srcset=\"https:\/\/atecordoba.org\/wp-content\/uploads\/2023\/08\/WhatsApp-Image-2023-08-22-at-12.52.30-1-1024x461.jpeg 1024w, https:\/\/atecordoba.org\/wp-content\/uploads\/2023\/08\/WhatsApp-Image-2023-08-22-at-12.52.30-1-300x135.jpeg 300w, https:\/\/atecordoba.org\/wp-content\/uploads\/2023\/08\/WhatsApp-Image-2023-08-22-at-12.52.30-1-768x346.jpeg 768w, https:\/\/atecordoba.org\/wp-content\/uploads\/2023\/08\/WhatsApp-Image-2023-08-22-at-12.52.30-1-1536x691.jpeg 1536w, https:\/\/atecordoba.org\/wp-content\/uploads\/2023\/08\/WhatsApp-Image-2023-08-22-at-12.52.30-1-750x338.jpeg 750w, https:\/\/atecordoba.org\/wp-content\/uploads\/2023\/08\/WhatsApp-Image-2023-08-22-at-12.52.30-1-1140x513.jpeg 1140w, https:\/\/atecordoba.org\/wp-content\/uploads\/2023\/08\/WhatsApp-Image-2023-08-22-at-12.52.30-1.jpeg 1600w\" sizes=\"auto, (max-width: 1024px) 100vw, 1024px\" \/><\/figure>\n<\/figure>\n\n\n\n<p>&#8220;En el marco el reconocimiento institucional a ATE es importante que el Departamento Ejecutivo efectivice el reconocimiento de los candidatos a  que van a disputar quienes se presentar\u00e1n como delegados a las elecciones para plasmar la representaci\u00f3n sindical de ATE en el sector. Ser\u00e1n cuatro las y los delegados electos&#8221;, apunt\u00f3 Giuliani. <\/p>\n\n\n\n<p>Po ultimo, el dirigente remarc\u00f3 que &#8220;tenemos que hablar de salarios en octubre porque los aumentos ya los dieron con el otro gremio, ac\u00e1 competimos con el gremio de municipales de Alta Gracia y hoy ATE es mayor\u00eda en Anisacate, con m\u00e1s de 80 afiliaciones. En ese sentido planteamos discutir el bono de fin de a\u00f1o para que realmente les sirva a las y los compa\u00f1eros&#8221;.<\/p>\n\n\n\n<p><\/p>\n","protected":false},"excerpt":{"rendered":"<p>En una asamblea realizada hoy decenas de trabajadores y trabajadoras municipales de la localidad de Anisacate afiliados en ATE celebraron la audiencia que la Municipalidad concedi\u00f3 a ATE, en el marco de la institucionalizaci\u00f3n de nuestro gremio y avance en el reconocimiento de nuestra legalidad, atento a que con 80 afiliados y afiliadas somo la [&hellip;]<\/p>\n","protected":false},"author":7,"featured_media":38354,"comment_status":"open","ping_status":"open","sticky":false,"template":"","format":"standard","meta":{"_exactmetrics_skip_tracking":false,"_exactmetrics_sitenote_active":false,"_exactmetrics_sitenote_note":"","_exactmetrics_sitenote_category":0,"jnews-multi-image_gallery":[],"jnews_single_post":{"subtitle":"\"En el marco el reconocimiento institucional a ATE es importante que el Departamento Ejecutivo efectivice el reconocimiento de los candidatos a  que van a disputar quienes se presentar\u00e1n como delegados a las elecciones para plasmar la representaci\u00f3n sindical de ATE en el sector. Ser\u00e1n cuatro las y los delegados electos\", apunt\u00f3 el secretario General de ATE C\u00f3rdoba, Federico Giuliani. ","format":"standard","video":"","gallery":"","source_name":"","source_url":"","via_name":"","via_url":"","override_template":"0","override":[{"template":"1","single_blog_custom":"","parallax":"1","fullscreen":"1","layout":"no-sidebar-narrow","sidebar":"default-sidebar","second_sidebar":"default-sidebar","sticky_sidebar":"1","share_position":"bottom","share_float_style":"share-monocrhome","show_share_counter":"1","show_view_counter":"1","show_featured":"0","show_post_meta":"1","show_post_author":"0","show_post_author_image":"1","show_post_date":"1","post_date_format":"default","post_date_format_custom":"Y\/m\/d","show_post_category":"1","show_post_reading_time":"0","post_reading_time_wpm":"300","show_zoom_button":"0","zoom_button_out_step":"2","zoom_button_in_step":"3","show_post_tag":"1","show_prev_next_post":"0","show_popup_post":"0","number_popup_post":"1","show_author_box":"0","show_post_related":"1","show_inline_post_related":"0"}],"override_image_size":"0","image_override":[{"single_post_thumbnail_size":"crop-500","single_post_gallery_size":"crop-500"}],"trending_post":"0","trending_post_position":"meta","trending_post_label":"Trending","sponsored_post":"0","sponsored_post_label":"Sponsored by","sponsored_post_name":"","sponsored_post_url":"","sponsored_post_logo_enable":"0","sponsored_post_logo":"","sponsored_post_desc":"","disable_ad":"0"},"jnews_primary_category":{"id":"","hide":""},"jnews_social_meta":{"fb_title":"","fb_description":"","fb_image":"","twitter_title":"","twitter_description":"","twitter_image":""},"jnews_review":[],"enable_review":"0","type":"percentage","name":"","summary":"","brand":"","sku":"","good":[{"good_text":""}],"bad":[{"bad_text":""}],"score_override":"","override_value":"","rating":[{"rating_text":"","rating_number":"10"}],"price":[{"shop":"","price":"","link":"","icon":""}],"jnews_override_counter":{"override_view_counter":"0","view_counter_number":"0","override_share_counter":"0","share_counter_number":"0","override_like_counter":"0","like_counter_number":"0","override_dislike_counter":"0","dislike_counter_number":"0"},"jnews_post_split":{"enable_post_split":"0","post_split":[{"template":"1","tag":"h2","numbering":"asc","mode":"normal","first":"0","enable_toc":"0","toc_type":"normal"}]},"footnotes":""},"categories":[20],"tags":[],"class_list":["post-38345","post","type-post","status-publish","format-standard","has-post-thumbnail","hentry","category-municipales"],"jetpack_featured_media_url":"https:\/\/atecordoba.org\/wp-content\/uploads\/2023\/08\/WhatsApp-Image-2023-08-22-at-12.52.32-1-e1692724321293.jpeg","_links":{"self":[{"href":"https:\/\/atecordoba.org\/index.php?rest_route=\/wp\/v2\/posts\/38345","targetHints":{"allow":["GET"]}}],"collection":[{"href":"https:\/\/atecordoba.org\/index.php?rest_route=\/wp\/v2\/posts"}],"about":[{"href":"https:\/\/atecordoba.org\/index.php?rest_route=\/wp\/v2\/types\/post"}],"author":[{"embeddable":true,"href":"https:\/\/atecordoba.org\/index.php?rest_route=\/wp\/v2\/users\/7"}],"replies":[{"embeddable":true,"href":"https:\/\/atecordoba.org\/index.php?rest_route=%2Fwp%2Fv2%2Fcomments&post=38345"}],"version-history":[{"count":2,"href":"https:\/\/atecordoba.org\/index.php?rest_route=\/wp\/v2\/posts\/38345\/revisions"}],"predecessor-version":[{"id":38361,"href":"https:\/\/atecordoba.org\/index.php?rest_route=\/wp\/v2\/posts\/38345\/revisions\/38361"}],"wp:featuredmedia":[{"embeddable":true,"href":"https:\/\/atecordoba.org\/index.php?rest_route=\/wp\/v2\/media\/38354"}],"wp:attachment":[{"href":"https:\/\/atecordoba.org\/index.php?rest_route=%2Fwp%2Fv2%2Fmedia&parent=38345"}],"wp:term":[{"taxonomy":"category","embeddable":true,"href":"https:\/\/atecordoba.org\/index.php?rest_route=%2Fwp%2Fv2%2Fcategories&post=38345"},{"taxonomy":"post_tag","embeddable":true,"href":"https:\/\/atecordoba.org\/index.php?rest_route=%2Fwp%2Fv2%2Ftags&post=38345"}],"curies":[{"name":"wp","href":"https:\/\/api.w.org\/{rel}","templated":true}]}}