{"id":3833,"date":"2014-02-25T17:26:33","date_gmt":"2014-02-25T20:26:33","guid":{"rendered":"http:\/\/www.atecordoba.org\/?p=3833"},"modified":"2014-02-25T17:26:33","modified_gmt":"2014-02-25T20:26:33","slug":"el-5-de-marzo-ate-para-y-moviliza-en-todo-el-pais","status":"publish","type":"post","link":"https:\/\/atecordoba.org\/?p=3833","title":{"rendered":"El 5 de marzo ATE para y moviliza en todo el pa\u00eds"},"content":{"rendered":"<p><em>Con la presencia de representantes de las provincias m\u00e1s el Secretariado Nacional, el Consejo Directivo Nacional de ATE resolvi\u00f3 convocar para el mi\u00e9rcoles 5 de marzo a una\u00a0jornada de paro y movilizaci\u00f3n en ciudades y municipios del pa\u00eds. Es para reclamar un salario digno para todos los estatales, tanto nacionales, provinciales como municipales.<\/em><\/p>\n<p style=\"text-align: center;\"><a href=\"http:\/\/www.atecordoba.org\/wp-content\/uploads\/2014\/02\/paro-5-de-marzo1.jpg\"><img loading=\"lazy\" decoding=\"async\" class=\"aligncenter  wp-image-3835\" alt=\"paro 5 de marzo\" src=\"http:\/\/www.atecordoba.org\/wp-content\/uploads\/2014\/02\/paro-5-de-marzo1.jpg\" width=\"590\" height=\"395\" \/><\/a><\/p>\n<p style=\"text-align: center;\">\n<p>Tras la exposici\u00f3n de cada uno de los Secretarios Generales de los CDPs y representantes provinciales, la Conducci\u00f3n Nacional del gremio puso fecha para la medida de fuerza de alcance nacional. &#8220;Reclamamos una recomposici\u00f3n salarial que nos permita vivir dignamente&#8221; explic\u00f3 Julio Fuentes.<\/p>\n<p style=\"text-align: left;\">Los dirigentes de cada uno de los distritos consideraron que existe una \u201cemergencia salarial\u201d en el sector p\u00fablico. Y en todos los casos la situaci\u00f3n es similar: la creciente inflaci\u00f3n y el impacto de la brutal devaluaci\u00f3n (del 16,3% en s\u00f3lo 72 horas), principales factores que destruyen el poder adquisitivo del conjunto de los trabajadores argentinos.<\/p>\n<p>\u201cEl Ejecutivo Nacional, los intendentes y gobernadores deben juntarse para discutir una pol\u00edtica salarial seria para el sector p\u00fablico\u201d, lanz\u00f3 el Secretario General del ATE, quien detall\u00f3: \u201cSomos cientos de miles quienes brindamos los servicios p\u00fablicos esenciales\u201d.<\/p>\n<p>En relaci\u00f3n a la municipalizaci\u00f3n de los servicios esenciales implementada durante el menemismo y continuada por gobiernos posteriores, Fuentes manifest\u00f3: \u201cHemos hecho un an\u00e1lisis de la situaci\u00f3n presupuestaria y las conclusiones son alarmantes: de cada peso que se recauda en la Argentina, el Estado Nacional se queda con 75 centavos, dejando s\u00f3lo 25 para municipios y provincias. Mientras, son justamente estos \u00faltimos los que tienen que hacer frente a la gran mayor\u00eda de la masa salarial del sector p\u00fablico\u201d. Adem\u00e1s, reclam\u00f3 que \u201cel Congreso Nacional abandone este camino de ajuste permanente y discuta una ley de coparticipaci\u00f3n que permita hacer frente a las demandas salariales de los estatales\u201d.<\/p>\n","protected":false},"excerpt":{"rendered":"<p>Con la presencia de representantes de las provincias m\u00e1s el Secretariado Nacional, el Consejo Directivo Nacional de ATE resolvi\u00f3 convocar para el mi\u00e9rcoles 5 de marzo a una\u00a0jornada de paro y movilizaci\u00f3n en ciudades y municipios del pa\u00eds. Es para reclamar un salario digno para todos los estatales, tanto nacionales, provinciales como municipales. Tras la [&hellip;]<\/p>\n","protected":false},"author":1,"featured_media":19220,"comment_status":"open","ping_status":"open","sticky":false,"template":"","format":"standard","meta":{"_exactmetrics_skip_tracking":false,"_exactmetrics_sitenote_active":false,"_exactmetrics_sitenote_note":"","_exactmetrics_sitenote_category":0,"jnews-multi-image_gallery":[],"jnews_single_post":[],"jnews_primary_category":[],"jnews_social_meta":[],"jnews_review":[],"enable_review":"","type":"","name":"","summary":"","brand":"","sku":"","good":[],"bad":[],"score_override":"","override_value":"","rating":[],"price":[],"jnews_override_counter":[],"jnews_post_split":[],"footnotes":""},"categories":[18],"tags":[],"class_list":["post-3833","post","type-post","status-publish","format-standard","has-post-thumbnail","hentry","category-nacionales"],"jetpack_featured_media_url":"https:\/\/atecordoba.org\/wp-content\/uploads\/2020\/05\/logo-nuevochico-e1561581322808.png","_links":{"self":[{"href":"https:\/\/atecordoba.org\/index.php?rest_route=\/wp\/v2\/posts\/3833","targetHints":{"allow":["GET"]}}],"collection":[{"href":"https:\/\/atecordoba.org\/index.php?rest_route=\/wp\/v2\/posts"}],"about":[{"href":"https:\/\/atecordoba.org\/index.php?rest_route=\/wp\/v2\/types\/post"}],"author":[{"embeddable":true,"href":"https:\/\/atecordoba.org\/index.php?rest_route=\/wp\/v2\/users\/1"}],"replies":[{"embeddable":true,"href":"https:\/\/atecordoba.org\/index.php?rest_route=%2Fwp%2Fv2%2Fcomments&post=3833"}],"version-history":[{"count":0,"href":"https:\/\/atecordoba.org\/index.php?rest_route=\/wp\/v2\/posts\/3833\/revisions"}],"wp:featuredmedia":[{"embeddable":true,"href":"https:\/\/atecordoba.org\/index.php?rest_route=\/wp\/v2\/media\/19220"}],"wp:attachment":[{"href":"https:\/\/atecordoba.org\/index.php?rest_route=%2Fwp%2Fv2%2Fmedia&parent=3833"}],"wp:term":[{"taxonomy":"category","embeddable":true,"href":"https:\/\/atecordoba.org\/index.php?rest_route=%2Fwp%2Fv2%2Fcategories&post=3833"},{"taxonomy":"post_tag","embeddable":true,"href":"https:\/\/atecordoba.org\/index.php?rest_route=%2Fwp%2Fv2%2Ftags&post=3833"}],"curies":[{"name":"wp","href":"https:\/\/api.w.org\/{rel}","templated":true}]}}