{"id":3831,"date":"2014-02-25T17:17:04","date_gmt":"2014-02-25T20:17:04","guid":{"rendered":"http:\/\/www.atecordoba.org\/?p=3831"},"modified":"2014-02-25T17:17:04","modified_gmt":"2014-02-25T20:17:04","slug":"hospitales-vuelven-a-la-lucha-jueves-27-jornada-de-protesta-en-el-polo-sanitario","status":"publish","type":"post","link":"https:\/\/atecordoba.org\/?p=3831","title":{"rendered":"Hospitales vuelven a la lucha: jueves 27, jornada de protesta en el polo sanitario"},"content":{"rendered":"<p><i>La Comisi\u00f3n Directiva de ATE y el cuerpo de delegados de los hospitales provinciales resolvi\u00f3 hoy convocar a una jornada de protesta el pr\u00f3ximo jueves 27 de febrero en el Polo Sanitario.<\/i><\/p>\n<p style=\"text-align: center;\"><a href=\"http:\/\/www.atecordoba.org\/wp-content\/uploads\/2013\/12\/8.png\"><img loading=\"lazy\" decoding=\"async\" class=\"aligncenter  wp-image-3704\" alt=\"8\" src=\"http:\/\/www.atecordoba.org\/wp-content\/uploads\/2013\/12\/8.png\" width=\"560\" height=\"420\" \/><\/a><\/p>\n<p>&nbsp;<\/p>\n<p>La medida da continuidad al conflicto iniciado en septiembre de 2013, que pas\u00f3 a un cuarto intermedio a mediados de enero a la espera de la paritaria. Sin embargo, el ofrecimiento salarial del gobierno, conocido hasta el momento, dista mucho de lo que necesitan los trabajadores en esta coyuntura de alza generalizada de precios de la canasta familiar, que incluye transporte, servicios e impuestos provinciales y municipales.<\/p>\n<p>A esto se suma la falta de respuestas concretas al reclamo por el pase a planta permanente de los compa\u00f1eros en condici\u00f3n de contratados y monotributos, a la carencia de medicamentos e insumos, as\u00ed como en la reparaci\u00f3n indispensable de la aparatolog\u00eda fuera de servicio.<\/p>\n<p>En consecuencia, ATE renueva el compromiso asumido ante las asambleas de cada sector en defensa del salario, las condiciones de trabajo y la salud p\u00fablica gratuita y de calidad.<\/p>\n<p>La protesta se llevar\u00e1 a \u00a0cabo, como es habitual, con garant\u00eda de cobertura de las emergencias y urgencias. La jornada se iniciar\u00e1 con asambleas a partir de las primeras horas del d\u00eda, abandono de tareas a las 9 hs y concentraci\u00f3n, a las 10.30 horas, en el Polo Sanitario.<\/p>\n<p>Reclamamos al gobierno provincial:<\/p>\n<ul>\n<li>$2000 de urgencia que se incorporen al salario b\u00e1sico de todas las categor\u00edas, de las dos leyes vigentes en el sector hospitalario, con los salarios de febrero.<\/li>\n<li>Apertura de discusi\u00f3n paritaria trimestral.<\/li>\n<li>Pase a planta permanente del personal precarizado.<\/li>\n<li>Relevamiento para la designaci\u00f3n de dotaciones que completen los planteles b\u00e1sicos.<\/li>\n<li>Boleto sanitario en el transporte p\u00fablico para los trabajadores del sector.<\/li>\n<li>Insumos, medicamentos y aparatolog\u00eda en condiciones de funcionamiento.<\/li>\n<li>Cumplimiento de la inversi\u00f3n presupuestaria en salud para el corriente a\u00f1o.<\/li>\n<\/ul>\n<p>&nbsp;<\/p>\n<p style=\"text-align: right;\">Mar\u00eda Teresa Romero<\/p>\n<p style=\"text-align: right;\">Secretaria General<\/p>\n<p style=\"text-align: right;\">ATE C\u00f3rdoba<\/p>\n<p>&nbsp;<\/p>\n","protected":false},"excerpt":{"rendered":"<p>La Comisi\u00f3n Directiva de ATE y el cuerpo de delegados de los hospitales provinciales resolvi\u00f3 hoy convocar a una jornada de protesta el pr\u00f3ximo jueves 27 de febrero en el Polo Sanitario. &nbsp; La medida da continuidad al conflicto iniciado en septiembre de 2013, que pas\u00f3 a un cuarto intermedio a mediados de enero a [&hellip;]<\/p>\n","protected":false},"author":1,"featured_media":19220,"comment_status":"open","ping_status":"open","sticky":false,"template":"","format":"standard","meta":{"_exactmetrics_skip_tracking":false,"_exactmetrics_sitenote_active":false,"_exactmetrics_sitenote_note":"","_exactmetrics_sitenote_category":0,"jnews-multi-image_gallery":[],"jnews_single_post":[],"jnews_primary_category":[],"jnews_social_meta":[],"jnews_review":[],"enable_review":"","type":"","name":"","summary":"","brand":"","sku":"","good":[],"bad":[],"score_override":"","override_value":"","rating":[],"price":[],"jnews_override_counter":[],"jnews_post_split":[],"footnotes":""},"categories":[7,8],"tags":[],"class_list":["post-3831","post","type-post","status-publish","format-standard","has-post-thumbnail","hentry","category-hospitales","category-provinciales"],"jetpack_featured_media_url":"https:\/\/atecordoba.org\/wp-content\/uploads\/2020\/05\/logo-nuevochico-e1561581322808.png","_links":{"self":[{"href":"https:\/\/atecordoba.org\/index.php?rest_route=\/wp\/v2\/posts\/3831","targetHints":{"allow":["GET"]}}],"collection":[{"href":"https:\/\/atecordoba.org\/index.php?rest_route=\/wp\/v2\/posts"}],"about":[{"href":"https:\/\/atecordoba.org\/index.php?rest_route=\/wp\/v2\/types\/post"}],"author":[{"embeddable":true,"href":"https:\/\/atecordoba.org\/index.php?rest_route=\/wp\/v2\/users\/1"}],"replies":[{"embeddable":true,"href":"https:\/\/atecordoba.org\/index.php?rest_route=%2Fwp%2Fv2%2Fcomments&post=3831"}],"version-history":[{"count":0,"href":"https:\/\/atecordoba.org\/index.php?rest_route=\/wp\/v2\/posts\/3831\/revisions"}],"wp:featuredmedia":[{"embeddable":true,"href":"https:\/\/atecordoba.org\/index.php?rest_route=\/wp\/v2\/media\/19220"}],"wp:attachment":[{"href":"https:\/\/atecordoba.org\/index.php?rest_route=%2Fwp%2Fv2%2Fmedia&parent=3831"}],"wp:term":[{"taxonomy":"category","embeddable":true,"href":"https:\/\/atecordoba.org\/index.php?rest_route=%2Fwp%2Fv2%2Fcategories&post=3831"},{"taxonomy":"post_tag","embeddable":true,"href":"https:\/\/atecordoba.org\/index.php?rest_route=%2Fwp%2Fv2%2Ftags&post=3831"}],"curies":[{"name":"wp","href":"https:\/\/api.w.org\/{rel}","templated":true}]}}