{"id":383,"date":"2011-09-27T18:03:10","date_gmt":"2011-09-27T21:03:10","guid":{"rendered":"http:\/\/www.atecordoba.org\/?p=383"},"modified":"2011-09-27T18:03:10","modified_gmt":"2011-09-27T21:03:10","slug":"ate-participara-manana-en-la-asamblea-general-del-polo-sanitario","status":"publish","type":"post","link":"https:\/\/atecordoba.org\/?p=383","title":{"rendered":"ATE participar\u00e1 ma\u00f1ana en la Asamblea General del Polo Sanitario"},"content":{"rendered":"<p><strong>(C\u00f3rdoba, 27-9-2011) Por resoluci\u00f3n un\u00e1nime del cuerpo de delegados provinciales, ATE adhiere a la convocatoria a la asamblea general del polo sanitario, a realizarse ma\u00f1ana a las 10 horas. Asimismo convoca a los trabajadores del Estado provincial a participar del encuentro, en el marco del conflicto en el sistema hospitalario que es de p\u00fablico conocimiento.<\/strong><\/p>\n<div>\n<p>El cuerpo de delegados convoca a discutir un plan de lucha unificado con todos los trabajadores p\u00fablicos en reclamo de:<\/p>\n<p>* salario inicial de $6000 para todos los agrupamientos.<\/p>\n<p>* Incorporaci\u00f3n de remunerativos y adicionales al b\u00e1sico.<\/p>\n<p>* Por el 82% m\u00f3vil para los jubilados.<\/p>\n<p>* Designaci\u00f3n por concurso de los planteles b\u00e1sicos que sean necesarios en el sector hospitalario y la administraci\u00f3n p\u00fablica.<\/p>\n<p>* Por libertad y democracia sindical.<\/p>\n<p>* Convocatoria a paritarias libres en la Provincia.<\/p>\n<p>Mar\u00eda Teresa Romero<\/p>\n<p>Secretaria General<\/p>\n<p>ATE C\u00f3rdoba<\/p>\n<\/div>\n","protected":false},"excerpt":{"rendered":"<p>(C\u00f3rdoba, 27-9-2011) Por resoluci\u00f3n un\u00e1nime del cuerpo de delegados provinciales, ATE adhiere a la convocatoria a la asamblea general del polo sanitario, a realizarse ma\u00f1ana a las 10 horas. Asimismo convoca a los trabajadores del Estado provincial a participar del encuentro, en el marco del conflicto en el sistema hospitalario que es de p\u00fablico conocimiento. [&hellip;]<\/p>\n","protected":false},"author":1,"featured_media":19220,"comment_status":"open","ping_status":"open","sticky":false,"template":"","format":"standard","meta":{"_exactmetrics_skip_tracking":false,"_exactmetrics_sitenote_active":false,"_exactmetrics_sitenote_note":"","_exactmetrics_sitenote_category":0,"jnews-multi-image_gallery":[],"jnews_single_post":[],"jnews_primary_category":[],"jnews_social_meta":[],"jnews_review":[],"enable_review":"","type":"","name":"","summary":"","brand":"","sku":"","good":[],"bad":[],"score_override":"","override_value":"","rating":[],"price":[],"jnews_override_counter":[],"jnews_post_split":[],"footnotes":""},"categories":[53],"tags":[54],"class_list":["post-383","post","type-post","status-publish","format-standard","has-post-thumbnail","hentry","category-comunicados-de-prensa","tag-comunicados-de-prensa-2"],"jetpack_featured_media_url":"https:\/\/atecordoba.org\/wp-content\/uploads\/2020\/05\/logo-nuevochico-e1561581322808.png","_links":{"self":[{"href":"https:\/\/atecordoba.org\/index.php?rest_route=\/wp\/v2\/posts\/383","targetHints":{"allow":["GET"]}}],"collection":[{"href":"https:\/\/atecordoba.org\/index.php?rest_route=\/wp\/v2\/posts"}],"about":[{"href":"https:\/\/atecordoba.org\/index.php?rest_route=\/wp\/v2\/types\/post"}],"author":[{"embeddable":true,"href":"https:\/\/atecordoba.org\/index.php?rest_route=\/wp\/v2\/users\/1"}],"replies":[{"embeddable":true,"href":"https:\/\/atecordoba.org\/index.php?rest_route=%2Fwp%2Fv2%2Fcomments&post=383"}],"version-history":[{"count":0,"href":"https:\/\/atecordoba.org\/index.php?rest_route=\/wp\/v2\/posts\/383\/revisions"}],"wp:featuredmedia":[{"embeddable":true,"href":"https:\/\/atecordoba.org\/index.php?rest_route=\/wp\/v2\/media\/19220"}],"wp:attachment":[{"href":"https:\/\/atecordoba.org\/index.php?rest_route=%2Fwp%2Fv2%2Fmedia&parent=383"}],"wp:term":[{"taxonomy":"category","embeddable":true,"href":"https:\/\/atecordoba.org\/index.php?rest_route=%2Fwp%2Fv2%2Fcategories&post=383"},{"taxonomy":"post_tag","embeddable":true,"href":"https:\/\/atecordoba.org\/index.php?rest_route=%2Fwp%2Fv2%2Ftags&post=383"}],"curies":[{"name":"wp","href":"https:\/\/api.w.org\/{rel}","templated":true}]}}