{"id":38278,"date":"2023-08-15T11:53:05","date_gmt":"2023-08-15T14:53:05","guid":{"rendered":"https:\/\/atecordoba.org\/?p=38278"},"modified":"2023-08-15T11:53:05","modified_gmt":"2023-08-15T14:53:05","slug":"ate-reclamo-urgente-pago-de-suma-fija-y-reapertura-de-todas-las-paritarias","status":"publish","type":"post","link":"https:\/\/atecordoba.org\/?p=38278","title":{"rendered":"ATE reclam\u00f3 urgente pago de suma fija y reapertura de todas las paritarias"},"content":{"rendered":"<div class=\"wp-block-image\">\n<figure class=\"alignleft size-full\"><img loading=\"lazy\" decoding=\"async\" width=\"719\" height=\"529\" src=\"https:\/\/atecordoba.org\/wp-content\/uploads\/2023\/08\/rodolfo-aguiar.jpg\" alt=\"\" class=\"wp-image-38279\" srcset=\"https:\/\/atecordoba.org\/wp-content\/uploads\/2023\/08\/rodolfo-aguiar.jpg 719w, https:\/\/atecordoba.org\/wp-content\/uploads\/2023\/08\/rodolfo-aguiar-300x221.jpg 300w\" sizes=\"auto, (max-width: 719px) 100vw, 719px\" \/><\/figure>\n<\/div>\n\n\n<p>(fuente: https:\/\/www.eldestapeweb.com\/)<\/p>\n\n\n\n<p>La Asociaci\u00f3n Trabajadores del Estado (ATE) reclam\u00f3 \u201cuna suma fija y la urgente reapertura de todas las paritarias\u201d, luego de la decisi\u00f3n del Gobierno nacional de devaluar hoy el peso un 22%, porque \u201cla medida se trasladar\u00e1 a los precios\u201d, asegur\u00f3 el electo titular de la entidad, Rodolfo Aguiar, actualmente secretario adjunto. El candidato a presidente de Uni\u00f3n por la Patria y ministro de Econom\u00eda, Sergio Massa, negociaba con los sindicatos por la aplicaci\u00f3n de la medida.<\/p>\n\n\n\n<p>El dirigente rionegrino Rodolfo Aguiar reclam\u00f3 \u201cel inmediato pago de una suma fija y la urgente reapertura de todas las paritarias\u201d, porque &#8220;la devaluaci\u00f3n anunciada hoy se trasladar\u00e1 a los precios y ser\u00e1 imposible modificar el resultado electoral de las PASO en octubre pr\u00f3ximo si no se adoptan medidas de redistribuci\u00f3n del ingreso&#8221;, indic\u00f3 un comunicado. Y afirm\u00f3: \u201cNo es posible entender que el Gobierno no haya decidido de forma previa otorgar una suma fija que permitiera recuperar r\u00e1pidamente el poder de compra de los ingresos en el sector p\u00fablico\u201d.<\/p>\n\n\n\n<p>\u201cSi no se hace de inmediato y no se reabren todas las paritarias ser\u00e1 imposible modificar el preocupante resultado electoral de las primarias\u201d, agreg\u00f3. Aguiar y su compa\u00f1era de f\u00f3rmula, Mercedes Cabezas, se impusieron el mi\u00e9rcoles \u00faltimo a nivel nacional en los comicios de renovaci\u00f3n de autoridades de la ATE con la hist\u00f3rica Lista Verde Anusate oficialista, y asumir\u00e1n sus cargos el 7 de noviembre. Para el dirigente, es preciso adoptar de inmediato medidas de redistribuci\u00f3n del ingreso; asegur\u00f3 que \u201cen ning\u00fan pa\u00eds crece la econom\u00eda a la par que la pobreza y bajan los salarios\u201d, y dijo que en Argentina solo \u201cse benefician los grupos econ\u00f3micos\u201d.<\/p>\n\n\n\n<p>\u201cLa devaluaci\u00f3n y la suba del d\u00f3lar oficial con un valor fijo hasta octubre es a medida del Fondo Monetario Internacional (FMI) y tendr\u00e1 impacto en los precios. Hay que reabrir las paritarias y las negociaciones salariales en provincias y municipios\u201d, dijo Aguiar. Y se pregunt\u00f3: \u201c\u00bfpor qu\u00e9 la gente modificar\u00eda en octubre su voto o por qu\u00e9 quienes no sufragaron en las primarias lo har\u00e1n ahora si no se muestra un claro cambio de rumbo econ\u00f3mico?\u201d. El dirigente puntualiz\u00f3 que hasta el momento \u201cganaron el FMI y la justicia, pero no hay que asustarse ni retroceder, porque Javier Milei y Patricia Bullrich a\u00fan no ganaron, por lo que hay que luchar y evitar una restauraci\u00f3n conservadora y neoliberal\u201d.<\/p>\n\n\n\n<p><strong>Suma fija: qu\u00e9 escenarios se pueden imaginar<\/strong><\/p>\n\n\n\n<p>Para diciembre de 2019, el macrismo destruy\u00f3 la mediana salarial y la redujo 20 puntos. Seg\u00fan datos del Centro de Econom\u00eda Pol\u00edtica (CEPA) a los que pudo acceder este medio, para julio de 2023 la mediana salarial se ubicaba en el 82% respecto a 2015.<\/p>\n\n\n\n<ul class=\"wp-block-list\">\n<li>Para volver a los par\u00e1metros de 2015, la suma fija rondar\u00eda los 64.000 pesos,<\/li>\n\n\n\n<li>Con 40.000 pesos el salario se ubicar\u00eda un 14,5% arriba de 2019 y a siete puntos de 2015.<\/li>\n\n\n\n<li>Si la suma fuera de 15.000 pesos, el salario quedar\u00eda 7,6% por encima de 2019, mientras que con 10.000 pesos un 6,1% arriba.<\/li>\n<\/ul>\n","protected":false},"excerpt":{"rendered":"<p>(fuente: https:\/\/www.eldestapeweb.com\/) La Asociaci\u00f3n Trabajadores del Estado (ATE) reclam\u00f3 \u201cuna suma fija y la urgente reapertura de todas las paritarias\u201d, luego de la decisi\u00f3n del Gobierno nacional de devaluar hoy el peso un 22%, porque \u201cla medida se trasladar\u00e1 a los precios\u201d, asegur\u00f3 el electo titular de la entidad, Rodolfo Aguiar, actualmente secretario adjunto. El [&hellip;]<\/p>\n","protected":false},"author":7,"featured_media":38279,"comment_status":"open","ping_status":"open","sticky":false,"template":"","format":"standard","meta":{"_exactmetrics_skip_tracking":false,"_exactmetrics_sitenote_active":false,"_exactmetrics_sitenote_note":"","_exactmetrics_sitenote_category":0,"jnews-multi-image_gallery":[],"jnews_single_post":{"subtitle":"\u201cLa devaluaci\u00f3n y la suba del d\u00f3lar oficial con un valor fijo hasta octubre es a medida del Fondo Monetario Internacional (FMI) y tendr\u00e1 impacto en los precios. Hay que reabrir las paritarias y las negociaciones salariales en provincias y municipios\u201d, dijo el secretario General electo de ATE, Rodolfo Aguiar. ","format":"standard","video":"","gallery":"","source_name":"","source_url":"","via_name":"","via_url":"","override_template":"0","override":[{"template":"1","single_blog_custom":"","parallax":"1","fullscreen":"1","layout":"no-sidebar-narrow","sidebar":"default-sidebar","second_sidebar":"default-sidebar","sticky_sidebar":"1","share_position":"bottom","share_float_style":"share-monocrhome","show_share_counter":"1","show_view_counter":"1","show_featured":"0","show_post_meta":"1","show_post_author":"0","show_post_author_image":"1","show_post_date":"1","post_date_format":"default","post_date_format_custom":"Y\/m\/d","show_post_category":"1","show_post_reading_time":"0","post_reading_time_wpm":"300","show_zoom_button":"0","zoom_button_out_step":"2","zoom_button_in_step":"3","show_post_tag":"1","show_prev_next_post":"0","show_popup_post":"0","number_popup_post":"1","show_author_box":"0","show_post_related":"1","show_inline_post_related":"0"}],"override_image_size":"0","image_override":[{"single_post_thumbnail_size":"crop-500","single_post_gallery_size":"crop-500"}],"trending_post":"0","trending_post_position":"meta","trending_post_label":"Trending","sponsored_post":"0","sponsored_post_label":"Sponsored by","sponsored_post_name":"","sponsored_post_url":"","sponsored_post_logo_enable":"0","sponsored_post_logo":"","sponsored_post_desc":"","disable_ad":"0"},"jnews_primary_category":{"id":"","hide":""},"jnews_social_meta":{"fb_title":"","fb_description":"","fb_image":"","twitter_title":"","twitter_description":"","twitter_image":""},"jnews_review":[],"enable_review":"0","type":"percentage","name":"","summary":"","brand":"","sku":"","good":[{"good_text":""}],"bad":[{"bad_text":""}],"score_override":"","override_value":"","rating":[{"rating_text":"","rating_number":"10"}],"price":[{"shop":"","price":"","link":"","icon":""}],"jnews_override_counter":{"override_view_counter":"0","view_counter_number":"0","override_share_counter":"0","share_counter_number":"0","override_like_counter":"0","like_counter_number":"0","override_dislike_counter":"0","dislike_counter_number":"0"},"jnews_post_split":{"enable_post_split":"0","post_split":[{"template":"1","tag":"h2","numbering":"asc","mode":"normal","first":"0","enable_toc":"0","toc_type":"normal"}]},"footnotes":""},"categories":[756],"tags":[],"class_list":["post-38278","post","type-post","status-publish","format-standard","has-post-thumbnail","hentry","category-consejo-directivo-nacional-cdn"],"jetpack_featured_media_url":"https:\/\/atecordoba.org\/wp-content\/uploads\/2023\/08\/rodolfo-aguiar.jpg","_links":{"self":[{"href":"https:\/\/atecordoba.org\/index.php?rest_route=\/wp\/v2\/posts\/38278","targetHints":{"allow":["GET"]}}],"collection":[{"href":"https:\/\/atecordoba.org\/index.php?rest_route=\/wp\/v2\/posts"}],"about":[{"href":"https:\/\/atecordoba.org\/index.php?rest_route=\/wp\/v2\/types\/post"}],"author":[{"embeddable":true,"href":"https:\/\/atecordoba.org\/index.php?rest_route=\/wp\/v2\/users\/7"}],"replies":[{"embeddable":true,"href":"https:\/\/atecordoba.org\/index.php?rest_route=%2Fwp%2Fv2%2Fcomments&post=38278"}],"version-history":[{"count":1,"href":"https:\/\/atecordoba.org\/index.php?rest_route=\/wp\/v2\/posts\/38278\/revisions"}],"predecessor-version":[{"id":38280,"href":"https:\/\/atecordoba.org\/index.php?rest_route=\/wp\/v2\/posts\/38278\/revisions\/38280"}],"wp:featuredmedia":[{"embeddable":true,"href":"https:\/\/atecordoba.org\/index.php?rest_route=\/wp\/v2\/media\/38279"}],"wp:attachment":[{"href":"https:\/\/atecordoba.org\/index.php?rest_route=%2Fwp%2Fv2%2Fmedia&parent=38278"}],"wp:term":[{"taxonomy":"category","embeddable":true,"href":"https:\/\/atecordoba.org\/index.php?rest_route=%2Fwp%2Fv2%2Fcategories&post=38278"},{"taxonomy":"post_tag","embeddable":true,"href":"https:\/\/atecordoba.org\/index.php?rest_route=%2Fwp%2Fv2%2Ftags&post=38278"}],"curies":[{"name":"wp","href":"https:\/\/api.w.org\/{rel}","templated":true}]}}