{"id":38273,"date":"2023-08-15T10:02:09","date_gmt":"2023-08-15T13:02:09","guid":{"rendered":"https:\/\/atecordoba.org\/?p=38273"},"modified":"2023-08-15T10:03:58","modified_gmt":"2023-08-15T13:03:58","slug":"unidad-contra-la-barbarie","status":"publish","type":"post","link":"https:\/\/atecordoba.org\/?p=38273","title":{"rendered":"Unidad contra la barbarie"},"content":{"rendered":"<div class=\"wp-block-image\">\n<figure class=\"aligncenter size-large is-resized\"><img loading=\"lazy\" decoding=\"async\" src=\"https:\/\/atecordoba.org\/wp-content\/uploads\/2023\/08\/366250391_677437164406201_167180148551908646_n-1-1024x684.jpg\" alt=\"\" class=\"wp-image-38274\" width=\"768\" height=\"513\" \/><\/figure>\n<\/div>\n\n\n<p><strong>Por Federico Giuliani*<\/strong><\/p>\n\n\n\n<p>Se acab\u00f3 el proceso electoral en ATE, fueron meses intensos, con muchas actividades y priorizando la presencia con nuestros afiliados. Durante la campa\u00f1a ambas listas que compet\u00edamos por el Consejo Directivo Provincial (CDP) y sus seccionales hicimos todo lo que humanamente pudimos para obtener el triunfo, pero ya est\u00e1, ya termin\u00f3 y el espacio al que represento, la Agrupaci\u00f3n La Verde de German Abdala -Lista Verde Violeta-, fue elegido por la mayor\u00eda de los trabajadores estatales de la provincia de C\u00f3rdoba y he sido electo nuevamente para conducir el CDP para el per\u00edodo 2023 -2027<\/p>\n\n\n\n<p>Cada cual har\u00e1 el an\u00e1lisis pol\u00edtico, cualitativo y cuantitativo de los resultados que mejor le parezca o que mejor le convenga. Pero el \u00fanico an\u00e1lisis en el que debemos coincidir todos es que terminado este proceso electoral tenemos el deber \u00e9tico de clase de representar a los trabajadores estatales nacionales, provinciales y municipales, cada uno desde el lugar para el que fue elegido.<\/p>\n\n\n\n<p>No debemos continuar con diferencias, sino entender que nuestra obligaci\u00f3n es para con nuestros afiliados y afiliadas, aplicando criterios de equidad, igualdad y justicia social para asegurar a cada uno mejores condiciones laborales y de vida.<\/p>\n\n\n\n<p>He cre\u00eddo y sigo creyendo que el Estado patr\u00f3n se dedic\u00f3 desde los a\u00f1os \u201990 a precarizarnos, desde la Naci\u00f3n, pasando por las provincias y terminando de la peor manera en los municipios. Tenemos la obligaci\u00f3n de organizar y luchar por los que est\u00e1n en peores condiciones laborales, que tienen formas pre-fundacionales a nuestro gremio de contrataci\u00f3n, asegurando que los que hoy se encuentren en mejores condiciones, las mantengan y las puedan seguir mejorando.<\/p>\n\n\n\n<p>Los a\u00f1os que se vienen en nuestro pa\u00eds, no son a\u00f1os de bonanza para los estatales. Los anuncios de cambios para recortar derechos sociales y laborales adquiridos se hacen realidad visto el resultado de las PASO de este domingo y nos deben hacer reflexionar y unir para lo que puede llegar a venir. El ajuste nacional ya est\u00e1 en marcha, y en nuestra provincia el electo gobernador, Mart\u00edn Llaryora, ha declarado p\u00fablicamente que reprimir\u00e1, perseguir\u00e1 judicialmente a los que decidamos reclamar por nuestros derechos. Al otro d\u00eda de su derrota electoral el Gobierno Nacional devalu\u00f3 m\u00e1s de un 20% y subi\u00f3 el valor del d\u00f3lar oficial a $365,5. Esto es: Mayor inflaci\u00f3n, menor poder adquisitivo, m\u00e1s hambre y pobreza.<\/p>\n\n\n\n<p>Tiempos oscuros son los que vienen, por ello es que invito a todas y todos, empezando por los afiliados, y haciendo hincapi\u00e9 en los 230 compa\u00f1eros que legal y leg\u00edtimamente fueron electos en cargos de conducci\u00f3n, a que comencemos a unificar la lucha, los discursos, las pr\u00e1cticas para asegurar a nuestros representados la defensa irrestricta de sus derechos.<\/p>\n\n\n\n<p>Estoy invitando al conjunto de los compa\u00f1eros y compa\u00f1eras a cumplir con el compromiso y el desaf\u00edo para los que nos eligieron los afiliados. Y como dec\u00eda Germ\u00e1n Abdala:&nbsp;<em>\u201cNuestras estructuras tienen que estar vivas, tienen que transformarse continuamente y tienen que tener una vitalidad que solamente con la transformaci\u00f3n interna y el alto protagonismo de todos los trabajadores garantizaremos que sean genuinamente representativas\u201d.&nbsp;&nbsp;<\/em>Porque en ATE, si tocan a uno nos tocan a todos.<\/p>\n\n\n\n<p>Una vez m\u00e1s, el pueblo trabajador ganar\u00e1 las calles para hacer frente al atropello que pretenden llevar adelante los herederos de un \u201cprogresismo\u201d que, de tanto alertar que no hagamos l\u00edo para \u201cno hacerle el juego a la derecha\u201d, termina asfaltando el camino para el retorno de la restauraci\u00f3n olig\u00e1rquica. Tendremos que pelear, hoy m\u00e1s que nunca, en defensa propia. Desde ATE planteamos con toda firmeza y claridad que es hora de abrir nuevos cauces de participaci\u00f3n, unidad y acci\u00f3n contra la barbarie, sabedores de que resistir es vencer.<\/p>\n\n\n\n<p><strong>*Secretario General de ATE y la CTA Aut\u00f3noma C\u00f3rdoba<\/strong><\/p>\n","protected":false},"excerpt":{"rendered":"<p>Por Federico Giuliani* Se acab\u00f3 el proceso electoral en ATE, fueron meses intensos, con muchas actividades y priorizando la presencia con nuestros afiliados. Durante la campa\u00f1a ambas listas que compet\u00edamos por el Consejo Directivo Provincial (CDP) y sus seccionales hicimos todo lo que humanamente pudimos para obtener el triunfo, pero ya est\u00e1, ya termin\u00f3 y [&hellip;]<\/p>\n","protected":false},"author":7,"featured_media":38274,"comment_status":"open","ping_status":"open","sticky":false,"template":"","format":"standard","meta":{"_exactmetrics_skip_tracking":false,"_exactmetrics_sitenote_active":false,"_exactmetrics_sitenote_note":"","_exactmetrics_sitenote_category":0,"jnews-multi-image_gallery":[],"jnews_single_post":{"subtitle":"\"Tiempos oscuros son los que vienen, por ello es que invito a todas y todos, empezando por los afiliados, y haciendo hincapi\u00e9 en los 230 compa\u00f1eros que legal y leg\u00edtimamente fueron electos en cargos de conducci\u00f3n, a que comencemos a unificar la lucha, los discursos, las pr\u00e1cticas para asegurar a nuestros representados la defensa irrestricta de sus derechos\", afirma el secretario General de ATE C\u00f3rdoba reelecto el pasado 9 de agosto, Federico Giuliani.","format":"standard","video":"","gallery":"","source_name":"","source_url":"","via_name":"","via_url":"","override_template":"0","override":[{"template":"1","single_blog_custom":"","parallax":"1","fullscreen":"1","layout":"no-sidebar-narrow","sidebar":"default-sidebar","second_sidebar":"default-sidebar","sticky_sidebar":"1","share_position":"bottom","share_float_style":"share-monocrhome","show_share_counter":"1","show_view_counter":"1","show_featured":"0","show_post_meta":"1","show_post_author":"0","show_post_author_image":"1","show_post_date":"1","post_date_format":"default","post_date_format_custom":"Y\/m\/d","show_post_category":"1","show_post_reading_time":"0","post_reading_time_wpm":"300","show_zoom_button":"0","zoom_button_out_step":"2","zoom_button_in_step":"3","show_post_tag":"1","show_prev_next_post":"0","show_popup_post":"0","number_popup_post":"1","show_author_box":"0","show_post_related":"1","show_inline_post_related":"0"}],"override_image_size":"0","image_override":[{"single_post_thumbnail_size":"crop-500","single_post_gallery_size":"crop-500"}],"trending_post":"0","trending_post_position":"meta","trending_post_label":"Trending","sponsored_post":"0","sponsored_post_label":"Sponsored by","sponsored_post_name":"","sponsored_post_url":"","sponsored_post_logo_enable":"0","sponsored_post_logo":"","sponsored_post_desc":"","disable_ad":"0"},"jnews_primary_category":{"id":"","hide":""},"jnews_social_meta":{"fb_title":"","fb_description":"","fb_image":"","twitter_title":"","twitter_description":"","twitter_image":""},"jnews_review":[],"enable_review":"0","type":"percentage","name":"","summary":"","brand":"","sku":"","good":[{"good_text":""}],"bad":[{"bad_text":""}],"score_override":"","override_value":"","rating":[{"rating_text":"","rating_number":"10"}],"price":[{"shop":"","price":"","link":"","icon":""}],"jnews_override_counter":{"override_view_counter":"0","view_counter_number":"0","override_share_counter":"0","share_counter_number":"0","override_like_counter":"0","like_counter_number":"0","override_dislike_counter":"0","dislike_counter_number":"0"},"jnews_post_split":{"enable_post_split":"0","post_split":[{"template":"1","tag":"h2","numbering":"asc","mode":"normal","first":"0","enable_toc":"0","toc_type":"normal"}]},"footnotes":""},"categories":[53],"tags":[],"class_list":["post-38273","post","type-post","status-publish","format-standard","has-post-thumbnail","hentry","category-comunicados-de-prensa"],"jetpack_featured_media_url":"https:\/\/atecordoba.org\/wp-content\/uploads\/2023\/08\/366250391_677437164406201_167180148551908646_n-1-e1692104523302.jpg","_links":{"self":[{"href":"https:\/\/atecordoba.org\/index.php?rest_route=\/wp\/v2\/posts\/38273","targetHints":{"allow":["GET"]}}],"collection":[{"href":"https:\/\/atecordoba.org\/index.php?rest_route=\/wp\/v2\/posts"}],"about":[{"href":"https:\/\/atecordoba.org\/index.php?rest_route=\/wp\/v2\/types\/post"}],"author":[{"embeddable":true,"href":"https:\/\/atecordoba.org\/index.php?rest_route=\/wp\/v2\/users\/7"}],"replies":[{"embeddable":true,"href":"https:\/\/atecordoba.org\/index.php?rest_route=%2Fwp%2Fv2%2Fcomments&post=38273"}],"version-history":[{"count":1,"href":"https:\/\/atecordoba.org\/index.php?rest_route=\/wp\/v2\/posts\/38273\/revisions"}],"predecessor-version":[{"id":38275,"href":"https:\/\/atecordoba.org\/index.php?rest_route=\/wp\/v2\/posts\/38273\/revisions\/38275"}],"wp:featuredmedia":[{"embeddable":true,"href":"https:\/\/atecordoba.org\/index.php?rest_route=\/wp\/v2\/media\/38274"}],"wp:attachment":[{"href":"https:\/\/atecordoba.org\/index.php?rest_route=%2Fwp%2Fv2%2Fmedia&parent=38273"}],"wp:term":[{"taxonomy":"category","embeddable":true,"href":"https:\/\/atecordoba.org\/index.php?rest_route=%2Fwp%2Fv2%2Fcategories&post=38273"},{"taxonomy":"post_tag","embeddable":true,"href":"https:\/\/atecordoba.org\/index.php?rest_route=%2Fwp%2Fv2%2Ftags&post=38273"}],"curies":[{"name":"wp","href":"https:\/\/api.w.org\/{rel}","templated":true}]}}