{"id":38262,"date":"2023-08-14T13:38:45","date_gmt":"2023-08-14T16:38:45","guid":{"rendered":"https:\/\/atecordoba.org\/?p=38262"},"modified":"2023-08-14T14:31:58","modified_gmt":"2023-08-14T17:31:58","slug":"villa-carlos-paz-para-la-justicia-del-trabajo-hubo-represalia-antisindical-y-ordena-indemnizar-a-las-y-los-municipales-despedidos-por-el-conflicto-de-salud","status":"publish","type":"post","link":"https:\/\/atecordoba.org\/?p=38262","title":{"rendered":"Villa Carlos Paz: para la Justicia del Trabajo hubo represalia antisindical y ordena indemnizar a las y los municipales despedidos por el conflicto de salud"},"content":{"rendered":"<div class=\"wp-block-image\">\n<figure class=\"aligncenter size-full is-resized\"><img loading=\"lazy\" decoding=\"async\" src=\"https:\/\/atecordoba.org\/wp-content\/uploads\/2023\/08\/marcha-8-de-abril-ate-2-1024x576-1.jpg\" alt=\"\" class=\"wp-image-38263\" width=\"768\" height=\"432\" \/><\/figure>\n<\/div>\n\n\n<p>La Sala 11 de la C\u00e1mara del Trabajo revoc\u00f3 la sentencia del juzgado de conciliaci\u00f3n que hab\u00eda rechazado un amparo interpuesto por ATE ante una serie de despidos arbitrarios realizados por la Municipalidad de Villa Carlos Paz en el marco de un conflicto gremial en el sector salud municipal, en diciembre de 2020.<\/p>\n\n\n\n<p>Cinco trabadoras y trabajadores hab\u00edan sufrido despidos despu\u00e9s que se afiliaran a ATE y participasen en asambleas y otras medidas de fuerza, raz\u00f3n por la que fueron despedidos por la gesti\u00f3n del actual oficialismo, que entonces ejerc\u00eda Daniel G\u00f3mez Gesteira, disfrazados bajo la excusa que el ejecutivo no les renovaba sus contratos.<\/p>\n\n\n\n<p>Ahora la C\u00e1mara sostuvo, en una sentencia emitida en julio pasado, que efectivamente como reclam\u00f3 ATE este personal sufri\u00f3 persecuci\u00f3n antisindical y, por lo tanto, orden\u00f3 al municipio que pague las indemnizaciones correspondientes.<\/p>\n\n\n\n<p>Vale se\u00f1alar que el Ejecutivo se hab\u00eda negado a todo reconocimiento aduciendo fin de los contratos cuando, en realidad, se trataba de personal precarizado que gozaba de estabilidad laboral en tanto trabajador o trabajadora estatal. Esa postura hab\u00eda sido avalada por el Juzgado N\u00b0 2 de Villa Carlos Paz, en una sala de conciliaci\u00f3n que rechaz\u00f3 el amparo presentado por ATE. Sin embargo, para la C\u00e1mara como instancia de apelaci\u00f3n superior los despidos fueron ilegales.<\/p>\n\n\n\n<p>\u201cNo hay duda que los despidos fue una represalia a ese conflicto sindical del 2020 donde entre muchos trabajadores y trabajadoras hab\u00edan participado las y los despedidos\u201d, explic\u00f3 la abogada de ATE Mar\u00eda Terragno.<\/p>\n\n\n\n<p>La letrada destac\u00f3 que las y los compa\u00f1eros ten\u00edan mucha antig\u00fcedad, algunos m\u00e1s de 10 a\u00f1os. \u201cReclamaban mejores condiciones de trabajo y fueron despedidos como un mecanismo ejemplificador para poner fin al conflicto\u201d, dijo.<\/p>\n\n\n\n<p>Y destac\u00f3 que \u201ces importante que la C\u00e1mara se haya declarado competente para entender en el caso porque es una pelea que damos desde ATE que la Justicia asuma que el empleo p\u00fablico forma parte del derecho del trabajo y por lo tanto est\u00e1 incluido en el marco de las medidas protectorias y progresistas, como son las garant\u00edas de organizaci\u00f3n y libertad sindical\u201d.<\/p>\n\n\n\n<p>Asimismo no es menor que la sentencia establezca que los despidos fueron discriminatorios y sanciona a la Municipalidad como empleadora con una indemnizaci\u00f3n agravada. El antecedente queda asentado para otros conflictos que puedan surgir en otros municipios de la provincia.<\/p>\n","protected":false},"excerpt":{"rendered":"<p>La Sala 11 de la C\u00e1mara del Trabajo revoc\u00f3 la sentencia del juzgado de conciliaci\u00f3n que hab\u00eda rechazado un amparo interpuesto por ATE ante una serie de despidos arbitrarios realizados por la Municipalidad de Villa Carlos Paz en el marco de un conflicto gremial en el sector salud municipal, en diciembre de 2020. Cinco trabadoras [&hellip;]<\/p>\n","protected":false},"author":7,"featured_media":38263,"comment_status":"open","ping_status":"open","sticky":false,"template":"","format":"standard","meta":{"_exactmetrics_skip_tracking":false,"_exactmetrics_sitenote_active":false,"_exactmetrics_sitenote_note":"","_exactmetrics_sitenote_category":0,"jnews-multi-image_gallery":[],"jnews_single_post":{"subtitle":"La sentencia estableci\u00f3 que los despidos fueron discriminatorios y sanciona a la Municipalidad como empleadora con una indemnizaci\u00f3n agravada. El antecedente queda asentado para otros conflictos que puedan surgir en otros municipios de la provincia.","format":"standard","video":"","gallery":"","source_name":"","source_url":"","via_name":"","via_url":"","override_template":"0","override":[{"template":"1","single_blog_custom":"","parallax":"1","fullscreen":"1","layout":"no-sidebar-narrow","sidebar":"default-sidebar","second_sidebar":"default-sidebar","sticky_sidebar":"1","share_position":"bottom","share_float_style":"share-monocrhome","show_share_counter":"1","show_view_counter":"1","show_featured":"0","show_post_meta":"1","show_post_author":"0","show_post_author_image":"1","show_post_date":"1","post_date_format":"default","post_date_format_custom":"Y\/m\/d","show_post_category":"1","show_post_reading_time":"0","post_reading_time_wpm":"300","show_zoom_button":"0","zoom_button_out_step":"2","zoom_button_in_step":"3","show_post_tag":"1","show_prev_next_post":"0","show_popup_post":"0","number_popup_post":"1","show_author_box":"0","show_post_related":"1","show_inline_post_related":"0"}],"override_image_size":"0","image_override":[{"single_post_thumbnail_size":"crop-500","single_post_gallery_size":"crop-500"}],"trending_post":"0","trending_post_position":"meta","trending_post_label":"Trending","sponsored_post":"0","sponsored_post_label":"Sponsored by","sponsored_post_name":"","sponsored_post_url":"","sponsored_post_logo_enable":"0","sponsored_post_logo":"","sponsored_post_desc":"","disable_ad":"0"},"jnews_primary_category":{"id":"","hide":""},"jnews_social_meta":{"fb_title":"","fb_description":"","fb_image":"","twitter_title":"","twitter_description":"","twitter_image":""},"jnews_review":[],"enable_review":"0","type":"percentage","name":"","summary":"","brand":"","sku":"","good":[{"good_text":""}],"bad":[{"bad_text":""}],"score_override":"","override_value":"","rating":[{"rating_text":"","rating_number":"10"}],"price":[{"shop":"","price":"","link":"","icon":""}],"jnews_override_counter":{"override_view_counter":"0","view_counter_number":"0","override_share_counter":"0","share_counter_number":"0","override_like_counter":"0","like_counter_number":"0","override_dislike_counter":"0","dislike_counter_number":"0"},"jnews_post_split":{"enable_post_split":"0","post_split":[{"template":"1","tag":"h2","numbering":"asc","mode":"normal","first":"0","enable_toc":"0","toc_type":"normal"}]},"footnotes":""},"categories":[20],"tags":[],"class_list":["post-38262","post","type-post","status-publish","format-standard","has-post-thumbnail","hentry","category-municipales"],"jetpack_featured_media_url":"https:\/\/atecordoba.org\/wp-content\/uploads\/2023\/08\/marcha-8-de-abril-ate-2-1024x576-1-e1692031120503.jpg","_links":{"self":[{"href":"https:\/\/atecordoba.org\/index.php?rest_route=\/wp\/v2\/posts\/38262","targetHints":{"allow":["GET"]}}],"collection":[{"href":"https:\/\/atecordoba.org\/index.php?rest_route=\/wp\/v2\/posts"}],"about":[{"href":"https:\/\/atecordoba.org\/index.php?rest_route=\/wp\/v2\/types\/post"}],"author":[{"embeddable":true,"href":"https:\/\/atecordoba.org\/index.php?rest_route=\/wp\/v2\/users\/7"}],"replies":[{"embeddable":true,"href":"https:\/\/atecordoba.org\/index.php?rest_route=%2Fwp%2Fv2%2Fcomments&post=38262"}],"version-history":[{"count":3,"href":"https:\/\/atecordoba.org\/index.php?rest_route=\/wp\/v2\/posts\/38262\/revisions"}],"predecessor-version":[{"id":38268,"href":"https:\/\/atecordoba.org\/index.php?rest_route=\/wp\/v2\/posts\/38262\/revisions\/38268"}],"wp:featuredmedia":[{"embeddable":true,"href":"https:\/\/atecordoba.org\/index.php?rest_route=\/wp\/v2\/media\/38263"}],"wp:attachment":[{"href":"https:\/\/atecordoba.org\/index.php?rest_route=%2Fwp%2Fv2%2Fmedia&parent=38262"}],"wp:term":[{"taxonomy":"category","embeddable":true,"href":"https:\/\/atecordoba.org\/index.php?rest_route=%2Fwp%2Fv2%2Fcategories&post=38262"},{"taxonomy":"post_tag","embeddable":true,"href":"https:\/\/atecordoba.org\/index.php?rest_route=%2Fwp%2Fv2%2Ftags&post=38262"}],"curies":[{"name":"wp","href":"https:\/\/api.w.org\/{rel}","templated":true}]}}