{"id":3824,"date":"2014-02-24T15:42:00","date_gmt":"2014-02-24T18:42:00","guid":{"rendered":"http:\/\/www.atecordoba.org\/?p=3824"},"modified":"2014-02-24T15:42:00","modified_gmt":"2014-02-24T18:42:00","slug":"fallo-a-favor-de-la-personeria-juridica-de-ammar","status":"publish","type":"post","link":"https:\/\/atecordoba.org\/?p=3824","title":{"rendered":"Fallo a favor de la Personer\u00eda Jur\u00eddica de AMMAR"},"content":{"rendered":"<p><em>&#8220;Luego de dos a\u00f1os de insistencia, desdeAMMAR\u00a0C\u00f3rdoba, estamos muy contentas en informarles que el pedido de nuestra Personer\u00eda Jur\u00eddica fue finalmente atendido por la Jueza de 1ra Instancia, la Dra. Bertossi De Lorenzati, con sentencia del d\u00eda 17 de febrero de 2014&#8221;, informa la organizaci\u00f3n liderada por Eugenia Aravena.\u00a0<\/em><\/p>\n<figure id=\"attachment_3825\" aria-describedby=\"caption-attachment-3825\" style=\"width: 400px\" class=\"wp-caption aligncenter\"><a href=\"http:\/\/www.atecordoba.org\/wp-content\/uploads\/2014\/02\/eugenia-aravena.jpg\"><img loading=\"lazy\" decoding=\"async\" class=\"size-full wp-image-3825\" alt=\"eugenia aravena\" src=\"http:\/\/www.atecordoba.org\/wp-content\/uploads\/2014\/02\/eugenia-aravena.jpg\" width=\"400\" height=\"246\" \/><\/a><figcaption id=\"caption-attachment-3825\" class=\"wp-caption-text\">La compa\u00f1era Eugenia Aravena, secretaria General de AMMAR C\u00f3rdoba<\/figcaption><\/figure>\n<p>&nbsp;<\/p>\n<p>La magistrada, &#8220;intim\u00f3 a la Inspecci\u00f3n de Personas Jur\u00eddicas (IPJ) de C\u00f3rdoba a que en el termino de 5 (cinco) d\u00edas h\u00e1biles inscriba a\u00a0AMMARC\u00f3rdoba como una Asociaci\u00f3n Civil oficialmente reconocida.<\/p>\n<p>Es de p\u00fablico conocimiento queAMMAR\u00a0C\u00f3rdoba viene luchando por obtener su propia personer\u00eda jur\u00eddica desde hace a\u00f1os. Esta lucha tuvo un duro traspi\u00e9 el 26 de diciembre de 2012 cuando la IPJ de C\u00f3rdoba denegaba, por Resoluci\u00f3n 593, la personer\u00eda jur\u00eddica a\u00a0AMMAR\u00a0, a pesar de cumplimentar todos los requisitos legales, t\u00e9cnicos y administrativos requeridos. En el rechazo se argumentaba que nuestra entidad \u201cno responde a un fin de Bienestar General o el bien com\u00fan conforme a lo estipulado por el art\u00edculo 33 de actual C\u00f3digo Civil\u201d.<\/p>\n<p>Presentamos entonces un recurso de reconsideraci\u00f3n, el que fue rechazado nuevamente en mayo de ese a\u00f1o. Entonces decidimos reclamar ante la justicia con el apoyo de la Asociaci\u00f3n Civil Cl\u00ednica Jur\u00eddica de inter\u00e9s p\u00fablico C\u00f3rdoba. En diciembre del 2013 se presento un Recurso de Amparo Colectivo en el Juzgado de Conciliaci\u00f3n 5ta Nominaci\u00f3n, Sec. 10\u00b0 el cual finalmente llev\u00f3 a una sentencia favorable a nuestro justo pedido. Nos enorgullece contarles que la Jueza Dra. Bertossi De Lorenzati , luego de reconocer que\u00a0AMMAR\u00a0C\u00f3rdoba tiene una intachable trayectoria desde hace m\u00e1s de 14 a\u00f1os, durante las cuales las trabajadoras sexuales nos hemos agrupado y desarrollado un proyecto que no solo beneficia e involucra a nuestro sector, sino que tambi\u00e9n a la sociedad de la que somos parte, afirma que hemos \u201clogrado demostrar que el objetivo perseguido a los fines de obtener la Personer\u00eda Jur&amp;ia cute;dica es el BIEN COM\u00daN (&#8230;) Por todo ello, normas legales citadas, doctrina y jurisprudencia, debe declararse la nulidad de La Resoluci\u00f3n N\u00b0 593.&#8221; (\u2026) \u201cpor ser discriminatoria y arbitraria\u201d<\/p>\n<p>Creemos que esta decisi\u00f3n judicial no s\u00f3lo pone de manifiesto la importancia de una justicia abierta a los sectores m\u00e1s vulnerables, y dispuesta a defender derechos por otros invisibilizados y postergados, sino que tambi\u00e9n se alinea con las posturas m\u00e1s democr\u00e1ticas respecto a la importancia de la sociedad civil.<\/p>\n<p>Celebramos doblemente este fallo cuando afirma que \u201cla capacidad de la persona jur\u00eddica de existencia ideal para poder actuar ante la justicia es crucial para permitir la representaci\u00f3n de intereses colectivos, forma legal que resulta imprescindible cuando se trata del acceso real a la justicia de grupos que sufren formas significativas de discriminaci\u00f3n y desventaja socio-econ\u00f3mica\u201d. Cuando el gobierno de la provincia de C\u00f3rdoba acate la sentencia, ser\u00e1 parte protag\u00f3nica del hacer justicia para esos grupos a los que refiere la jueza, para nosotras que desde hace tanto venimos esperando.<\/p>\n<p>Convocamos a los medios de comunicaci\u00f3n, organizaciones sociales, entidades p\u00fablicas y militantes que han acompa\u00f1ado lealmente a\u00a0AMMAR\u00a0en esta lucha.\u00a0Queremos compartir este momento de celebraci\u00f3n de la justicia hecha ante un reclamo legitimo. Los invitamos, en especial, a que sumen su adhesi\u00f3n peticionando al gobierno para que cumpla con la orden judicial y participe en la construcci\u00f3n de una sociedad libre de discriminaci\u00f3n contra las trabajadoras sexuales organizadas&#8221;, concluye la declaraci\u00f3n firmada por Eugenia Aravena, secretaria General de la Asociaci\u00f3n de Mujeres Meretrices de la Argentina (AMMAR-CTA) C\u00f3rdoba.<\/p>\n","protected":false},"excerpt":{"rendered":"<p>&#8220;Luego de dos a\u00f1os de insistencia, desdeAMMAR\u00a0C\u00f3rdoba, estamos muy contentas en informarles que el pedido de nuestra Personer\u00eda Jur\u00eddica fue finalmente atendido por la Jueza de 1ra Instancia, la Dra. Bertossi De Lorenzati, con sentencia del d\u00eda 17 de febrero de 2014&#8221;, informa la organizaci\u00f3n liderada por Eugenia Aravena.\u00a0 &nbsp; La magistrada, &#8220;intim\u00f3 a la [&hellip;]<\/p>\n","protected":false},"author":1,"featured_media":19220,"comment_status":"open","ping_status":"open","sticky":false,"template":"","format":"standard","meta":{"_exactmetrics_skip_tracking":false,"_exactmetrics_sitenote_active":false,"_exactmetrics_sitenote_note":"","_exactmetrics_sitenote_category":0,"jnews-multi-image_gallery":[],"jnews_single_post":[],"jnews_primary_category":[],"jnews_social_meta":[],"jnews_review":[],"enable_review":"","type":"","name":"","summary":"","brand":"","sku":"","good":[],"bad":[],"score_override":"","override_value":"","rating":[],"price":[],"jnews_override_counter":[],"jnews_post_split":[],"footnotes":""},"categories":[92],"tags":[],"class_list":["post-3824","post","type-post","status-publish","format-standard","has-post-thumbnail","hentry","category-cta"],"jetpack_featured_media_url":"https:\/\/atecordoba.org\/wp-content\/uploads\/2020\/05\/logo-nuevochico-e1561581322808.png","_links":{"self":[{"href":"https:\/\/atecordoba.org\/index.php?rest_route=\/wp\/v2\/posts\/3824","targetHints":{"allow":["GET"]}}],"collection":[{"href":"https:\/\/atecordoba.org\/index.php?rest_route=\/wp\/v2\/posts"}],"about":[{"href":"https:\/\/atecordoba.org\/index.php?rest_route=\/wp\/v2\/types\/post"}],"author":[{"embeddable":true,"href":"https:\/\/atecordoba.org\/index.php?rest_route=\/wp\/v2\/users\/1"}],"replies":[{"embeddable":true,"href":"https:\/\/atecordoba.org\/index.php?rest_route=%2Fwp%2Fv2%2Fcomments&post=3824"}],"version-history":[{"count":0,"href":"https:\/\/atecordoba.org\/index.php?rest_route=\/wp\/v2\/posts\/3824\/revisions"}],"wp:featuredmedia":[{"embeddable":true,"href":"https:\/\/atecordoba.org\/index.php?rest_route=\/wp\/v2\/media\/19220"}],"wp:attachment":[{"href":"https:\/\/atecordoba.org\/index.php?rest_route=%2Fwp%2Fv2%2Fmedia&parent=3824"}],"wp:term":[{"taxonomy":"category","embeddable":true,"href":"https:\/\/atecordoba.org\/index.php?rest_route=%2Fwp%2Fv2%2Fcategories&post=3824"},{"taxonomy":"post_tag","embeddable":true,"href":"https:\/\/atecordoba.org\/index.php?rest_route=%2Fwp%2Fv2%2Ftags&post=3824"}],"curies":[{"name":"wp","href":"https:\/\/api.w.org\/{rel}","templated":true}]}}