{"id":3818,"date":"2014-02-21T15:01:11","date_gmt":"2014-02-21T18:01:11","guid":{"rendered":"http:\/\/www.atecordoba.org\/?p=3818"},"modified":"2014-02-21T15:01:11","modified_gmt":"2014-02-21T18:01:11","slug":"nuevos-delegados-en-la-unidad-turistica-de-embalse","status":"publish","type":"post","link":"https:\/\/atecordoba.org\/?p=3818","title":{"rendered":"Nuevos delegados en la Unidad Tur\u00edstica de Embalse"},"content":{"rendered":"<p>Los compa\u00f1eros que se desempe\u00f1an en los hoteles de Embalse eligieron el 18 de febrero pasado a los compa\u00f1eros Estela Dassi y Ricardo Corradi como delegados por los pr\u00f3ximos dos a\u00f1os. De esta manera, el sector que integra la seccional R\u00edo Tercero confirma el salto organizativo que viene desarrollando los \u00faltimos a\u00f1os. Vot\u00f3 el 80% del padr\u00f3n disponible.<\/p>\n<figure id=\"attachment_3819\" aria-describedby=\"caption-attachment-3819\" style=\"width: 560px\" class=\"wp-caption aligncenter\"><a href=\"http:\/\/www.atecordoba.org\/wp-content\/uploads\/2014\/02\/mesa.png\"><img loading=\"lazy\" decoding=\"async\" class=\" wp-image-3819\" alt=\"mesa\" src=\"http:\/\/www.atecordoba.org\/wp-content\/uploads\/2014\/02\/mesa.png\" width=\"560\" height=\"420\" \/><\/a><figcaption id=\"caption-attachment-3819\" class=\"wp-caption-text\">Mesa de votaci\u00f3n<\/figcaption><\/figure>\n<figure id=\"attachment_3820\" aria-describedby=\"caption-attachment-3820\" style=\"width: 560px\" class=\"wp-caption aligncenter\"><a href=\"http:\/\/www.atecordoba.org\/wp-content\/uploads\/2014\/02\/delegada-embalse-Dassi-estela.png\"><img loading=\"lazy\" decoding=\"async\" class=\" wp-image-3820\" alt=\"delegada embalse Dassi estela\" src=\"http:\/\/www.atecordoba.org\/wp-content\/uploads\/2014\/02\/delegada-embalse-Dassi-estela.png\" width=\"560\" height=\"420\" \/><\/a><figcaption id=\"caption-attachment-3820\" class=\"wp-caption-text\">La nueva delegada Estela Dassi<\/figcaption><\/figure>\n<p>&nbsp;<\/p>\n<p style=\"text-align: center;\">\n","protected":false},"excerpt":{"rendered":"<p>Los compa\u00f1eros que se desempe\u00f1an en los hoteles de Embalse eligieron el 18 de febrero pasado a los compa\u00f1eros Estela Dassi y Ricardo Corradi como delegados por los pr\u00f3ximos dos a\u00f1os. De esta manera, el sector que integra la seccional R\u00edo Tercero confirma el salto organizativo que viene desarrollando los \u00faltimos a\u00f1os. Vot\u00f3 el 80% [&hellip;]<\/p>\n","protected":false},"author":1,"featured_media":19220,"comment_status":"open","ping_status":"open","sticky":false,"template":"","format":"standard","meta":{"_exactmetrics_skip_tracking":false,"_exactmetrics_sitenote_active":false,"_exactmetrics_sitenote_note":"","_exactmetrics_sitenote_category":0,"jnews-multi-image_gallery":[],"jnews_single_post":[],"jnews_primary_category":[],"jnews_social_meta":[],"jnews_review":[],"enable_review":"","type":"","name":"","summary":"","brand":"","sku":"","good":[],"bad":[],"score_override":"","override_value":"","rating":[],"price":[],"jnews_override_counter":[],"jnews_post_split":[],"footnotes":""},"categories":[18,13,34],"tags":[],"class_list":["post-3818","post","type-post","status-publish","format-standard","has-post-thumbnail","hentry","category-nacionales","category-rio-tercero","category-seccionales"],"jetpack_featured_media_url":"https:\/\/atecordoba.org\/wp-content\/uploads\/2020\/05\/logo-nuevochico-e1561581322808.png","_links":{"self":[{"href":"https:\/\/atecordoba.org\/index.php?rest_route=\/wp\/v2\/posts\/3818","targetHints":{"allow":["GET"]}}],"collection":[{"href":"https:\/\/atecordoba.org\/index.php?rest_route=\/wp\/v2\/posts"}],"about":[{"href":"https:\/\/atecordoba.org\/index.php?rest_route=\/wp\/v2\/types\/post"}],"author":[{"embeddable":true,"href":"https:\/\/atecordoba.org\/index.php?rest_route=\/wp\/v2\/users\/1"}],"replies":[{"embeddable":true,"href":"https:\/\/atecordoba.org\/index.php?rest_route=%2Fwp%2Fv2%2Fcomments&post=3818"}],"version-history":[{"count":0,"href":"https:\/\/atecordoba.org\/index.php?rest_route=\/wp\/v2\/posts\/3818\/revisions"}],"wp:featuredmedia":[{"embeddable":true,"href":"https:\/\/atecordoba.org\/index.php?rest_route=\/wp\/v2\/media\/19220"}],"wp:attachment":[{"href":"https:\/\/atecordoba.org\/index.php?rest_route=%2Fwp%2Fv2%2Fmedia&parent=3818"}],"wp:term":[{"taxonomy":"category","embeddable":true,"href":"https:\/\/atecordoba.org\/index.php?rest_route=%2Fwp%2Fv2%2Fcategories&post=3818"},{"taxonomy":"post_tag","embeddable":true,"href":"https:\/\/atecordoba.org\/index.php?rest_route=%2Fwp%2Fv2%2Ftags&post=3818"}],"curies":[{"name":"wp","href":"https:\/\/api.w.org\/{rel}","templated":true}]}}