{"id":38101,"date":"2023-08-04T10:13:34","date_gmt":"2023-08-04T13:13:34","guid":{"rendered":"https:\/\/atecordoba.org\/?p=38101"},"modified":"2023-08-04T10:15:44","modified_gmt":"2023-08-04T13:15:44","slug":"elecciones-del-9-de-agosto-la-burocracia-de-ate-villa-maria-es-un-pelotazo-en-contra","status":"publish","type":"post","link":"https:\/\/atecordoba.org\/?p=38101","title":{"rendered":"Elecciones del 9 de agosto: agresiones de la burocracia de ATE Villa Mar\u00eda"},"content":{"rendered":"<div class=\"wp-block-image\">\n<figure class=\"aligncenter size-large is-resized\"><img loading=\"lazy\" decoding=\"async\" src=\"https:\/\/atecordoba.org\/wp-content\/uploads\/2023\/08\/365221330_674759471340637_8225471225283670323_n-1024x768.jpg\" alt=\"\" class=\"wp-image-38102\" width=\"768\" height=\"576\" srcset=\"https:\/\/atecordoba.org\/wp-content\/uploads\/2023\/08\/365221330_674759471340637_8225471225283670323_n-1024x768.jpg 1024w, https:\/\/atecordoba.org\/wp-content\/uploads\/2023\/08\/365221330_674759471340637_8225471225283670323_n-300x225.jpg 300w, https:\/\/atecordoba.org\/wp-content\/uploads\/2023\/08\/365221330_674759471340637_8225471225283670323_n-768x576.jpg 768w, https:\/\/atecordoba.org\/wp-content\/uploads\/2023\/08\/365221330_674759471340637_8225471225283670323_n-750x563.jpg 750w, https:\/\/atecordoba.org\/wp-content\/uploads\/2023\/08\/365221330_674759471340637_8225471225283670323_n-1140x855.jpg 1140w, https:\/\/atecordoba.org\/wp-content\/uploads\/2023\/08\/365221330_674759471340637_8225471225283670323_n.jpg 1200w\" sizes=\"auto, (max-width: 768px) 100vw, 768px\" \/><\/figure>\n<\/div>\n\n\n<p>Hace a\u00f1os que est\u00e1n recluidos en la Seccional de ATE Villa Mar\u00eda haciendo un sindicato peque\u00f1o, burocr\u00e1tico, corporativo, de escritorio, que niega el debate y la participaci\u00f3n de los afiliados y promueve \u201caprietes\u201d a los compa\u00f1eros y compa\u00f1eras que se oponen a estas pr\u00e1cticas nefastas, m\u00e1s propias de \u00e9pocas oscuras. Dicen ser \u201cdemocr\u00e1ticos\u201d pero desde la Lista Verde y Turquesa no aceptan las cr\u00edticas. No quieren entender que despu\u00e9s de 20 a\u00f1os van a tener una lista en contra, la Verde y Violeta, compuesta mayoritariamente por j\u00f3venes y mujeres que est\u00e1n hartos de tanto destrato e inacci\u00f3n gremial.<\/p>\n\n\n\n<p>Este jueves volvieron a demostrar su rostro violento e intolerante irrumpiendo en una asamblea de la Verde y Violeta convocada en el Play\u00f3n de la F\u00e1brica Militar. Lo hicieron en manada, a los gritos y empujones a las compa\u00f1eras, sin otro argumento que el de hacer callar por la fuerza a los que piensan y, sobre todo, act\u00faan distinto.<\/p>\n\n\n\n<p>Una muestra palmaria de su debilidad pol\u00edtica e ideol\u00f3gica. De la concepci\u00f3n de un modelo sindical vetusto, que atrasa. Lograron que la asamblea no se realizara, lo que no consiguieron es evitar que los trabajadores de la F\u00e1brica Militar vieran en vivo y en directo c\u00f3mo opera la patota enquistada en la Seccional. Mostraron la hilacha. Fue un bochorno. Un verdadero pelotazo en contra.<\/p>\n\n\n\n<figure class=\"wp-block-gallery has-nested-images columns-default is-cropped wp-block-gallery-1 is-layout-flex wp-block-gallery-is-layout-flex\">\n<figure class=\"wp-block-image size-large\"><a href=\"https:\/\/atecordoba.org\/wp-content\/uploads\/2023\/08\/364081941_674759491340635_1058463940117750084_n-300x225-1.jpg\" target=\"_blank\" rel=\"noopener\"><img loading=\"lazy\" decoding=\"async\" width=\"300\" height=\"225\" data-id=\"38103\" src=\"https:\/\/atecordoba.org\/wp-content\/uploads\/2023\/08\/364081941_674759491340635_1058463940117750084_n-300x225-1.jpg\" alt=\"\" class=\"wp-image-38103\" \/><\/a><\/figure>\n\n\n\n<figure class=\"wp-block-image size-large\"><a href=\"https:\/\/atecordoba.org\/wp-content\/uploads\/2023\/08\/364063680_674759564673961_4912850079475418070_n-300x225-1.jpg\" target=\"_blank\" rel=\"noopener\"><img loading=\"lazy\" decoding=\"async\" width=\"300\" height=\"225\" data-id=\"38104\" src=\"https:\/\/atecordoba.org\/wp-content\/uploads\/2023\/08\/364063680_674759564673961_4912850079475418070_n-300x225-1.jpg\" alt=\"\" class=\"wp-image-38104\" \/><\/a><\/figure>\n<\/figure>\n\n\n\n<p>Desde la Lista Verde y Violeta hab\u00edan convocado ayer a la ma\u00f1ana a una asamblea con las trabajadoras y trabajadores agremiados a ATE en la F\u00e1brica Militar Villa Mar\u00eda, encuentro que cont\u00f3 con la presencia del Secretario General de ATE y la CTA Aut\u00f3noma C\u00f3rdoba, Federico Giuliani.<\/p>\n\n\n\n<p>Lamentablemente no se pudo hablar en el marco de respeto b\u00e1sico por las actitudes antidemocr\u00e1ticas del sector que representa Fernando Mercado, de la Verde y Turquesa, quien, con actitudes patoteriles, quiso impedir el debate con acciones violentas incluso hacia las compa\u00f1eras.<\/p>\n\n\n\n<p>\u201cEstamos demostrando en los hechos que ese modelo sindical bur\u00f3crata y entreguista de Mercado y compa\u00f1\u00eda no es el que queremos en el Consejo Directivo Provincial de ATE C\u00f3rdoba ni en Villa Mar\u00eda. Por eso vamos a dar la disputa el pr\u00f3ximo 9 de agosto en las elecciones para recuperar la Seccional\u201d, afirm\u00f3 Giuliani.<\/p>\n\n\n\n<p>\u201cEl nerviosismo de los violentos da cuenta de su debilidad: ATE est\u00e1 cambiando en toda la provincia y lo saben. Vamos por m\u00e1s libertad y democracia sindical a construir el sindicato aut\u00f3nomo, combativo, plural, que luche por los derechos de los estatales municipales, provinciales y nacionales\u201d, finaliz\u00f3.<\/p>\n\n\n\n<p><strong>Repudio desde G\u00e9neros y Diversidades<\/strong><\/p>\n\n\n\n<p>\u201cDesde el espacio de G\u00e9neros y Diversidades de la Verde y Violeta de ATE C\u00f3rdoba y ATE Villa Mar\u00eda, repudiamos el accionar violento dirigido hacia nuestras candidatas a la Secretaria Adjunta de la Seccional Villa Mar\u00eda, Fabiana Pacheco, y a Secretaria Adjunta del Consejo Directivo Provincial (CDP), Gabriela Alcoba.<\/p>\n\n\n\n<p>\u201cEstos hechos ocurrieron en el d\u00eda de la fecha (por ayer), mientras nuestras compa\u00f1eras -junto a un grupo de militantes de nuestra Lista- realizaban una visita a la F\u00e1brica Militar de Villa Mar\u00eda. Fue en ese contexto en que personas que responden a Fernando Mercado (Secretario General de la Seccional Villa Mar\u00eda y candidato a Secretario General a nivel provincial por la Lista Verde y Turquesa) violentaron no s\u00f3lo verbalmente sino tambi\u00e9n f\u00edsicamente, ya que empujaron a Fabiana mientras ella se acercaba a pedirles respeto por los grupos e insultos que este grupo violento les propinaba.<\/p>\n\n\n\n<figure class=\"wp-block-gallery has-nested-images columns-default is-cropped wp-block-gallery-2 is-layout-flex wp-block-gallery-is-layout-flex\">\n<figure class=\"wp-block-image size-large\"><a href=\"https:\/\/atecordoba.org\/wp-content\/uploads\/2023\/08\/364130825_674759448007306_398975635667051720_n-300x225-1.jpg\" target=\"_blank\" rel=\"noopener\"><img loading=\"lazy\" decoding=\"async\" width=\"300\" height=\"225\" data-id=\"38106\" src=\"https:\/\/atecordoba.org\/wp-content\/uploads\/2023\/08\/364130825_674759448007306_398975635667051720_n-300x225-1.jpg\" alt=\"\" class=\"wp-image-38106\" \/><\/a><\/figure>\n\n\n\n<figure class=\"wp-block-image size-large\"><a href=\"https:\/\/atecordoba.org\/wp-content\/uploads\/2023\/08\/363388180_674759434673974_8365565223326414927_n-300x225-1.jpg\" target=\"_blank\" rel=\"noopener\"><img loading=\"lazy\" decoding=\"async\" width=\"300\" height=\"225\" data-id=\"38105\" src=\"https:\/\/atecordoba.org\/wp-content\/uploads\/2023\/08\/363388180_674759434673974_8365565223326414927_n-300x225-1.jpg\" alt=\"\" class=\"wp-image-38105\" \/><\/a><\/figure>\n<\/figure>\n\n\n\n<p>\u201cQueremos llamar la atenci\u00f3n especialmente sobre los ataques a Pacheco por parte de Mercado qui\u00e9n, en complicidad con la Direcci\u00f3n del PAMI y UPCN, persigue a nuestra compa\u00f1era en su trabajo.<\/p>\n\n\n\n<p>\u201cDesde nuestro espacio venimos construyendo el protagonismo de las mujeres y nuestra participaci\u00f3n pol\u00edtica justamente porque queremos terminar con estas pr\u00e1cticas patriarcales y avanzar en los mecanismos democr\u00e1ticos.<\/p>\n\n\n\n<p>\u201cEstos hechos muestran una vez m\u00e1s la diferencia entre dos modelos: En nuestro gremio les decimos a los violentos Nunca M\u00e1s y vamos a seguir apostando a construir un gremio con mayor participaci\u00f3n de las mujeres porque el sindicalismo ser\u00e1 con nosotras, o no ser\u00e1\u201d.<\/p>\n\n\n\n<p><strong>La fuerza de la organizaci\u00f3n<\/strong><\/p>\n\n\n<div class=\"wp-block-image\">\n<figure class=\"alignleft size-full\"><img loading=\"lazy\" decoding=\"async\" width=\"300\" height=\"205\" src=\"https:\/\/atecordoba.org\/wp-content\/uploads\/2023\/08\/363360649_10160871088894805_7782532173795824241_n-300x205-1.jpg\" alt=\"\" class=\"wp-image-38107\" \/><\/figure>\n<\/div>\n\n\n<p>Luego del papel\u00f3n protagonizado por Mercado y compa\u00f1\u00eda en la F\u00e1brica Militar de P\u00f3lvoras y Explosivos de Villa Mar\u00eda, la comitiva de la Lista Verde y Violeta continu\u00f3 con sus actividades.<\/p>\n\n\n\n<p>Encabezados por Federico Giuliani estuvieron en la sede del PAMI llevando las propuestas de La Verde de Germ\u00e1n junto a la referenta en el organismo y candidata a Secretar\u00eda Adjunta en la Seccional este pr\u00f3ximo 9 de agosto, Fabiana Pacheco.<\/p>\n\n\n\n<p>Por la tarde noche, en la actividad de cierre de campa\u00f1a en el local de Uni\u00f3n El\u00e9ctrica de Villa Nueva, hubo una ronda de palabras, chorip\u00e1n y debate con la compa\u00f1erada de La Verde y Violeta de Villa Mar\u00eda.<\/p>\n\n\n\n<p>\u201cHermoso grupo que le mete m\u00edstica y humanidad a la militancia para recuperar la hist\u00f3rica Seccional. Vamos caminando\u201d, expres\u00f3 Giuliani.<\/p>\n\n\n\n<p>En ese marco, se realiz\u00f3 un merecido reconocimiento a la compa\u00f1era Teresa Cuello de Bell Ville, referenta de los y las jubiladas de la Lista Verde y Violeta.<\/p>\n\n\n\n<p>Convencidos que es hora de un cambio generacional y de modelo sindical en una Seccional anestesiada por la inoperancia de su dirigencia, las compa\u00f1eras y compa\u00f1eros de Villa Mar\u00eda apuestan a la fuerza de la organizaci\u00f3n para dar la disputa y participar de la contienda electoral de este 9 de agosto. Acto fundamental de la democracia sindical que los adictos al matonismo no podr\u00e1n frenar.<\/p>\n\n\n\n<figure class=\"wp-block-gallery has-nested-images columns-default is-cropped wp-block-gallery-3 is-layout-flex wp-block-gallery-is-layout-flex\">\n<figure class=\"wp-block-image size-large\"><img loading=\"lazy\" decoding=\"async\" width=\"300\" height=\"169\" data-id=\"38108\" src=\"https:\/\/atecordoba.org\/wp-content\/uploads\/2023\/08\/363393402_10160871379199805_7417552933032220276_n-300x169-1.jpg\" alt=\"\" class=\"wp-image-38108\" \/><\/figure>\n\n\n\n<figure class=\"wp-block-image size-large\"><img loading=\"lazy\" decoding=\"async\" width=\"300\" height=\"157\" data-id=\"38109\" src=\"https:\/\/atecordoba.org\/wp-content\/uploads\/2023\/08\/364075055_10160871296119805_1462278070816038436_n-300x157-1.jpg\" alt=\"\" class=\"wp-image-38109\" \/><\/figure>\n\n\n\n<figure class=\"wp-block-image size-large\"><img loading=\"lazy\" decoding=\"async\" width=\"300\" height=\"157\" data-id=\"38110\" src=\"https:\/\/atecordoba.org\/wp-content\/uploads\/2023\/08\/365127363_10160871296134805_6149748856042030025_n-300x157-1.jpg\" alt=\"\" class=\"wp-image-38110\" \/><\/figure>\n<\/figure>\n","protected":false},"excerpt":{"rendered":"<p>Hace a\u00f1os que est\u00e1n recluidos en la Seccional de ATE Villa Mar\u00eda haciendo un sindicato peque\u00f1o, burocr\u00e1tico, corporativo, de escritorio, que niega el debate y la participaci\u00f3n de los afiliados y promueve \u201caprietes\u201d a los compa\u00f1eros y compa\u00f1eras que se oponen a estas pr\u00e1cticas nefastas, m\u00e1s propias de \u00e9pocas oscuras. Dicen ser \u201cdemocr\u00e1ticos\u201d pero desde [&hellip;]<\/p>\n","protected":false},"author":7,"featured_media":38104,"comment_status":"open","ping_status":"open","sticky":false,"template":"","format":"standard","meta":{"_exactmetrics_skip_tracking":false,"_exactmetrics_sitenote_active":false,"_exactmetrics_sitenote_note":"","_exactmetrics_sitenote_category":0,"jnews-multi-image_gallery":[],"jnews_single_post":{"subtitle":"Este jueves volvieron a demostrar su rostro violento e intolerante irrumpiendo en una asamblea de la Verde y Violeta convocada en el Play\u00f3n de la F\u00e1brica Militar. Lo hicieron en manada, a los gritos y empujones a las compa\u00f1eras, sin otro argumento que el de hacer callar por la fuerza a los que piensan y, sobre todo, act\u00faan distinto.","format":"standard","video":"","gallery":"","source_name":"","source_url":"","via_name":"","via_url":"","override_template":"0","override":[{"template":"1","single_blog_custom":"","parallax":"1","fullscreen":"1","layout":"no-sidebar-narrow","sidebar":"default-sidebar","second_sidebar":"default-sidebar","sticky_sidebar":"1","share_position":"bottom","share_float_style":"share-monocrhome","show_share_counter":"1","show_view_counter":"1","show_featured":"0","show_post_meta":"1","show_post_author":"0","show_post_author_image":"1","show_post_date":"1","post_date_format":"default","post_date_format_custom":"Y\/m\/d","show_post_category":"1","show_post_reading_time":"0","post_reading_time_wpm":"300","show_zoom_button":"0","zoom_button_out_step":"2","zoom_button_in_step":"3","show_post_tag":"1","show_prev_next_post":"0","show_popup_post":"0","number_popup_post":"1","show_author_box":"0","show_post_related":"1","show_inline_post_related":"0"}],"override_image_size":"0","image_override":[{"single_post_thumbnail_size":"crop-500","single_post_gallery_size":"crop-500"}],"trending_post":"0","trending_post_position":"meta","trending_post_label":"Trending","sponsored_post":"0","sponsored_post_label":"Sponsored by","sponsored_post_name":"","sponsored_post_url":"","sponsored_post_logo_enable":"0","sponsored_post_logo":"","sponsored_post_desc":"","disable_ad":"0"},"jnews_primary_category":{"id":"","hide":""},"jnews_social_meta":{"fb_title":"","fb_description":"","fb_image":"","twitter_title":"","twitter_description":"","twitter_image":""},"jnews_review":[],"enable_review":"0","type":"percentage","name":"","summary":"","brand":"","sku":"","good":[{"good_text":""}],"bad":[{"bad_text":""}],"score_override":"","override_value":"","rating":[{"rating_text":"","rating_number":"10"}],"price":[{"shop":"","price":"","link":"","icon":""}],"jnews_override_counter":{"override_view_counter":"0","view_counter_number":"0","override_share_counter":"0","share_counter_number":"0","override_like_counter":"0","like_counter_number":"0","override_dislike_counter":"0","dislike_counter_number":"0"},"jnews_post_split":{"enable_post_split":"0","post_split":[{"template":"1","tag":"h2","numbering":"asc","mode":"normal","first":"0","enable_toc":"0","toc_type":"normal"}]},"footnotes":""},"categories":[14],"tags":[],"class_list":["post-38101","post","type-post","status-publish","format-standard","has-post-thumbnail","hentry","category-villa-maria"],"jetpack_featured_media_url":"https:\/\/atecordoba.org\/wp-content\/uploads\/2023\/08\/364063680_674759564673961_4912850079475418070_n-300x225-1.jpg","_links":{"self":[{"href":"https:\/\/atecordoba.org\/index.php?rest_route=\/wp\/v2\/posts\/38101","targetHints":{"allow":["GET"]}}],"collection":[{"href":"https:\/\/atecordoba.org\/index.php?rest_route=\/wp\/v2\/posts"}],"about":[{"href":"https:\/\/atecordoba.org\/index.php?rest_route=\/wp\/v2\/types\/post"}],"author":[{"embeddable":true,"href":"https:\/\/atecordoba.org\/index.php?rest_route=\/wp\/v2\/users\/7"}],"replies":[{"embeddable":true,"href":"https:\/\/atecordoba.org\/index.php?rest_route=%2Fwp%2Fv2%2Fcomments&post=38101"}],"version-history":[{"count":2,"href":"https:\/\/atecordoba.org\/index.php?rest_route=\/wp\/v2\/posts\/38101\/revisions"}],"predecessor-version":[{"id":38114,"href":"https:\/\/atecordoba.org\/index.php?rest_route=\/wp\/v2\/posts\/38101\/revisions\/38114"}],"wp:featuredmedia":[{"embeddable":true,"href":"https:\/\/atecordoba.org\/index.php?rest_route=\/wp\/v2\/media\/38104"}],"wp:attachment":[{"href":"https:\/\/atecordoba.org\/index.php?rest_route=%2Fwp%2Fv2%2Fmedia&parent=38101"}],"wp:term":[{"taxonomy":"category","embeddable":true,"href":"https:\/\/atecordoba.org\/index.php?rest_route=%2Fwp%2Fv2%2Fcategories&post=38101"},{"taxonomy":"post_tag","embeddable":true,"href":"https:\/\/atecordoba.org\/index.php?rest_route=%2Fwp%2Fv2%2Ftags&post=38101"}],"curies":[{"name":"wp","href":"https:\/\/api.w.org\/{rel}","templated":true}]}}